{"id":192903,"date":"2025-11-14T22:05:06","date_gmt":"2025-11-14T20:05:06","guid":{"rendered":"https:\/\/serbiantimes.info\/en\/?p=192903"},"modified":"2025-11-14T22:05:07","modified_gmt":"2025-11-14T20:05:07","slug":"tragedy-in-croatia-turkish-pilot-who-survived-a-plane-crash-three-months-ago-killed-in-new-accident-video","status":"publish","type":"post","link":"https:\/\/serbiantimes.info\/en\/tragedy-in-croatia-turkish-pilot-who-survived-a-plane-crash-three-months-ago-killed-in-new-accident-video\/","title":{"rendered":"TRAGEDY IN CROATIA: Turkish pilot who survived a plane crash three months ago killed in new accident! (VIDEO)"},"content":{"rendered":"\n<p>Near the Croatian town of Senj, an Air Tractor AT-802 aircraft crashed yesterday while on a circular flight between Rijeka and Zagreb, the Civil Protection Directorate of the Republic of Croatia reported.<\/p>\n\n\n\n<p>The crash claimed the life of 45-year-old pilot Hasan Bahar. Bahar was known to the public as the pilot who survived the crash of a firefighting aircraft on August 29 this year in the Jata\u011fan district of Mu\u011fla Province in northwestern Turkey.<\/p>\n\n\n\n<p>Civil Protection received a report about the aircraft disappearing from radar at 16:53 from Croatian Air Traffic Control, while at 17:11 information arrived that the plane had crashed and that a fire had broken out.<\/p>\n\n\n\n<figure class=\"wp-block-embed is-type-video is-provider-youtube wp-block-embed-youtube wp-embed-aspect-16-9 wp-has-aspect-ratio\"><div class=\"wp-block-embed__wrapper\">\n<iframe loading=\"lazy\" title=\"H\u0131rvatistan&#039;da \u015eehit Olan Pilotun 2 Ay \u00d6nce U\u00e7ak Kazas\u0131 Ge\u00e7irdi\u011fi Ortaya \u00c7\u0131kt\u0131 | NTV\" width=\"500\" height=\"281\" src=\"https:\/\/www.youtube.com\/embed\/SzmSf1B67UY?feature=oembed\" frameborder=\"0\" allow=\"accelerometer; autoplay; clipboard-write; encrypted-media; gyroscope; picture-in-picture; web-share\" referrerpolicy=\"strict-origin-when-cross-origin\" allowfullscreen><\/iframe>\n<\/div><\/figure>\n\n\n\n<p>Rescue teams quickly reached the crash site. The fire was contained at 18:00, when firefighters found the carbonized body of the pilot. According to unofficial information, two Turkish Air Tractors were flying from Rijeka toward Zagreb, but turned back due to dense fog. One aircraft managed to land at the airport on Krk, while the other disappeared from radar.<\/p>\n\n\n\n<p>The chief aviation accident investigator, Danko Petrin, stated that this was a working aircraft of the type frequently used by the Croatian military during firefighting operations.<\/p>\n\n\n\n<p>The 24sata.hr portal reports that firefighters found the wreckage of the plane not far from a local school.<\/p>\n\n\n\n<p>The investigation showed that the pilot had issued a distress call \u2014 the so-called \u201cEmergency\u201d signal \u2014 shortly before the crash, after which the aircraft soon disappeared from radar.<\/p>\n\n\n\n<h4 class=\"wp-block-heading\"><mark style=\"background-color:#FFFFFF;color:#d21414\" class=\"has-inline-color\">MORE TOPICS:<\/mark><\/h4>\n\n\n\n<p><strong><a href=\"https:\/\/serbiantimes.info\/en\/we-must-not-allow-new-victims-medical-science-students-called-on-dijana-hrka-to-suspend-her-hunger-strike\/\" target=\"_blank\" rel=\"noopener\" title=\"\">\u201cWE MUST NOT ALLOW NEW VICTIMS\u201d: Medical science students called on Dijana Hrka to suspend her hunger strike!<\/a><\/strong><\/p>\n\n\n\n<p><strong><a href=\"https:\/\/serbiantimes.info\/en\/state-department-says-removing-russian-control-over-nis-increases-serbias-energy-security\/\" target=\"_blank\" rel=\"noopener\" title=\"\">STATE DEPARTMENT SAYS: \u201cRemoving Russian control over NIS increases Serbia\u2019s energy security\u201d<\/a><\/strong><\/p>\n\n\n\n<p><strong><a href=\"https:\/\/serbiantimes.info\/en\/the-serbian-is-the-world-champion-jovan-cvetanovic-defeated-the-frenchman-in-the-final-and-won-gold-in-jiu-jitsu\/\" target=\"_blank\" rel=\"noopener\" title=\"\">THE SERBIAN IS THE WORLD CHAMPION: Jovan Cvetanovi\u0107 defeated the Frenchman in the final and won gold in jiu-jitsu!<\/a><\/strong><\/p>\n\n\n\n<p><strong><a href=\"https:\/\/serbiantimes.info\/en\/professor-joler-resigned-after-20-years-due-to-police-repression-and-violation-of-autonomy-he-left-the-novi-sad-academy-of-arts\/\" target=\"_blank\" rel=\"noopener\" title=\"\">PROFESSOR JOLER RESIGNED AFTER 20 YEARS: Due to police repression and violation of autonomy, he left the Novi Sad Academy of Arts!<\/a><\/strong><\/p>\n\n\n\n<p><strong><a href=\"https:\/\/serbiantimes.info\/en\/today-is-the-holy-unmercenary-healers-day-on-this-day-it-is-good-to-do-heavy-work-be-sure-to-read-this-prayer-for-healing\/\" target=\"_blank\" rel=\"noopener\" title=\"\">TODAY IS THE HOLY UNMERCENARY HEALERS DAY: On this day, it is good to do heavy work, be sure to read this prayer for healing!<\/a><\/strong><\/p>\n\n\n\n<p><strong>Source:&nbsp;<\/strong><a href=\"https:\/\/www.portalanalitika.me\/clanak\/hrvatska-u-nesreci-poginuo-turski-pilot-koji-je-prije-tri-mjeseca-prezivio-pad-aviona\" target=\"_blank\" rel=\"noopener\" title=\"\">Portal analitika<\/a>, <strong>Foto: <\/strong>JVP SINJ ; Printscreen Facebook<\/p>\n\n\n\n<p><\/p>\n","protected":false},"excerpt":{"rendered":"<p>Near the Croatian town of Senj, an Air Tractor AT-802 aircraft crashed yesterday while on a circular flight between Rijeka and Zagreb, the Civil Protection Directorate of the Republic of Croatia reported. The crash claimed the life of 45-year-old pilot Hasan Bahar. Bahar was known to the public as the pilot who survived the crash [&hellip;]<\/p>\n","protected":false},"author":2169,"featured_media":192904,"comment_status":"open","ping_status":"open","sticky":false,"template":"","format":"standard","meta":{"newspack_featured_image_position":"","newspack_post_subtitle":"","newspack_article_summary_title":"Overview:","newspack_article_summary":"","newspack_hide_updated_date":false,"newspack_show_updated_date":false,"footnotes":""},"categories":[8],"tags":[116,9566,117,5126,262,879],"class_list":["post-192903","post","type-post","status-publish","format-standard","has-post-thumbnail","hentry","category-balkan","tag-balkan","tag-hasan-bahar","tag-hrvatska","tag-pad-aviona","tag-tragedija","tag-turska","entry"],"aioseo_notices":[],"distributor_meta":false,"distributor_terms":false,"distributor_media":false,"distributor_original_site_name":"Serbiantimes.info EN","distributor_original_site_url":"https:\/\/serbiantimes.info\/en","push-errors":false,"_links":{"self":[{"href":"https:\/\/serbiantimes.info\/en\/wp-json\/wp\/v2\/posts\/192903","targetHints":{"allow":["GET"]}}],"collection":[{"href":"https:\/\/serbiantimes.info\/en\/wp-json\/wp\/v2\/posts"}],"about":[{"href":"https:\/\/serbiantimes.info\/en\/wp-json\/wp\/v2\/types\/post"}],"author":[{"embeddable":true,"href":"https:\/\/serbiantimes.info\/en\/wp-json\/wp\/v2\/users\/2169"}],"replies":[{"embeddable":true,"href":"https:\/\/serbiantimes.info\/en\/wp-json\/wp\/v2\/comments?post=192903"}],"version-history":[{"count":2,"href":"https:\/\/serbiantimes.info\/en\/wp-json\/wp\/v2\/posts\/192903\/revisions"}],"predecessor-version":[{"id":192927,"href":"https:\/\/serbiantimes.info\/en\/wp-json\/wp\/v2\/posts\/192903\/revisions\/192927"}],"wp:featuredmedia":[{"embeddable":true,"href":"https:\/\/serbiantimes.info\/en\/wp-json\/wp\/v2\/media\/192904"}],"wp:attachment":[{"href":"https:\/\/serbiantimes.info\/en\/wp-json\/wp\/v2\/media?parent=192903"}],"wp:term":[{"taxonomy":"category","embeddable":true,"href":"https:\/\/serbiantimes.info\/en\/wp-json\/wp\/v2\/categories?post=192903"},{"taxonomy":"post_tag","embeddable":true,"href":"https:\/\/serbiantimes.info\/en\/wp-json\/wp\/v2\/tags?post=192903"}],"curies":[{"name":"wp","href":"https:\/\/api.w.org\/{rel}","templated":true}]}}