{"id":192892,"date":"2025-11-14T15:28:38","date_gmt":"2025-11-14T13:28:38","guid":{"rendered":"https:\/\/serbiantimes.info\/en\/?p=192892"},"modified":"2025-11-14T15:28:43","modified_gmt":"2025-11-14T13:28:43","slug":"stimac-on-the-ban-on-attending-public-gatherings-when-your-conscience-is-clear-the-only-thing-this-traitor-can-do-is-take-you-off-the-street","status":"publish","type":"post","link":"https:\/\/serbiantimes.info\/en\/stimac-on-the-ban-on-attending-public-gatherings-when-your-conscience-is-clear-the-only-thing-this-traitor-can-do-is-take-you-off-the-street\/","title":{"rendered":"\u0160TIMAC ON THE BAN ON ATTENDING PUBLIC GATHERINGS: &#8220;When your conscience is clear, the only thing this traitor can do is take you off the street&#8221;"},"content":{"rendered":"\n<p><strong>&#8220;My constitutional rights to expression were violated in many ways even before this disgraceful decision,&#8221; said Vladimir \u0160timac, after the High Court in Belgrade imposed a measure prohibiting him from approaching, meeting, or communicating with certain persons and visiting all public gatherings.<\/strong><\/p>\n\n\n\n<p>Let us recall that Vladimir \u0160timac was previously arrested on the order of the Higher Public Prosecutor&#8217;s Office in Belgrade, on suspicion of &#8220;calling for a violent change of the constitutional order.&#8221;<\/p>\n\n\n\n<p>&#8220;How rotten our judiciary is, with exceptions, shows that the appeal filed by the VJT to the High Court and the decision itself regarding my temporary measure, the ban on attending gatherings, the ban on approaching certain persons, and the obligation to report to the Palilula Ministry of the Interior every 1st and 15th of the month, were forwarded to Aleksandar Vu\u010di\u0107&#8217;s media octopus, the poisoner. This shows how small he is and how much he fears certain people and their influence, because when your conscience is clear and your intentions are right, the only thing this traitor can do is try to take you off the street,&#8221; \u0160timac wrote on X.<\/p>\n\n\n\n<blockquote class=\"twitter-tweet\"><p lang=\"und\" dir=\"ltr\">Koliko nam je trulo pravosu\u0111e, \u010dast izuzecima, pokazuje to da \u017ealba koju je VJT ulo\u017eilo Vi\u0161em sudu i sama odluka o mojoj privremenoj meri, zabrani prisustvu na skupovima, zabrani prilaska odre\u0111enim osobama i obavezi javljanja svakog 1. i 15. u mesecu u MUP Palilula, prosle\u0111eni\u2026<\/p>&mdash; Vladimir \u0160timac (@stimac15) <a href=\"https:\/\/twitter.com\/stimac15\/status\/1989304013280489862?ref_src=twsrc%5Etfw\">November 14, 2025<\/a><\/blockquote> <script async src=\"https:\/\/platform.twitter.com\/widgets.js\" charset=\"utf-8\"><\/script>\n\n\n\n<p>As he stated, the fight is still ahead, and he will never give up on the state, justice, and the people.<\/p>\n\n\n\n<p>&#8220;I didn&#8217;t know that one man could scare you so much, it&#8217;s no wonder you never dare to go into a political TV duel with anyone, because you are the greatest traitor and arch-traitor of this nation and state. My constitutional rights to expression were violated in many ways even before this disgraceful decision, but now you have gone one step further. You are already a political past, and all your subjects must realize that. I will not give up the legal fight, be sure of that,&#8221; \u0160timac added.<\/p>\n\n\n\n<h4 class=\"wp-block-heading\"><mark style=\"background-color:#FFFFFF;color:#d21414\" class=\"has-inline-color\">MORE TOPICS:<\/mark><\/h4>\n\n\n\n<p><strong><a href=\"https:\/\/serbiantimes.info\/en\/we-must-not-allow-new-victims-medical-science-students-called-on-dijana-hrka-to-suspend-her-hunger-strike\/\" target=\"_blank\" rel=\"noopener\" title=\"\">\u201cWE MUST NOT ALLOW NEW VICTIMS\u201d: Medical science students called on Dijana Hrka to suspend her hunger strike!<\/a><\/strong><\/p>\n\n\n\n<p><strong><a href=\"https:\/\/serbiantimes.info\/en\/state-department-says-removing-russian-control-over-nis-increases-serbias-energy-security\/\" target=\"_blank\" rel=\"noopener\" title=\"\">STATE DEPARTMENT SAYS: \u201cRemoving Russian control over NIS increases Serbia\u2019s energy security\u201d<\/a><\/strong><\/p>\n\n\n\n<p><strong><a href=\"https:\/\/serbiantimes.info\/en\/the-serbian-is-the-world-champion-jovan-cvetanovic-defeated-the-frenchman-in-the-final-and-won-gold-in-jiu-jitsu\/\" target=\"_blank\" rel=\"noopener\" title=\"\">THE SERBIAN IS THE WORLD CHAMPION: Jovan Cvetanovi\u0107 defeated the Frenchman in the final and won gold in jiu-jitsu!<\/a><\/strong><\/p>\n\n\n\n<p><strong><a href=\"https:\/\/serbiantimes.info\/en\/professor-joler-resigned-after-20-years-due-to-police-repression-and-violation-of-autonomy-he-left-the-novi-sad-academy-of-arts\/\" target=\"_blank\" rel=\"noopener\" title=\"\">PROFESSOR JOLER RESIGNED AFTER 20 YEARS: Due to police repression and violation of autonomy, he left the Novi Sad Academy of Arts!<\/a><\/strong><\/p>\n\n\n\n<p><strong><a href=\"https:\/\/serbiantimes.info\/en\/today-is-the-holy-unmercenary-healers-day-on-this-day-it-is-good-to-do-heavy-work-be-sure-to-read-this-prayer-for-healing\/\" target=\"_blank\" rel=\"noopener\" title=\"\">TODAY IS THE HOLY UNMERCENARY HEALERS DAY: On this day, it is good to do heavy work, be sure to read this prayer for healing!<\/a><\/strong><\/p>\n\n\n\n<p><strong>Source:\u00a0<\/strong>N1, <strong>Photo:<\/strong> M.M. \/ ATAImages<\/p>\n","protected":false},"excerpt":{"rendered":"<p>&#8220;My constitutional rights to expression were violated in many ways even before this disgraceful decision,&#8221; said Vladimir \u0160timac, after the High Court in Belgrade imposed a measure prohibiting him from approaching, meeting, or communicating with certain persons and visiting all public gatherings. Let us recall that Vladimir \u0160timac was previously arrested on the order of [&hellip;]<\/p>\n","protected":false},"author":2169,"featured_media":192893,"comment_status":"open","ping_status":"open","sticky":false,"template":"","format":"standard","meta":{"newspack_featured_image_position":"","newspack_post_subtitle":"","newspack_article_summary_title":"Overview:","newspack_article_summary":"","newspack_hide_updated_date":false,"newspack_show_updated_date":false,"footnotes":""},"categories":[7],"tags":[856,249,876,1543,674,91,113,259,9441,3003],"class_list":["post-192892","post","type-post","status-publish","format-standard","has-post-thumbnail","hentry","category-serbia","tag-aleksandar-vucic","tag-kosarka-2","tag-politika","tag-presuda","tag-protesti","tag-sport","tag-srbija","tag-sud","tag-vladimir-stimac","tag-zabrana","entry"],"aioseo_notices":[],"distributor_meta":false,"distributor_terms":false,"distributor_media":false,"distributor_original_site_name":"Serbiantimes.info EN","distributor_original_site_url":"https:\/\/serbiantimes.info\/en","push-errors":false,"_links":{"self":[{"href":"https:\/\/serbiantimes.info\/en\/wp-json\/wp\/v2\/posts\/192892","targetHints":{"allow":["GET"]}}],"collection":[{"href":"https:\/\/serbiantimes.info\/en\/wp-json\/wp\/v2\/posts"}],"about":[{"href":"https:\/\/serbiantimes.info\/en\/wp-json\/wp\/v2\/types\/post"}],"author":[{"embeddable":true,"href":"https:\/\/serbiantimes.info\/en\/wp-json\/wp\/v2\/users\/2169"}],"replies":[{"embeddable":true,"href":"https:\/\/serbiantimes.info\/en\/wp-json\/wp\/v2\/comments?post=192892"}],"version-history":[{"count":2,"href":"https:\/\/serbiantimes.info\/en\/wp-json\/wp\/v2\/posts\/192892\/revisions"}],"predecessor-version":[{"id":192895,"href":"https:\/\/serbiantimes.info\/en\/wp-json\/wp\/v2\/posts\/192892\/revisions\/192895"}],"wp:featuredmedia":[{"embeddable":true,"href":"https:\/\/serbiantimes.info\/en\/wp-json\/wp\/v2\/media\/192893"}],"wp:attachment":[{"href":"https:\/\/serbiantimes.info\/en\/wp-json\/wp\/v2\/media?parent=192892"}],"wp:term":[{"taxonomy":"category","embeddable":true,"href":"https:\/\/serbiantimes.info\/en\/wp-json\/wp\/v2\/categories?post=192892"},{"taxonomy":"post_tag","embeddable":true,"href":"https:\/\/serbiantimes.info\/en\/wp-json\/wp\/v2\/tags?post=192892"}],"curies":[{"name":"wp","href":"https:\/\/api.w.org\/{rel}","templated":true}]}}