{"id":192727,"date":"2025-11-13T15:59:05","date_gmt":"2025-11-13T13:59:05","guid":{"rendered":"https:\/\/serbiantimes.info\/en\/?p=192727"},"modified":"2025-11-13T15:59:06","modified_gmt":"2025-11-13T13:59:06","slug":"young-serbian-taekwondo-athletes-shined-in-athens-won-six-medals-at-the-european-championship","status":"publish","type":"post","link":"https:\/\/serbiantimes.info\/en\/young-serbian-taekwondo-athletes-shined-in-athens-won-six-medals-at-the-european-championship\/","title":{"rendered":"YOUNG SERBIAN TAEKWONDO ATHLETES SHINED IN ATHENS: Won six medals at the European Championship!"},"content":{"rendered":"\n<p>Young Serbian taekwondo athletes achieved great success by winning six medals at the Pioneer European Championship in Greece.<\/p>\n\n\n\n<p>Gold medals in Athens were claimed by David Milankovi\u0107 (40kg, TK Sparta), Ilija Vukadinovi\u0107 (44kg, TK Herkules), and Andrej Lintner (57kg, TK Herkules), while bronze medals were won by Vanja Nakarada (27kg, TK Imperium Pazova), \u0110ur\u0111a Vidakovi\u0107 (36kg, TK Broj 1), and Ma\u0161a Suboti\u0107 (40kg, TK Elit).<\/p>\n\n\n\n<p>The result becomes even more significant considering that the European Championship for competitors under 12 years of age featured 388 fighters from 27 countries.<\/p>\n\n\n\n<h4 class=\"wp-block-heading\"><mark style=\"background-color:#FFFFFF;color:#d21414\" class=\"has-inline-color\">MORE TOPICS:<\/mark><\/h4>\n\n\n\n<p><strong><a href=\"https:\/\/serbiantimes.info\/en\/a-man-who-touched-human-hearts-dokovic-revealed-what-he-would-like-to-be-written-on-his-monument\/\" target=\"_blank\" rel=\"noopener\" title=\"\">\u201cA MAN WHO TOUCHED HUMAN HEARTS\u201d: \u0110okovi\u0107 revealed what he would like to be written on his monument!<\/a><\/strong><\/p>\n\n\n\n<p><strong><a href=\"https:\/\/serbiantimes.info\/en\/bojovic-released-on-bail-the-policeman-arrested-in-chicago-is-awaiting-a-decision-on-deportation\/\" target=\"_blank\" rel=\"noopener\" title=\"\">BOJOVI\u0106 RELEASED ON BAIL: The policeman arrested in Chicago is awaiting a decision on deportation!<\/a><\/strong><\/p>\n\n\n\n<p><strong><a href=\"https:\/\/serbiantimes.info\/en\/dijana-hrkas-condition-is-getting-worse-ambulance-came-twice-citizens-are-applauding-her-and-calling-her-name\/\" target=\"_blank\" rel=\"noopener\" title=\"\">DIJANA HRKA\u2019S CONDITION IS GETTING WORSE: Ambulance came twice, citizens are applauding her and calling her name!<\/a><\/strong><\/p>\n\n\n\n<p><strong><a href=\"https:\/\/serbiantimes.info\/en\/so-far-150-names-found-zoran-has-been-preserving-the-memory-of-unknown-heroes-from-the-thessaloniki-front-on-kajmakcalan-for-decades\/\" target=\"_blank\" rel=\"noopener\" title=\"\">SO FAR 150 NAMES FOUND: Zoran has been preserving the memory of unknown heroes from the Thessaloniki front on Kajmak\u010dalan for decades!<\/a><\/strong><\/p>\n\n\n\n<p><strong><a href=\"https:\/\/serbiantimes.info\/en\/the-guardian-on-protests-due-to-the-general-staff-by-adopting-this-law-vucic-wants-to-please-trump-and-gain-favor\/\" target=\"_blank\" rel=\"noopener\" title=\"\">THE GUARDIAN ON PROTESTS DUE TO THE GENERAL STAFF: \u201cBy adopting this law, Vu\u010di\u0107 wants to please Trump and gain favor\u201d<\/a><\/strong><\/p>\n\n\n\n<p><strong><strong>Source<\/strong><\/strong>: <strong>&nbsp;<\/strong><a href=\"https:\/\/www.zurnal.rs\/sr\/clanak\/230207\/miks\/borilacki-sportovi\/srpska-deca-iz-atine-stizu-sa-sest-evropskih-medalja\" target=\"_blank\" rel=\"noopener\" title=\"\">Sportski \u017eurnal<\/a>, <strong>Foto:<\/strong> Privatna arhiva<\/p>\n\n\n\n<p><\/p>\n","protected":false},"excerpt":{"rendered":"<p>Young Serbian taekwondo athletes achieved great success by winning six medals at the Pioneer European Championship in Greece. Gold medals in Athens were claimed by David Milankovi\u0107 (40kg, TK Sparta), Ilija Vukadinovi\u0107 (44kg, TK Herkules), and Andrej Lintner (57kg, TK Herkules), while bronze medals were won by Vanja Nakarada (27kg, TK Imperium Pazova), \u0110ur\u0111a Vidakovi\u0107 [&hellip;]<\/p>\n","protected":false},"author":2169,"featured_media":192728,"comment_status":"open","ping_status":"open","sticky":false,"template":"","format":"standard","meta":{"newspack_featured_image_position":"","newspack_post_subtitle":"","newspack_article_summary_title":"Overview:","newspack_article_summary":"","newspack_hide_updated_date":false,"newspack_show_updated_date":false,"footnotes":""},"categories":[10],"tags":[2390,2391,1926,91,113,619,7754],"class_list":["post-192727","post","type-post","status-publish","format-standard","has-post-thumbnail","hentry","category-sport","tag-atina","tag-evropsko-prvenstvo","tag-grcka","tag-sport","tag-srbija","tag-takmicenje","tag-tekvondo","entry"],"aioseo_notices":[],"distributor_meta":false,"distributor_terms":false,"distributor_media":false,"distributor_original_site_name":"Serbiantimes.info EN","distributor_original_site_url":"https:\/\/serbiantimes.info\/en","push-errors":false,"_links":{"self":[{"href":"https:\/\/serbiantimes.info\/en\/wp-json\/wp\/v2\/posts\/192727","targetHints":{"allow":["GET"]}}],"collection":[{"href":"https:\/\/serbiantimes.info\/en\/wp-json\/wp\/v2\/posts"}],"about":[{"href":"https:\/\/serbiantimes.info\/en\/wp-json\/wp\/v2\/types\/post"}],"author":[{"embeddable":true,"href":"https:\/\/serbiantimes.info\/en\/wp-json\/wp\/v2\/users\/2169"}],"replies":[{"embeddable":true,"href":"https:\/\/serbiantimes.info\/en\/wp-json\/wp\/v2\/comments?post=192727"}],"version-history":[{"count":3,"href":"https:\/\/serbiantimes.info\/en\/wp-json\/wp\/v2\/posts\/192727\/revisions"}],"predecessor-version":[{"id":192771,"href":"https:\/\/serbiantimes.info\/en\/wp-json\/wp\/v2\/posts\/192727\/revisions\/192771"}],"wp:featuredmedia":[{"embeddable":true,"href":"https:\/\/serbiantimes.info\/en\/wp-json\/wp\/v2\/media\/192728"}],"wp:attachment":[{"href":"https:\/\/serbiantimes.info\/en\/wp-json\/wp\/v2\/media?parent=192727"}],"wp:term":[{"taxonomy":"category","embeddable":true,"href":"https:\/\/serbiantimes.info\/en\/wp-json\/wp\/v2\/categories?post=192727"},{"taxonomy":"post_tag","embeddable":true,"href":"https:\/\/serbiantimes.info\/en\/wp-json\/wp\/v2\/tags?post=192727"}],"curies":[{"name":"wp","href":"https:\/\/api.w.org\/{rel}","templated":true}]}}