{"id":192699,"date":"2025-11-12T23:34:03","date_gmt":"2025-11-12T21:34:03","guid":{"rendered":"https:\/\/serbiantimes.info\/en\/?p=192699"},"modified":"2025-11-12T23:34:04","modified_gmt":"2025-11-12T21:34:04","slug":"repac-new-gendarmerie-commander-he-gained-fame-by-using-force-against-students-and-citizens-then-advanced","status":"publish","type":"post","link":"https:\/\/serbiantimes.info\/en\/repac-new-gendarmerie-commander-he-gained-fame-by-using-force-against-students-and-citizens-then-advanced\/","title":{"rendered":"REPAC NEW GENDARMERIE COMMANDER: He gained fame by using force against students and citizens, then advanced!"},"content":{"rendered":"\n<p><strong><em>Radoslav Repac, the former Commander of the Police Brigade, has been appointed as the Commander of the Gendarmerie. He is a police colonel whom the wider public saw on the streets during protests and is reproached for the excessive use of force against students and citizens, as well as for double standards when it comes to dealing with protesting citizens compared to supporters of the Serbian Progressive Party (SNS).<\/em><\/strong><\/p>\n\n\n\n<p>Following the appointment of Igor \u017dmiri\u0107 to the head of the Special Anti-Terrorist Unit (SAJ), it was the Gendarmerie&#8217;s turn. The current regime of Aleksandar Vu\u010di\u0107 has been facing a crisis for months, which has led to personnel changes in the Serbian police.<\/p>\n\n\n\n<p>Spasoje Vulevi\u0107, the long-time commander of the SAJ, was replaced, after which he decided to take early retirement. Vulevi\u0107 decided to take this step after being told that he was not being counted on and that President Vu\u010di\u0107 did not want to have an armed formation over which he did not have complete control.<\/p>\n\n\n\n<p>It was only a matter of days before a new commander would be appointed, and it had been speculated for some time that it would be \u017dmiri\u0107.<\/p>\n\n\n\n<h3 class=\"wp-block-heading\">Excessive Force<\/h3>\n\n\n\n<p>After the SAJ, it was time for changes in the Gendarmerie, and Radoslav Repac, whom the public often saw on the streets of Serbia in recent months, was appointed as the Commander.<\/p>\n\n\n\n<p>The public reproaches the former Commander of the Police Brigade, and now the Gendarmerie, for violating laws and regulations and for the excessive use of force against protesting students and citizens.<\/p>\n\n\n\n<p>As our portal wrote, Repac, now the former Commander of the Police Brigade, allegedly managed the police action on King Alexander Boulevard in July, when a large number of students sustained injuries during the police intervention and when, as the students announced, the autonomy of the University was violated because police officers tried to enter the building of the Faculty of Law, but were stopped by the students.<\/p>\n\n\n\n<p>The intervention started out of the blue, and numerous citizens sustained injuries.<\/p>\n\n\n\n<p>Repac also managed the last in a series of actions when members of the Police Brigade &#8220;arrested&#8221; the bus of the carrier Milomir Ja\u0107imovi\u0107, which has been driving students for months.<\/p>\n\n\n\n<h3 class=\"wp-block-heading\">Two Faces of the Law<\/h3>\n\n\n\n<p>It should also be noted that the public reproaches him for different treatment when it comes to supporters of the Serbian Progressive Party compared to protesting citizens.<\/p>\n\n\n\n<p>This is evidenced by the situation that occurred last week, when the KTV television team, including journalist Nemanja \u0160arovi\u0107, was attacked at an SNS rally.<\/p>\n\n\n\n<p>He was attacked by former handball player Vladimir Mandi\u0107, as well as the people around him; however, members of the Police Brigade did not react or detain the perpetrators, even though they even threw firecrackers at people.<\/p>\n\n\n\n<p>Another video was soon posted showing that Vladimir Repac was near the attack and also did not react.<\/p>\n\n\n\n<p>Precisely because of this, his statement from last week in front of the Assembly is inappropriate.<\/p>\n\n\n\n<p>&#8220;If we had not come here, you would have fought among yourselves. We came to separate you and them. Where we are, there is peace! Think about that. Meaning, wherever we appear, there is peace,&#8221; Repac told one of the war veterans, pointing his finger at him.<\/p>\n\n\n\n<p>However, it seems that this is not quite the case. Citizens were targeted with pyrotechnic devices in front of the members of the Police Brigade, and instead of reacting and detaining the SNS supporters, a shocking move followed \u2013 the Police Brigade arrested the people who were attacked.<\/p>\n\n\n\n<h3 class=\"wp-block-heading\">The Savamala Case<\/h3>\n\n\n\n<p>In the &#8220;Lustration File&#8221; published by the &#8220;Kreni-promeni&#8221; movement, they recalled his connection with the events in Savamala in 2016, when unknown persons wearing balaclavas demolished buildings.<\/p>\n\n\n\n<p>According to the claims of that movement, Repac was in charge of ensuring that the police did not respond to calls from citizens.<\/p>\n\n\n\n<h4 class=\"wp-block-heading\"><mark style=\"background-color:#FFFFFF;color:#d21414\" class=\"has-inline-color\">MORE TOPICS:<\/mark><\/h4>\n\n\n\n<p><strong><a href=\"https:\/\/serbiantimes.info\/en\/a-man-who-touched-human-hearts-dokovic-revealed-what-he-would-like-to-be-written-on-his-monument\/\" target=\"_blank\" rel=\"noopener\" title=\"\">\u201cA MAN WHO TOUCHED HUMAN HEARTS\u201d: \u0110okovi\u0107 revealed what he would like to be written on his monument!<\/a><\/strong><\/p>\n\n\n\n<p><strong><a href=\"https:\/\/serbiantimes.info\/en\/bojovic-released-on-bail-the-policeman-arrested-in-chicago-is-awaiting-a-decision-on-deportation\/\" target=\"_blank\" rel=\"noopener\" title=\"\">BOJOVI\u0106 RELEASED ON BAIL: The policeman arrested in Chicago is awaiting a decision on deportation!<\/a><\/strong><\/p>\n\n\n\n<p><strong><a href=\"https:\/\/serbiantimes.info\/en\/dijana-hrkas-condition-is-getting-worse-ambulance-came-twice-citizens-are-applauding-her-and-calling-her-name\/\" target=\"_blank\" rel=\"noopener\" title=\"\">DIJANA HRKA\u2019S CONDITION IS GETTING WORSE: Ambulance came twice, citizens are applauding her and calling her name!<\/a><\/strong><\/p>\n\n\n\n<p><strong><a href=\"https:\/\/serbiantimes.info\/en\/so-far-150-names-found-zoran-has-been-preserving-the-memory-of-unknown-heroes-from-the-thessaloniki-front-on-kajmakcalan-for-decades\/\" target=\"_blank\" rel=\"noopener\" title=\"\">SO FAR 150 NAMES FOUND: Zoran has been preserving the memory of unknown heroes from the Thessaloniki front on Kajmak\u010dalan for decades!<\/a><\/strong><\/p>\n\n\n\n<p><strong><a href=\"https:\/\/serbiantimes.info\/en\/the-guardian-on-protests-due-to-the-general-staff-by-adopting-this-law-vucic-wants-to-please-trump-and-gain-favor\/\" target=\"_blank\" rel=\"noopener\" title=\"\">THE GUARDIAN ON PROTESTS DUE TO THE GENERAL STAFF: \u201cBy adopting this law, Vu\u010di\u0107 wants to please Trump and gain favor\u201d<\/a><\/strong><\/p>\n\n\n\n<p><strong><strong>Source<\/strong><\/strong>: Nova.rs; <strong>Photo<\/strong>: ATA Images<\/p>\n\n\n\n<p><\/p>\n","protected":false},"excerpt":{"rendered":"<p>Radoslav Repac, the former Commander of the Police Brigade, has been appointed as the Commander of the Gendarmerie. He is a police colonel whom the wider public saw on the streets during protests and is reproached for the excessive use of force against students and citizens, as well as for double standards when it comes [&hellip;]<\/p>\n","protected":false},"author":2169,"featured_media":192700,"comment_status":"open","ping_status":"open","sticky":false,"template":"","format":"standard","meta":{"newspack_featured_image_position":"","newspack_post_subtitle":"","newspack_article_summary_title":"Overview:","newspack_article_summary":"","newspack_hide_updated_date":false,"newspack_show_updated_date":false,"footnotes":""},"categories":[7],"tags":[5536,9541,113,2490,3791,4225],"class_list":["post-192699","post","type-post","status-publish","format-standard","has-post-thumbnail","hentry","category-serbia","tag-protesti-u-srbiji","tag-radoslav-repac","tag-srbija","tag-studenti","tag-studentski-protesti","tag-zandarmerija-2","entry"],"aioseo_notices":[],"distributor_meta":false,"distributor_terms":false,"distributor_media":false,"distributor_original_site_name":"Serbiantimes.info EN","distributor_original_site_url":"https:\/\/serbiantimes.info\/en","push-errors":false,"_links":{"self":[{"href":"https:\/\/serbiantimes.info\/en\/wp-json\/wp\/v2\/posts\/192699","targetHints":{"allow":["GET"]}}],"collection":[{"href":"https:\/\/serbiantimes.info\/en\/wp-json\/wp\/v2\/posts"}],"about":[{"href":"https:\/\/serbiantimes.info\/en\/wp-json\/wp\/v2\/types\/post"}],"author":[{"embeddable":true,"href":"https:\/\/serbiantimes.info\/en\/wp-json\/wp\/v2\/users\/2169"}],"replies":[{"embeddable":true,"href":"https:\/\/serbiantimes.info\/en\/wp-json\/wp\/v2\/comments?post=192699"}],"version-history":[{"count":2,"href":"https:\/\/serbiantimes.info\/en\/wp-json\/wp\/v2\/posts\/192699\/revisions"}],"predecessor-version":[{"id":192716,"href":"https:\/\/serbiantimes.info\/en\/wp-json\/wp\/v2\/posts\/192699\/revisions\/192716"}],"wp:featuredmedia":[{"embeddable":true,"href":"https:\/\/serbiantimes.info\/en\/wp-json\/wp\/v2\/media\/192700"}],"wp:attachment":[{"href":"https:\/\/serbiantimes.info\/en\/wp-json\/wp\/v2\/media?parent=192699"}],"wp:term":[{"taxonomy":"category","embeddable":true,"href":"https:\/\/serbiantimes.info\/en\/wp-json\/wp\/v2\/categories?post=192699"},{"taxonomy":"post_tag","embeddable":true,"href":"https:\/\/serbiantimes.info\/en\/wp-json\/wp\/v2\/tags?post=192699"}],"curies":[{"name":"wp","href":"https:\/\/api.w.org\/{rel}","templated":true}]}}