{"id":192584,"date":"2025-11-11T15:41:07","date_gmt":"2025-11-11T13:41:07","guid":{"rendered":"https:\/\/serbiantimes.info\/en\/?p=192584"},"modified":"2025-11-11T15:42:07","modified_gmt":"2025-11-11T13:42:07","slug":"after-a-series-of-incidents-across-croatia-exhibition-serbian-woman-heroine-of-the-great-war-postponed-until-december","status":"publish","type":"post","link":"https:\/\/serbiantimes.info\/en\/after-a-series-of-incidents-across-croatia-exhibition-serbian-woman-heroine-of-the-great-war-postponed-until-december\/","title":{"rendered":"AFTER A SERIES OF INCIDENTS ACROSS CROATIA: Exhibition &#8220;Serbian Woman, Heroine of the Great War&#8221; postponed until December!"},"content":{"rendered":"\n<p><strong><em>The President of the Joint Council of Municipalities (ZVO), Dejan Drakuli\u0107, said today that the opening of the exhibition &#8220;Serbian Woman, Heroine of the Great War&#8221; has been postponed until December.<\/em><\/strong><\/p>\n\n\n\n<p>&#8220;Given the events and the request of the Mayor of Vukovar, we want to send a message of peace and mutual understanding. We have decided to postpone the opening until December,&#8221; Drakuli\u0107 said in a video statement on Facebook.<\/p>\n\n\n\n<p>He stated that they are not afraid of threats, informal groups, or of saying what they think, but that they want to &#8220;send messages of peace and understanding of the moment into which all citizens of Vukovar have been brought by the actions of factors outside Vukovar.&#8221;<\/p>\n\n\n\n<p>The exhibition is currently displayed on social networks, and as announced, the public will be informed later about the exact date of the exhibition&#8217;s opening in Vukovar.<\/p>\n\n\n\n<p>Croatian media reported that members of the BBB fan group had pasted posters on the ZVO building during the night with messages like &#8220;Ko o \u010demu, Srbi o herojima&#8221; (Who is talking about what, Serbs about heroes), along with photographs from the time after the fall of Vukovar and the entry of the JNA and Serbian paramilitary units into that Croatian city in the autumn of 1991. They were removed this morning.<\/p>\n\n\n\n<p>Vukovar Mayor Marijan Pavli\u010dek of the right-wing party Croatian Sovereignists stated yesterday that the exhibition should be postponed because its opening was planned just before November 18, when the Day of Remembrance for the Victim of Vukovar 1991 is marked.<\/p>\n\n\n\n<p>&#8220;As the Mayor of Vukovar, I made it clear that it is not the time for this program, given all the events in Croatia, and especially because we are entering the days of remembrance for the victims of Vukovar, and the organizers must be aware of that,&#8221; Pavli\u010dek said.<\/p>\n\n\n\n<p>He added that &#8220;there is no inch of Croatian land in the city of Vukovar that has not been soaked with the blood of Croatian defenders.&#8221;<\/p>\n\n\n\n<p>The photo exhibition &#8220;Serbian Woman, Heroine of the Great War,&#8221; by the Serbian Cultural Center Vukovar, the Joint Council of Municipalities, and the General Consulate of the Republic of Serbia, was planned for today, on the occasion of Armistice Day in World War I.<\/p>\n\n\n\n<p>Minister of Culture Nina Obuljen Kor\u017einek recently said that the exhibition is not acceptable to her at this moment, not because of the content, but because of the symbolism and context, as it is being held just before the Day of Remembrance.<\/p>\n\n\n\n<p>&#8220;At this moment of heightened tensions, I really don&#8217;t see the point of the Consulate General of the Republic of Serbia in Vukovar, during the week when we, as Croats, remember the greatest trauma of the Homeland War and want to quietly remember the victims, organizing such events,&#8221; the minister said.<\/p>\n\n\n\n<p>A similar stance was expressed by the Ministers of Defense and Internal Affairs, Ivan Anu\u0161i\u0107 and Davor Bo\u017einovi\u0107, both from the ruling Croatian Democratic Union.<\/p>\n\n\n\n<p>Requests for postponement came after several incidents that began in Split when dozens of hooligans, mostly masked and in black clothing, prevented the opening of a cultural event of the Serbian national minority in that city on the evening of November 3.<\/p>\n\n\n\n<h4 class=\"wp-block-heading\"><mark style=\"background-color:#FFFFFF;color:#d21414\" class=\"has-inline-color\">MORE TOPICS:<\/mark><\/h4>\n\n\n\n<p><strong><a href=\"https:\/\/serbiantimes.info\/en\/after-a-series-of-incidents-across-croatia-exhibition-serbian-woman-heroine-of-the-great-war-postponed-until-december\/\" target=\"_blank\" rel=\"noopener\" title=\"\">AFTER A SERIES OF INCIDENTS ACROSS CROATIA: Exhibition \u201cSerbian Woman, Heroine of the Great War\u201d postponed until December!<\/a><\/strong><\/p>\n\n\n\n<p><strong><a href=\"https:\/\/serbiantimes.info\/en\/great-honor-for-our-medicine-an-international-award-in-america-will-be-named-after-the-famous-serbian-doctor\/\" target=\"_blank\" rel=\"noopener\" title=\"\">GREAT HONOR FOR OUR MEDICINE: An international award in America will be named after the famous Serbian doctor!<\/a><\/strong><\/p>\n\n\n\n<p><strong><a href=\"https:\/\/serbiantimes.info\/en\/red-line-around-all-buildings-a-large-number-of-students-and-citizens-surrounded-the-general-staff-at-the-we-are-a-living-wall-protest-video\/\" target=\"_blank\" rel=\"noopener\" title=\"\">RED LINE AROUND ALL BUILDINGS: A large number of students and citizens surrounded the General Staff at the \u201cWe Are a Living Wall\u201d protest! (VIDEO)<\/a><\/strong><\/p>\n\n\n\n<p><strong><a href=\"https:\/\/serbiantimes.info\/en\/new-request-sent-to-america-for-a-special-license-russia-is-ready-to-hand-over-ownership-in-nis\/\" target=\"_blank\" rel=\"noopener\" title=\"\">NEW REQUEST SENT TO AMERICA FOR A SPECIAL LICENSE: Russia is ready to hand over ownership in NIS!<\/a><\/strong><\/p>\n\n\n\n<p><strong><a href=\"https:\/\/serbiantimes.info\/en\/wwi-armistice-day-why-has-natalijina-ramonda-become-a-symbol-of-the-survival-of-the-serbian-people\/\" target=\"_blank\" rel=\"noopener\" title=\"\">WWI ARMISTICE DAY: Why has Natalijina Ramonda become a symbol of the survival of the Serbian people?<\/a><\/strong><\/p>\n\n\n\n<p><strong><strong>Source<\/strong><\/strong>: N1; <strong>Photo<\/strong>: N1<\/p>\n","protected":false},"excerpt":{"rendered":"<p>The President of the Joint Council of Municipalities (ZVO), Dejan Drakuli\u0107, said today that the opening of the exhibition &#8220;Serbian Woman, Heroine of the Great War&#8221; has been postponed until December. &#8220;Given the events and the request of the Mayor of Vukovar, we want to send a message of peace and mutual understanding. We have [&hellip;]<\/p>\n","protected":false},"author":2169,"featured_media":192585,"comment_status":"open","ping_status":"open","sticky":false,"template":"","format":"standard","meta":{"newspack_featured_image_position":"","newspack_post_subtitle":"","newspack_article_summary_title":"Overview:","newspack_article_summary":"","newspack_hide_updated_date":false,"newspack_show_updated_date":false,"footnotes":""},"categories":[8],"tags":[117,9522,3222,113,8059,8016],"class_list":["post-192584","post","type-post","status-publish","format-standard","has-post-thumbnail","hentry","category-balkan","tag-hrvatska","tag-izlozba","tag-srbi-u-hrvatskoj","tag-srbija","tag-srpkinja","tag-vukovar","entry"],"aioseo_notices":[],"distributor_meta":false,"distributor_terms":false,"distributor_media":false,"distributor_original_site_name":"Serbiantimes.info EN","distributor_original_site_url":"https:\/\/serbiantimes.info\/en","push-errors":false,"_links":{"self":[{"href":"https:\/\/serbiantimes.info\/en\/wp-json\/wp\/v2\/posts\/192584","targetHints":{"allow":["GET"]}}],"collection":[{"href":"https:\/\/serbiantimes.info\/en\/wp-json\/wp\/v2\/posts"}],"about":[{"href":"https:\/\/serbiantimes.info\/en\/wp-json\/wp\/v2\/types\/post"}],"author":[{"embeddable":true,"href":"https:\/\/serbiantimes.info\/en\/wp-json\/wp\/v2\/users\/2169"}],"replies":[{"embeddable":true,"href":"https:\/\/serbiantimes.info\/en\/wp-json\/wp\/v2\/comments?post=192584"}],"version-history":[{"count":2,"href":"https:\/\/serbiantimes.info\/en\/wp-json\/wp\/v2\/posts\/192584\/revisions"}],"predecessor-version":[{"id":192597,"href":"https:\/\/serbiantimes.info\/en\/wp-json\/wp\/v2\/posts\/192584\/revisions\/192597"}],"wp:featuredmedia":[{"embeddable":true,"href":"https:\/\/serbiantimes.info\/en\/wp-json\/wp\/v2\/media\/192585"}],"wp:attachment":[{"href":"https:\/\/serbiantimes.info\/en\/wp-json\/wp\/v2\/media?parent=192584"}],"wp:term":[{"taxonomy":"category","embeddable":true,"href":"https:\/\/serbiantimes.info\/en\/wp-json\/wp\/v2\/categories?post=192584"},{"taxonomy":"post_tag","embeddable":true,"href":"https:\/\/serbiantimes.info\/en\/wp-json\/wp\/v2\/tags?post=192584"}],"curies":[{"name":"wp","href":"https:\/\/api.w.org\/{rel}","templated":true}]}}