{"id":192536,"date":"2025-11-10T23:30:32","date_gmt":"2025-11-10T21:30:32","guid":{"rendered":"https:\/\/serbiantimes.info\/en\/?p=192536"},"modified":"2025-11-10T23:30:33","modified_gmt":"2025-11-10T21:30:33","slug":"jacimovic-determined-i-wont-pay-fines-i-wont-finance-cacilend-while-someone-elses-children-are-starving","status":"publish","type":"post","link":"https:\/\/serbiantimes.info\/en\/jacimovic-determined-i-wont-pay-fines-i-wont-finance-cacilend-while-someone-elses-children-are-starving\/","title":{"rendered":"JA\u0106IMOVI\u0106 DETERMINED: I Won&#8217;t Pay Fines, I Won&#8217;t Finance \u0106acilend While Someone Else&#8217;s Children are Starving!"},"content":{"rendered":"\n<p class=\"wp-block-paragraph\">The carrier Milomir Ja\u0107imovi\u0107, who went on a hunger strike with his son this morning, told N1 that he wants to tell the citizens that he will not pay the fines. <\/p>\n\n\n\n<p class=\"wp-block-paragraph\">&#8220;I don&#8217;t want anyone to bother and pay for me \u2013 I don&#8217;t need help. I don&#8217;t want someone else&#8217;s children to be hungry while we pay for \u0106acilend and Vu\u010di\u0107&#8217;s whim. If I need help, I will personally come out and call on the people to help me, but I don&#8217;t need help,&#8221; he told N1. <\/p>\n\n\n\n<p class=\"wp-block-paragraph\">He said that with the donations he received from citizens a few months ago, he bought two double-decker buses, as well as one bus which is in Novi Sad, and that there is still money left over. He added that the fines have not arrived yet. <\/p>\n\n\n\n<p class=\"wp-block-paragraph\">Ja\u0107imovi\u0107 said that yesterday he promised a vehicle for the disabled to a student in a wheelchair \u2013 &#8220;to pay for and buy the vehicle with the people&#8217;s money,&#8221; as he says. <\/p>\n\n\n\n<p class=\"wp-block-paragraph\">Speaking about the incident in front of the Banovina building, when Aleksandar \u0160ulc arrived with a toy bus and a bag of groceries, saying that he came to bring a donation to the Ja\u0107imovi\u0107s who are on a hunger strike, Ja\u0107imovi\u0107 reminds that he had problems with him before. <\/p>\n\n\n\n<p class=\"wp-block-paragraph\">Namely, in August, he entered Ja\u0107imovi\u0107&#8217;s yard and physically assaulted him, even breaking his tooth. Ja\u0107imovi\u0107 pointed out that nothing has happened since then, even though, as he says, the police took a statement and a medical record of the injury. <\/p>\n\n\n\n<p class=\"wp-block-paragraph\">&#8220;I went to the Emergency Room immediately, no one is reacting, which doesn&#8217;t surprise me, and I was very seriously injured,&#8221; he said and added that &#8220;we see that we don&#8217;t have a police force and whose side they are on.&#8221;<\/p>\n\n\n\n<h4 class=\"wp-block-heading\"><mark style=\"background-color:#FFFFFF;color:#d21414\" class=\"has-inline-color\">MORE TOPICS:<\/mark><\/h4>\n\n\n\n<p class=\"wp-block-paragraph\"><strong><a href=\"https:\/\/serbiantimes.info\/en\/unprecedented-tragedy-in-tuzla-another-victim-of-the-horrific-fire-in-the-retirement-home-the-black-toll-is-13-casualties\/\" target=\"_blank\" rel=\"noopener\" title=\"\">UNPRECEDENTED TRAGEDY IN TUZLA: Another victim of the horrific fire in the Retirement Home \u2013 the black toll is 13 casualties!<\/a><\/strong><\/p>\n\n\n\n<p class=\"wp-block-paragraph\"><strong><a href=\"https:\/\/serbiantimes.info\/en\/serbia-in-bad-company-only-three-regimes-in-the-21st-century-destroy-cultural-property-the-one-in-afghanistan-iraq-and-now-in-serbia\/\" target=\"_blank\" rel=\"noopener\" title=\"\">SERBIA IN BAD COMPANY: \u201cOnly three regimes in the 21st century destroy cultural property \u2013 the one in Afghanistan, Iraq, and now in Serbia\u201d!<\/a><\/strong><\/p>\n\n\n\n<p class=\"wp-block-paragraph\"><strong><a href=\"https:\/\/serbiantimes.info\/en\/ustasha-symbols-on-split-riva-thousands-of-citizens-demand-the-release-of-hooligans-who-attacked-the-manifestation-day-of-serbian-culture\/\" target=\"_blank\" rel=\"noopener\" title=\"\">USTASHA SYMBOLS ON SPLIT RIVA: Thousands of citizens demand the release of hooligans who attacked the manifestation \u201cDay of Serbian Culture\u201d!<\/a><\/strong><\/p>\n\n\n\n<p class=\"wp-block-paragraph\"><strong><a href=\"https:\/\/serbiantimes.info\/en\/veterinary-school-in-blockade-again-we-have-even-more-reasons-than-before-students-suffer-repression\/\" target=\"_blank\" rel=\"noopener\" title=\"\">VETERINARY SCHOOL IN BLOCKADE AGAIN: \u201cWe have even more reasons than before, students suffer repression!\u201d<\/a><\/strong><\/p>\n\n\n\n<p class=\"wp-block-paragraph\"><strong><strong>Source<\/strong>:<\/strong>&nbsp;Nova.rs; <strong>Foto<\/strong>: ATA Images<\/p>\n\n\n\n<p class=\"wp-block-paragraph\"><\/p>\n","protected":false},"excerpt":{"rendered":"<p>The carrier Milomir Ja\u0107imovi\u0107, who went on a hunger strike with his son this morning, told N1 that he wants to tell the citizens that he will not pay the fines. &#8220;I don&#8217;t want anyone to bother and pay for me \u2013 I don&#8217;t need help. I don&#8217;t want someone else&#8217;s children to be hungry [&hellip;]<\/p>\n","protected":false},"author":2169,"featured_media":192537,"comment_status":"open","ping_status":"open","sticky":false,"template":"","format":"standard","meta":{"newspack_featured_image_position":"","newspack_post_subtitle":"","newspack_article_summary_title":"Overview:","newspack_article_summary":"","newspack_hide_updated_date":false,"newspack_show_updated_date":false,"footnotes":""},"categories":[7],"tags":[6069,5553,7395,1525,113,2908],"class_list":["post-192536","post","type-post","status-publish","format-standard","has-post-thumbnail","hentry","category-serbia","tag-cacilend","tag-drustvo","tag-milomir-jacimovic","tag-novac","tag-srbija","tag-strajk-gladu","entry"],"aioseo_notices":[],"aioseo_head":"\n\t\t<!-- All in One SEO 5.0.1.1 - aioseo.com -->\n\t<meta name=\"description\" content=\"The carrier Milomir Ja\u0107imovi\u0107, who went on a hunger strike with his son this morning, told N1 that he wants to tell the citizens that he will not pay the fines. &quot;I don&#039;t want anyone to bother and pay for me \u2013 I don&#039;t need help. I don&#039;t want someone else&#039;s children to be hungry\" \/>\n\t<meta name=\"robots\" content=\"max-image-preview:large\" \/>\n\t<meta name=\"author\" content=\"Serbian Times\"\/>\n\t<link rel=\"canonical\" href=\"https:\/\/serbiantimes.info\/en\/jacimovic-determined-i-wont-pay-fines-i-wont-finance-cacilend-while-someone-elses-children-are-starving\/\" \/>\n\t<meta name=\"generator\" content=\"All in One SEO (AIOSEO) 5.0.1.1\" \/>\n\t\t<meta property=\"og:locale\" content=\"en_US\" \/>\n\t\t<meta property=\"og:site_name\" content=\"Serbiantimes.info EN |\" \/>\n\t\t<meta property=\"og:type\" content=\"article\" \/>\n\t\t<meta property=\"og:title\" content=\"JA\u0106IMOVI\u0106 DETERMINED: I Won\u2019t Pay Fines, I Won\u2019t Finance \u0106acilend While Someone Else\u2019s Children are Starving! | Serbiantimes.info EN\" \/>\n\t\t<meta property=\"og:description\" content=\"The carrier Milomir Ja\u0107imovi\u0107, who went on a hunger strike with his son this morning, told N1 that he wants to tell the citizens that he will not pay the fines. &quot;I don&#039;t want anyone to bother and pay for me \u2013 I don&#039;t need help. I don&#039;t want someone else&#039;s children to be hungry\" \/>\n\t\t<meta property=\"og:url\" content=\"https:\/\/serbiantimes.info\/en\/jacimovic-determined-i-wont-pay-fines-i-wont-finance-cacilend-while-someone-elses-children-are-starving\/\" \/>\n\t\t<meta property=\"og:image\" content=\"https:\/\/serbiantimes.info\/en\/wp-content\/uploads\/sites\/2\/2025\/11\/ST-Montaze-91.jpg\" \/>\n\t\t<meta property=\"og:image:secure_url\" content=\"https:\/\/serbiantimes.info\/en\/wp-content\/uploads\/sites\/2\/2025\/11\/ST-Montaze-91.jpg\" \/>\n\t\t<meta property=\"og:image:width\" content=\"1200\" \/>\n\t\t<meta property=\"og:image:height\" content=\"750\" \/>\n\t\t<meta property=\"article:published_time\" content=\"2025-11-10T21:30:32+00:00\" \/>\n\t\t<meta property=\"article:modified_time\" content=\"2025-11-10T21:30:33+00:00\" \/>\n\t\t<meta name=\"twitter:card\" content=\"summary_large_image\" \/>\n\t\t<meta name=\"twitter:title\" content=\"JA\u0106IMOVI\u0106 DETERMINED: I Won\u2019t Pay Fines, I Won\u2019t Finance \u0106acilend While Someone Else\u2019s Children are Starving! | Serbiantimes.info EN\" \/>\n\t\t<meta name=\"twitter:description\" content=\"The carrier Milomir Ja\u0107imovi\u0107, who went on a hunger strike with his son this morning, told N1 that he wants to tell the citizens that he will not pay the fines. &quot;I don&#039;t want anyone to bother and pay for me \u2013 I don&#039;t need help. I don&#039;t want someone else&#039;s children to be hungry\" \/>\n\t\t<meta name=\"twitter:image\" content=\"https:\/\/serbiantimes.info\/en\/wp-content\/uploads\/sites\/2\/2025\/11\/ST-Montaze-91.jpg\" \/>\n\t\t<script type=\"application\/ld+json\" class=\"aioseo-schema\">\n\t\t\t{\"@context\":\"https:\\\/\\\/schema.org\",\"@graph\":[{\"@type\":\"BlogPosting\",\"@id\":\"https:\\\/\\\/serbiantimes.info\\\/en\\\/jacimovic-determined-i-wont-pay-fines-i-wont-finance-cacilend-while-someone-elses-children-are-starving\\\/#blogposting\",\"name\":\"JA\\u0106IMOVI\\u0106 DETERMINED: I Won\\u2019t Pay Fines, I Won\\u2019t Finance \\u0106acilend While Someone Else\\u2019s Children are Starving! | Serbiantimes.info EN\",\"headline\":\"JA\\u0106IMOVI\\u0106 DETERMINED: I Won&#8217;t Pay Fines, I Won&#8217;t Finance \\u0106acilend While Someone Else&#8217;s Children are Starving!\",\"author\":{\"@id\":\"https:\\\/\\\/serbiantimes.info\\\/en\\\/author\\\/serbiantimes-portal\\\/#author\"},\"publisher\":{\"@id\":\"https:\\\/\\\/serbiantimes.info\\\/en\\\/#organization\"},\"image\":{\"@type\":\"ImageObject\",\"url\":\"https:\\\/\\\/serbiantimes.info\\\/en\\\/wp-content\\\/uploads\\\/sites\\\/2\\\/2025\\\/11\\\/ST-Montaze-91.jpg\",\"width\":1200,\"height\":750},\"datePublished\":\"2025-11-10T23:30:32+02:00\",\"dateModified\":\"2025-11-10T23:30:33+02:00\",\"inLanguage\":\"en-US\",\"mainEntityOfPage\":{\"@id\":\"https:\\\/\\\/serbiantimes.info\\\/en\\\/jacimovic-determined-i-wont-pay-fines-i-wont-finance-cacilend-while-someone-elses-children-are-starving\\\/#webpage\"},\"isPartOf\":{\"@id\":\"https:\\\/\\\/serbiantimes.info\\\/en\\\/jacimovic-determined-i-wont-pay-fines-i-wont-finance-cacilend-while-someone-elses-children-are-starving\\\/#webpage\"},\"articleSection\":\"SERBIA, \\u0107acilend, Dru\\u0161tvo, Milomir Ja\\u0107imovi\\u0107, novac, Srbija, \\u0161trajk gla\\u0111u\"},{\"@type\":\"BreadcrumbList\",\"@id\":\"https:\\\/\\\/serbiantimes.info\\\/en\\\/jacimovic-determined-i-wont-pay-fines-i-wont-finance-cacilend-while-someone-elses-children-are-starving\\\/#breadcrumblist\",\"itemListElement\":[{\"@type\":\"ListItem\",\"@id\":\"https:\\\/\\\/serbiantimes.info\\\/en#listItem\",\"position\":1,\"name\":\"Home\",\"item\":\"https:\\\/\\\/serbiantimes.info\\\/en\",\"nextItem\":{\"@type\":\"ListItem\",\"@id\":\"https:\\\/\\\/serbiantimes.info\\\/en\\\/category\\\/serbia\\\/#listItem\",\"name\":\"SERBIA\"}},{\"@type\":\"ListItem\",\"@id\":\"https:\\\/\\\/serbiantimes.info\\\/en\\\/category\\\/serbia\\\/#listItem\",\"position\":2,\"name\":\"SERBIA\",\"item\":\"https:\\\/\\\/serbiantimes.info\\\/en\\\/category\\\/serbia\\\/\",\"nextItem\":{\"@type\":\"ListItem\",\"@id\":\"https:\\\/\\\/serbiantimes.info\\\/en\\\/jacimovic-determined-i-wont-pay-fines-i-wont-finance-cacilend-while-someone-elses-children-are-starving\\\/#listItem\",\"name\":\"JA\\u0106IMOVI\\u0106 DETERMINED: I Won&#8217;t Pay Fines, I Won&#8217;t Finance \\u0106acilend While Someone Else&#8217;s Children are Starving!\"},\"previousItem\":{\"@type\":\"ListItem\",\"@id\":\"https:\\\/\\\/serbiantimes.info\\\/en#listItem\",\"name\":\"Home\"}},{\"@type\":\"ListItem\",\"@id\":\"https:\\\/\\\/serbiantimes.info\\\/en\\\/jacimovic-determined-i-wont-pay-fines-i-wont-finance-cacilend-while-someone-elses-children-are-starving\\\/#listItem\",\"position\":3,\"name\":\"JA\\u0106IMOVI\\u0106 DETERMINED: I Won&#8217;t Pay Fines, I Won&#8217;t Finance \\u0106acilend While Someone Else&#8217;s Children are Starving!\",\"previousItem\":{\"@type\":\"ListItem\",\"@id\":\"https:\\\/\\\/serbiantimes.info\\\/en\\\/category\\\/serbia\\\/#listItem\",\"name\":\"SERBIA\"}}]},{\"@type\":\"Organization\",\"@id\":\"https:\\\/\\\/serbiantimes.info\\\/en\\\/#organization\",\"name\":\"Serbiantimes.info EN\",\"url\":\"https:\\\/\\\/serbiantimes.info\\\/en\\\/\",\"logo\":{\"@type\":\"ImageObject\",\"url\":\"https:\\\/\\\/serbiantimes.info\\\/en\\\/wp-content\\\/uploads\\\/sites\\\/2\\\/2024\\\/10\\\/cropped-cropped-Serbian-Times-Header-Logo-1.png\",\"@id\":\"https:\\\/\\\/serbiantimes.info\\\/en\\\/jacimovic-determined-i-wont-pay-fines-i-wont-finance-cacilend-while-someone-elses-children-are-starving\\\/#organizationLogo\",\"width\":480,\"height\":100},\"image\":{\"@id\":\"https:\\\/\\\/serbiantimes.info\\\/en\\\/jacimovic-determined-i-wont-pay-fines-i-wont-finance-cacilend-while-someone-elses-children-are-starving\\\/#organizationLogo\"}},{\"@type\":\"Person\",\"@id\":\"https:\\\/\\\/serbiantimes.info\\\/en\\\/author\\\/serbiantimes-portal\\\/#author\",\"url\":\"https:\\\/\\\/serbiantimes.info\\\/en\\\/author\\\/serbiantimes-portal\\\/\",\"name\":\"Serbian Times\",\"image\":{\"@type\":\"ImageObject\",\"@id\":\"https:\\\/\\\/serbiantimes.info\\\/en\\\/jacimovic-determined-i-wont-pay-fines-i-wont-finance-cacilend-while-someone-elses-children-are-starving\\\/#authorImage\",\"url\":\"https:\\\/\\\/secure.gravatar.com\\\/avatar\\\/ea76e009769270b4193e2bc7e032c096b4ae135483ec03b396fd0f520bc3dcfd?s=96&d=mm&r=g\",\"width\":96,\"height\":96,\"caption\":\"Serbian Times\"}},{\"@type\":\"WebPage\",\"@id\":\"https:\\\/\\\/serbiantimes.info\\\/en\\\/jacimovic-determined-i-wont-pay-fines-i-wont-finance-cacilend-while-someone-elses-children-are-starving\\\/#webpage\",\"url\":\"https:\\\/\\\/serbiantimes.info\\\/en\\\/jacimovic-determined-i-wont-pay-fines-i-wont-finance-cacilend-while-someone-elses-children-are-starving\\\/\",\"name\":\"JA\\u0106IMOVI\\u0106 DETERMINED: I Won\\u2019t Pay Fines, I Won\\u2019t Finance \\u0106acilend While Someone Else\\u2019s Children are Starving! | Serbiantimes.info EN\",\"description\":\"The carrier Milomir Ja\\u0107imovi\\u0107, who went on a hunger strike with his son this morning, told N1 that he wants to tell the citizens that he will not pay the fines. \\\"I don't want anyone to bother and pay for me \\u2013 I don't need help. I don't want someone else's children to be hungry\",\"inLanguage\":\"en-US\",\"isPartOf\":{\"@id\":\"https:\\\/\\\/serbiantimes.info\\\/en\\\/#website\"},\"breadcrumb\":{\"@id\":\"https:\\\/\\\/serbiantimes.info\\\/en\\\/jacimovic-determined-i-wont-pay-fines-i-wont-finance-cacilend-while-someone-elses-children-are-starving\\\/#breadcrumblist\"},\"author\":{\"@id\":\"https:\\\/\\\/serbiantimes.info\\\/en\\\/author\\\/serbiantimes-portal\\\/#author\"},\"creator\":{\"@id\":\"https:\\\/\\\/serbiantimes.info\\\/en\\\/author\\\/serbiantimes-portal\\\/#author\"},\"image\":{\"@type\":\"ImageObject\",\"url\":\"https:\\\/\\\/serbiantimes.info\\\/en\\\/wp-content\\\/uploads\\\/sites\\\/2\\\/2025\\\/11\\\/ST-Montaze-91.jpg\",\"@id\":\"https:\\\/\\\/serbiantimes.info\\\/en\\\/jacimovic-determined-i-wont-pay-fines-i-wont-finance-cacilend-while-someone-elses-children-are-starving\\\/#mainImage\",\"width\":1200,\"height\":750},\"primaryImageOfPage\":{\"@id\":\"https:\\\/\\\/serbiantimes.info\\\/en\\\/jacimovic-determined-i-wont-pay-fines-i-wont-finance-cacilend-while-someone-elses-children-are-starving\\\/#mainImage\"},\"datePublished\":\"2025-11-10T23:30:32+02:00\",\"dateModified\":\"2025-11-10T23:30:33+02:00\"},{\"@type\":\"WebSite\",\"@id\":\"https:\\\/\\\/serbiantimes.info\\\/en\\\/#website\",\"url\":\"https:\\\/\\\/serbiantimes.info\\\/en\\\/\",\"name\":\"Serbiantimes.info EN\",\"inLanguage\":\"en-US\",\"publisher\":{\"@id\":\"https:\\\/\\\/serbiantimes.info\\\/en\\\/#organization\"}}]}\n\t\t<\/script>\n\t\t<!-- All in One SEO -->\n\n","aioseo_head_json":{"title":"JA\u0106IMOVI\u0106 DETERMINED: I Won\u2019t Pay Fines, I Won\u2019t Finance \u0106acilend While Someone Else\u2019s Children are Starving! | Serbiantimes.info EN","description":"The carrier Milomir Ja\u0107imovi\u0107, who went on a hunger strike with his son this morning, told N1 that he wants to tell the citizens that he will not pay the fines. \"I don't want anyone to bother and pay for me \u2013 I don't need help. I don't want someone else's children to be hungry","canonical_url":"https:\/\/serbiantimes.info\/en\/jacimovic-determined-i-wont-pay-fines-i-wont-finance-cacilend-while-someone-elses-children-are-starving\/","robots":"max-image-preview:large","keywords":"","webmasterTools":{"miscellaneous":""},"schema":{"@context":"https:\/\/schema.org","@graph":[{"@type":"BlogPosting","@id":"https:\/\/serbiantimes.info\/en\/jacimovic-determined-i-wont-pay-fines-i-wont-finance-cacilend-while-someone-elses-children-are-starving\/#blogposting","name":"JA\u0106IMOVI\u0106 DETERMINED: I Won\u2019t Pay Fines, I Won\u2019t Finance \u0106acilend While Someone Else\u2019s Children are Starving! | Serbiantimes.info EN","headline":"JA\u0106IMOVI\u0106 DETERMINED: I Won&#8217;t Pay Fines, I Won&#8217;t Finance \u0106acilend While Someone Else&#8217;s Children are Starving!","author":{"@id":"https:\/\/serbiantimes.info\/en\/author\/serbiantimes-portal\/#author"},"publisher":{"@id":"https:\/\/serbiantimes.info\/en\/#organization"},"image":{"@type":"ImageObject","url":"https:\/\/serbiantimes.info\/en\/wp-content\/uploads\/sites\/2\/2025\/11\/ST-Montaze-91.jpg","width":1200,"height":750},"datePublished":"2025-11-10T23:30:32+02:00","dateModified":"2025-11-10T23:30:33+02:00","inLanguage":"en-US","mainEntityOfPage":{"@id":"https:\/\/serbiantimes.info\/en\/jacimovic-determined-i-wont-pay-fines-i-wont-finance-cacilend-while-someone-elses-children-are-starving\/#webpage"},"isPartOf":{"@id":"https:\/\/serbiantimes.info\/en\/jacimovic-determined-i-wont-pay-fines-i-wont-finance-cacilend-while-someone-elses-children-are-starving\/#webpage"},"articleSection":"SERBIA, \u0107acilend, Dru\u0161tvo, Milomir Ja\u0107imovi\u0107, novac, Srbija, \u0161trajk gla\u0111u"},{"@type":"BreadcrumbList","@id":"https:\/\/serbiantimes.info\/en\/jacimovic-determined-i-wont-pay-fines-i-wont-finance-cacilend-while-someone-elses-children-are-starving\/#breadcrumblist","itemListElement":[{"@type":"ListItem","@id":"https:\/\/serbiantimes.info\/en#listItem","position":1,"name":"Home","item":"https:\/\/serbiantimes.info\/en","nextItem":{"@type":"ListItem","@id":"https:\/\/serbiantimes.info\/en\/category\/serbia\/#listItem","name":"SERBIA"}},{"@type":"ListItem","@id":"https:\/\/serbiantimes.info\/en\/category\/serbia\/#listItem","position":2,"name":"SERBIA","item":"https:\/\/serbiantimes.info\/en\/category\/serbia\/","nextItem":{"@type":"ListItem","@id":"https:\/\/serbiantimes.info\/en\/jacimovic-determined-i-wont-pay-fines-i-wont-finance-cacilend-while-someone-elses-children-are-starving\/#listItem","name":"JA\u0106IMOVI\u0106 DETERMINED: I Won&#8217;t Pay Fines, I Won&#8217;t Finance \u0106acilend While Someone Else&#8217;s Children are Starving!"},"previousItem":{"@type":"ListItem","@id":"https:\/\/serbiantimes.info\/en#listItem","name":"Home"}},{"@type":"ListItem","@id":"https:\/\/serbiantimes.info\/en\/jacimovic-determined-i-wont-pay-fines-i-wont-finance-cacilend-while-someone-elses-children-are-starving\/#listItem","position":3,"name":"JA\u0106IMOVI\u0106 DETERMINED: I Won&#8217;t Pay Fines, I Won&#8217;t Finance \u0106acilend While Someone Else&#8217;s Children are Starving!","previousItem":{"@type":"ListItem","@id":"https:\/\/serbiantimes.info\/en\/category\/serbia\/#listItem","name":"SERBIA"}}]},{"@type":"Organization","@id":"https:\/\/serbiantimes.info\/en\/#organization","name":"Serbiantimes.info EN","url":"https:\/\/serbiantimes.info\/en\/","logo":{"@type":"ImageObject","url":"https:\/\/serbiantimes.info\/en\/wp-content\/uploads\/sites\/2\/2024\/10\/cropped-cropped-Serbian-Times-Header-Logo-1.png","@id":"https:\/\/serbiantimes.info\/en\/jacimovic-determined-i-wont-pay-fines-i-wont-finance-cacilend-while-someone-elses-children-are-starving\/#organizationLogo","width":480,"height":100},"image":{"@id":"https:\/\/serbiantimes.info\/en\/jacimovic-determined-i-wont-pay-fines-i-wont-finance-cacilend-while-someone-elses-children-are-starving\/#organizationLogo"}},{"@type":"Person","@id":"https:\/\/serbiantimes.info\/en\/author\/serbiantimes-portal\/#author","url":"https:\/\/serbiantimes.info\/en\/author\/serbiantimes-portal\/","name":"Serbian Times","image":{"@type":"ImageObject","@id":"https:\/\/serbiantimes.info\/en\/jacimovic-determined-i-wont-pay-fines-i-wont-finance-cacilend-while-someone-elses-children-are-starving\/#authorImage","url":"https:\/\/secure.gravatar.com\/avatar\/ea76e009769270b4193e2bc7e032c096b4ae135483ec03b396fd0f520bc3dcfd?s=96&d=mm&r=g","width":96,"height":96,"caption":"Serbian Times"}},{"@type":"WebPage","@id":"https:\/\/serbiantimes.info\/en\/jacimovic-determined-i-wont-pay-fines-i-wont-finance-cacilend-while-someone-elses-children-are-starving\/#webpage","url":"https:\/\/serbiantimes.info\/en\/jacimovic-determined-i-wont-pay-fines-i-wont-finance-cacilend-while-someone-elses-children-are-starving\/","name":"JA\u0106IMOVI\u0106 DETERMINED: I Won\u2019t Pay Fines, I Won\u2019t Finance \u0106acilend While Someone Else\u2019s Children are Starving! | Serbiantimes.info EN","description":"The carrier Milomir Ja\u0107imovi\u0107, who went on a hunger strike with his son this morning, told N1 that he wants to tell the citizens that he will not pay the fines. \"I don't want anyone to bother and pay for me \u2013 I don't need help. I don't want someone else's children to be hungry","inLanguage":"en-US","isPartOf":{"@id":"https:\/\/serbiantimes.info\/en\/#website"},"breadcrumb":{"@id":"https:\/\/serbiantimes.info\/en\/jacimovic-determined-i-wont-pay-fines-i-wont-finance-cacilend-while-someone-elses-children-are-starving\/#breadcrumblist"},"author":{"@id":"https:\/\/serbiantimes.info\/en\/author\/serbiantimes-portal\/#author"},"creator":{"@id":"https:\/\/serbiantimes.info\/en\/author\/serbiantimes-portal\/#author"},"image":{"@type":"ImageObject","url":"https:\/\/serbiantimes.info\/en\/wp-content\/uploads\/sites\/2\/2025\/11\/ST-Montaze-91.jpg","@id":"https:\/\/serbiantimes.info\/en\/jacimovic-determined-i-wont-pay-fines-i-wont-finance-cacilend-while-someone-elses-children-are-starving\/#mainImage","width":1200,"height":750},"primaryImageOfPage":{"@id":"https:\/\/serbiantimes.info\/en\/jacimovic-determined-i-wont-pay-fines-i-wont-finance-cacilend-while-someone-elses-children-are-starving\/#mainImage"},"datePublished":"2025-11-10T23:30:32+02:00","dateModified":"2025-11-10T23:30:33+02:00"},{"@type":"WebSite","@id":"https:\/\/serbiantimes.info\/en\/#website","url":"https:\/\/serbiantimes.info\/en\/","name":"Serbiantimes.info EN","inLanguage":"en-US","publisher":{"@id":"https:\/\/serbiantimes.info\/en\/#organization"}}]},"og:locale":"en_US","og:site_name":"Serbiantimes.info EN |","og:type":"article","og:title":"JA\u0106IMOVI\u0106 DETERMINED: I Won\u2019t Pay Fines, I Won\u2019t Finance \u0106acilend While Someone Else\u2019s Children are Starving! | Serbiantimes.info EN","og:description":"The carrier Milomir Ja\u0107imovi\u0107, who went on a hunger strike with his son this morning, told N1 that he wants to tell the citizens that he will not pay the fines. &quot;I don't want anyone to bother and pay for me \u2013 I don't need help. I don't want someone else's children to be hungry","og:url":"https:\/\/serbiantimes.info\/en\/jacimovic-determined-i-wont-pay-fines-i-wont-finance-cacilend-while-someone-elses-children-are-starving\/","og:image":"https:\/\/serbiantimes.info\/en\/wp-content\/uploads\/sites\/2\/2025\/11\/ST-Montaze-91.jpg","og:image:secure_url":"https:\/\/serbiantimes.info\/en\/wp-content\/uploads\/sites\/2\/2025\/11\/ST-Montaze-91.jpg","og:image:width":1200,"og:image:height":750,"article:published_time":"2025-11-10T21:30:32+00:00","article:modified_time":"2025-11-10T21:30:33+00:00","twitter:card":"summary_large_image","twitter:title":"JA\u0106IMOVI\u0106 DETERMINED: I Won\u2019t Pay Fines, I Won\u2019t Finance \u0106acilend While Someone Else\u2019s Children are Starving! | Serbiantimes.info EN","twitter:description":"The carrier Milomir Ja\u0107imovi\u0107, who went on a hunger strike with his son this morning, told N1 that he wants to tell the citizens that he will not pay the fines. &quot;I don't want anyone to bother and pay for me \u2013 I don't need help. I don't want someone else's children to be hungry","twitter:image":"https:\/\/serbiantimes.info\/en\/wp-content\/uploads\/sites\/2\/2025\/11\/ST-Montaze-91.jpg"},"aioseo_meta_data":{"post_id":"192536","title":null,"description":null,"keywords":null,"keyphrases":{"focus":{"keyphrase":"","score":0,"analysis":{"keyphraseInTitle":{"score":0,"maxScore":9,"error":1}}},"additional":[]},"primary_term":null,"canonical_url":null,"og_title":null,"og_description":null,"og_object_type":"default","og_image_type":"default","og_image_url":null,"og_image_width":null,"og_image_height":null,"og_image_custom_url":null,"og_image_custom_fields":null,"og_video":"","og_custom_url":null,"og_article_section":null,"og_article_tags":null,"twitter_use_og":false,"twitter_card":"default","twitter_image_type":"default","twitter_image_url":null,"twitter_image_custom_url":null,"twitter_image_custom_fields":null,"twitter_title":null,"twitter_description":null,"schema":{"blockGraphs":[],"customGraphs":[],"default":{"data":{"Article":[],"Course":[],"Dataset":[],"FAQPage":[],"Movie":[],"Person":[],"Product":[],"ProductReview":[],"Car":[],"Recipe":[],"Service":[],"SoftwareApplication":[],"WebPage":[]},"graphName":"BlogPosting","isEnabled":true},"graphs":[]},"schema_type":"default","schema_type_options":null,"pillar_content":false,"robots_default":true,"robots_noindex":false,"robots_noarchive":false,"robots_nosnippet":false,"robots_nofollow":false,"robots_noimageindex":false,"robots_noodp":false,"robots_notranslate":false,"robots_max_snippet":"-1","robots_max_videopreview":"-1","robots_max_imagepreview":"large","priority":null,"frequency":"default","local_seo":null,"breadcrumb_settings":null,"limit_modified_date":false,"ai":{"faqs":[],"keyPoints":[],"titles":[],"descriptions":[],"socialPosts":{"email":[],"linkedin":[],"twitter":[],"facebook":[],"instagram":[]}},"created":"2025-11-10 21:02:08","updated":"2025-11-10 21:42:10","focus_keyword":null,"additional_keywords":null,"truseo_locale":null,"seo_analyzer_scan_date":null},"aioseo_breadcrumb":"<div class=\"aioseo-breadcrumbs\"><span class=\"aioseo-breadcrumb\">\n\t\t\t<a href=\"https:\/\/serbiantimes.info\/en\" title=\"Home\">Home<\/a>\n\t\t<\/span><span class=\"aioseo-breadcrumb-separator\">&raquo;<\/span><span class=\"aioseo-breadcrumb\">\n\t\t\t<a href=\"https:\/\/serbiantimes.info\/en\/category\/serbia\/\" title=\"SERBIA\">SERBIA<\/a>\n\t\t<\/span><span class=\"aioseo-breadcrumb-separator\">&raquo;<\/span><span class=\"aioseo-breadcrumb\">\n\t\t\tJA\u0106IMOVI\u0106 DETERMINED: I Won\u2019t Pay Fines, I Won\u2019t Finance \u0106acilend While Someone Else\u2019s Children are Starving!\n\t\t<\/span><\/div>","aioseo_breadcrumb_json":[{"label":"Home","link":"https:\/\/serbiantimes.info\/en"},{"label":"SERBIA","link":"https:\/\/serbiantimes.info\/en\/category\/serbia\/"},{"label":"JA\u0106IMOVI\u0106 DETERMINED: I Won&#8217;t Pay Fines, I Won&#8217;t Finance \u0106acilend While Someone Else&#8217;s Children are Starving!","link":"https:\/\/serbiantimes.info\/en\/jacimovic-determined-i-wont-pay-fines-i-wont-finance-cacilend-while-someone-elses-children-are-starving\/"}],"distributor_meta":false,"distributor_terms":false,"distributor_media":false,"distributor_original_site_name":"Serbiantimes.info EN","distributor_original_site_url":"https:\/\/serbiantimes.info\/en","push-errors":false,"_links":{"self":[{"href":"https:\/\/serbiantimes.info\/en\/wp-json\/wp\/v2\/posts\/192536","targetHints":{"allow":["GET"]}}],"collection":[{"href":"https:\/\/serbiantimes.info\/en\/wp-json\/wp\/v2\/posts"}],"about":[{"href":"https:\/\/serbiantimes.info\/en\/wp-json\/wp\/v2\/types\/post"}],"author":[{"embeddable":true,"href":"https:\/\/serbiantimes.info\/en\/wp-json\/wp\/v2\/users\/2169"}],"replies":[{"embeddable":true,"href":"https:\/\/serbiantimes.info\/en\/wp-json\/wp\/v2\/comments?post=192536"}],"version-history":[{"count":2,"href":"https:\/\/serbiantimes.info\/en\/wp-json\/wp\/v2\/posts\/192536\/revisions"}],"predecessor-version":[{"id":192561,"href":"https:\/\/serbiantimes.info\/en\/wp-json\/wp\/v2\/posts\/192536\/revisions\/192561"}],"wp:featuredmedia":[{"embeddable":true,"href":"https:\/\/serbiantimes.info\/en\/wp-json\/wp\/v2\/media\/192537"}],"wp:attachment":[{"href":"https:\/\/serbiantimes.info\/en\/wp-json\/wp\/v2\/media?parent=192536"}],"wp:term":[{"taxonomy":"category","embeddable":true,"href":"https:\/\/serbiantimes.info\/en\/wp-json\/wp\/v2\/categories?post=192536"},{"taxonomy":"post_tag","embeddable":true,"href":"https:\/\/serbiantimes.info\/en\/wp-json\/wp\/v2\/tags?post=192536"}],"curies":[{"name":"wp","href":"https:\/\/api.w.org\/{rel}","templated":true}]}}