{"id":192269,"date":"2025-11-07T01:07:01","date_gmt":"2025-11-06T23:07:01","guid":{"rendered":"https:\/\/serbiantimes.info\/en\/?p=192269"},"modified":"2025-11-07T01:07:03","modified_gmt":"2025-11-06T23:07:03","slug":"serb-arrested-in-croatia-croats-are-fabricating-war-crimes-to-prevent-serbs-from-returning-to-their-property","status":"publish","type":"post","link":"https:\/\/serbiantimes.info\/en\/serb-arrested-in-croatia-croats-are-fabricating-war-crimes-to-prevent-serbs-from-returning-to-their-property\/","title":{"rendered":"SERB ARRESTED IN CROATIA: Croats are fabricating war crimes to prevent Serbs from returning to their property!"},"content":{"rendered":"\n<p>Croatian police have arrested a 61-year-old dual citizen of Croatia and Montenegro on suspicion that, as a member of a Serbian paramilitary formation, he committed a war crime against prisoners of war in February 1993 near Vodice, close to \u0160ibenik, Croatian police and prosecutors announced yesterday on their official websites.<\/p>\n\n\n\n<p>In a statement by the \u0160ibenik-Knin Police Department, it is alleged that the man, as deputy commander of a military police platoon in the 2nd Infantry Brigade of the army of the self-proclaimed Republic of Serbian Krajina, after occupying part of the village of Dragi\u0161i\u0107i on February 24, 1993, together with several other members, severely physically abused nine captured members of the 15th Home Guard Regiment of the Croatian Army, aged between 27 and 57, two of whom were killed and two taken in an unknown direction, where they have been missing ever since.<\/p>\n\n\n\n<p>The County Prosecutor\u2019s Office in Split stated that it had questioned the man and issued a decision to open an investigation against him. It is reasonably suspected that the arrested man physically abused the captured Croatian soldiers and, together with military policemen and Serbian soldiers, fired shots from a rifle at one of the victims, while another captured Croatian soldier died from severe bodily injuries. Two prisoners were handed over to another paramilitary unit, knowing they would be killed. It is also suspected that the accused allowed his subordinate military policemen and Serbian soldiers to beat the captured Croatian soldiers in the area, causing them numerous serious and life-threatening injuries. At the request of the prosecutor\u2019s office, the investigating judge ordered pre-trial detention for the accused due to the risk of flight, influence on witnesses, and to ensure the unimpeded progress of the proceedings for the crime punishable by long-term imprisonment.<\/p>\n\n\n\n<p>These statements were reported by many regional media outlets. Although the suspect\u2019s name was not mentioned in official statements, some Croatian media claimed it was Zoran Korda, while others referred to him as Zoran D.<\/p>\n\n\n\n<p>According to information from \u201cVeritas,\u201d the suspect\u2019s name is Zoran Korda (born 1964) from the village of Ze\u010devo, Kistanje municipality (until 1995, Knin municipality). Zoran fled the then Republic of Serbian Krajina in August 1995 and settled with his family in Podgorica. According to residents of Ze\u010devo and nearby villages, Zoran\u2019s parents returned from exile after Croatia\u2019s \u201cOperation Storm\u201d and rebuilt their property, which Zoran had been visiting regularly for the past twenty years, helping to maintain and cultivate it\u2014including an olive grove with several hundred trees. In the meantime, his parents passed away, but Zoran continued to visit and maintain the property. This year, a few days before his arrest, he came to his hometown with his son, daughter-in-law, and grandson to harvest olives. None of the few remaining residents of Ze\u010devo saw when Zoran was arrested, and neither he nor his family members responded to phone calls from relatives in nearby villages, so they learned about the arrest from the media.<\/p>\n\n\n\n<p>The news of Zoran\u2019s arrest alarmed Serbs in the Kistanje area and beyond, especially since none of them believe Zoran committed the acts he is accused of. They link his arrest to frequent attacks on Serbs, such as the one when masked men in black shirts violently interrupted the event \u201cDays of Serbian Culture\u201d in Split on November 3.<\/p>\n\n\n\n<h4 class=\"wp-block-heading\"><mark style=\"background-color:#FFFFFF;color:#d21414\" class=\"has-inline-color\">READ MORE:<\/mark><\/h4>\n\n\n\n<figure class=\"wp-block-embed is-type-wp-embed is-provider-serbiantimes-info wp-block-embed-serbiantimes-info\"><div class=\"wp-block-embed__wrapper\">\n<blockquote class=\"wp-embedded-content\" data-secret=\"mXsRG2hnnj\"><a href=\"https:\/\/serbiantimes.info\/to-nije-bila-nesreca-to-je-ubistvo-nemacki-mediji-o-strajku-dijane-hrke-i-sukobu-dve-srbije-ispred-skupstine-video\/\">&#8222;TO NIJE BILA NESRE\u0106A, TO JE UBISTVO&#8220;: Nema\u010dki mediji o \u0161trajku Dijane Hrke i sukobu dve Srbije ispred Skup\u0161tine! (VIDEO)<\/a><\/blockquote><iframe loading=\"lazy\" class=\"wp-embedded-content\" sandbox=\"allow-scripts\" security=\"restricted\" style=\"position: absolute; visibility: hidden;\" title=\"&#132;&#8222;TO NIJE BILA NESRE\u0106A, TO JE UBISTVO&#8220;: Nema\u010dki mediji o \u0161trajku Dijane Hrke i sukobu dve Srbije ispred Skup\u0161tine! (VIDEO)&#147; &#8212; Serbiantimes.info\" src=\"https:\/\/serbiantimes.info\/to-nije-bila-nesreca-to-je-ubistvo-nemacki-mediji-o-strajku-dijane-hrke-i-sukobu-dve-srbije-ispred-skupstine-video\/embed\/#?secret=a1ImKhdzLp#?secret=mXsRG2hnnj\" data-secret=\"mXsRG2hnnj\" width=\"500\" height=\"282\" frameborder=\"0\" marginwidth=\"0\" marginheight=\"0\" scrolling=\"no\"><\/iframe>\n<\/div><\/figure>\n\n\n\n<p>\u201cVeritas\u201d possesses court documents showing that the County State Prosecutor\u2019s Office in Split charged Neboj\u0161a Popovi\u0107 (born 1961), Drinko Baljkovi\u0107 (born 1951), and Janko Popovi\u0107 (born 1958) for the same crime in indictments issued in 2015 and 2016, with the proceedings conducted in absentia. In the meantime, the case against Neboj\u0161a Popovi\u0107 has been separated from the other two.<\/p>\n\n\n\n<p>According to \u201cVeritas\u201d records, since the beginning of this year, six Serbs from Croatia and the former Republic of Serbian Krajina have been arrested for war crimes\u2014three in Croatia and three outside Croatia.<\/p>\n\n\n\n<p>In Croatia, in addition to Zoran Korda, the following have been arrested: \u017deljko Babi\u0107 (born 1955) from Mokro Polje near Knin, arrested on July 1, despite spending several months each year in his native village since 2005, and Dragutin \u0106elap (born 1954) from Topusko, arrested on September 12 (for the second time), even though he returned from exile years ago and served for many years as an SDSS official.<\/p>\n\n\n\n<p>Outside Croatia, under European arrest warrants issued by Croatian authorities, the following were arrested: Du\u0161an Grkovi\u0107 (born 1956) from Lovas, citizen of Serbia and Croatia, arrested on April 12 in Hungary at the Tompa\u2013Kelebija border crossing and extradited to Croatia on April 23; Milorad Davidovi\u0107 (born 1969) from Grubi\u0161no Polje, citizen of Serbia and Sweden, arrested on September 10 at an airport in Sweden, where he had lived with his family since 2009, and extradited to Croatia on October 26; and \u017divko Zagorac (born 1946) from Tur\u010devi\u0107 Polje, citizen of Serbia and Canada, arrested on October 16 at an airport in Poland while returning from Serbia to Canada. He is currently in extradition custody awaiting a decision on extradition.<\/p>\n\n\n\n<p>According to \u201cVeritas\u201d records, based on international warrants issued by Croatian judicial authorities, at least 202 Serbs have been arrested worldwide so far, of whom 84 have been extradited to Croatia. Currently, 28 people of Serbian nationality are in Croatian prisons for war crimes, 15 of whom have been convicted, while the others are under investigation, indictment, or awaiting final verdicts.<\/p>\n\n\n\n<h4 class=\"wp-block-heading\"><mark>MORE TOPICS:<\/mark><\/h4>\n\n\n\n<p id=\"block-90a823a5-c206-40bf-81fb-18270736fa93\"><strong><a href=\"https:\/\/serbiantimes.info\/en\/court-allegedly-accepted-the-appeal-the-release-of-vladimir-stimac-to-defend-himself-while-free-has-been-announced\/\" target=\"_blank\" rel=\"noreferrer noopener\">COURT ALLEGEDLY ACCEPTED THE APPEAL: The release of Vladimir \u0160timac to defend himself while free has been announced!<\/a><\/strong><\/p>\n\n\n\n<p id=\"block-5f20f3a6-9aa6-4b8b-90e9-e6b44ac95ce1\"><strong><a href=\"https:\/\/serbiantimes.info\/en\/they-removed-shrapnel-from-his-shoulder-serbian-citizen-alon-ohel-successfully-operated-on-in-israel\/\" target=\"_blank\" rel=\"noreferrer noopener\">THEY REMOVED SHRAPNEL FROM HIS SHOULDER: Serbian citizen Alon Ohel successfully operated on in Israel!<\/a><\/strong><\/p>\n\n\n\n<p id=\"block-46ba9555-0d82-4d61-b76d-8cee3301f8e7\"><strong><a href=\"https:\/\/serbiantimes.info\/en\/stimacs-wife-called-for-a-support-rally-indictment-written-on-andrics-wreath-lawyers-announced-an-appeal\/\" target=\"_blank\" rel=\"noreferrer noopener\">\u0160TIMAC\u2019S WIFE CALLED FOR A SUPPORT RALLY: \u201cIndictment written on Andri\u0107\u2019s Wreath\u201d, lawyers announced an appeal!<\/a><\/strong><\/p>\n\n\n\n<p id=\"block-b453d66f-ac0e-44b1-93bc-fd5ba9a4b281\"><strong><a href=\"https:\/\/serbiantimes.info\/en\/officials-entered-through-the-basement-students-from-cacak-stood-by-dijana-hrka-spent-the-night-in-front-of-the-city-hall-video\/\" target=\"_blank\" rel=\"noreferrer noopener\">OFFICIALS ENTERED THROUGH THE BASEMENT: Students from \u010ca\u010dak stood by Dijana Hrka, spent the night in front of the city hall! (VIDEO)<\/a><\/strong><\/p>\n\n\n\n<p id=\"block-5c0616b6-fe17-49d8-a1bd-623f601469e6\"><strong><a href=\"https:\/\/serbiantimes.info\/en\/dijana-hrka-continues-hunger-strike-the-worst-thing-is-that-the-police-allow-the-cacii-to-attack-the-people\/\" target=\"_blank\" rel=\"noreferrer noopener\">DIJANA HRKA CONTINUES HUNGER STRIKE: The worst thing is that the police allow the \u0107acii to attack the people!<\/a><\/strong><\/p>\n\n\n\n<p id=\"block-ede5f523-576c-445f-9e34-8a3be72f5578\"><strong><a href=\"https:\/\/serbiantimes.info\/en\/police-arrested-only-citizens-thirty-seven-detained-none-of-the-hooligans-from-caciland-who-started-the-conflict-among-them\/\" target=\"_blank\" rel=\"noreferrer noopener\">POLICE ARRESTED ONLY CITIZENS: Thirty-seven detained, none of the hooligans from \u0106aciland who started the conflict among them!<\/a><\/strong><\/p>\n\n\n\n<p><strong>Source<\/strong>: Veritas, <strong>Foto:<\/strong> Printscreen Facebook<\/p>\n","protected":false},"excerpt":{"rendered":"<p>Croatian police have arrested a 61-year-old dual citizen of Croatia and Montenegro on suspicion that, as a member of a Serbian paramilitary formation, he committed a war crime against prisoners of war in February 1993 near Vodice, close to \u0160ibenik, Croatian police and prosecutors announced yesterday on their official websites. In a statement by the [&hellip;]<\/p>\n","protected":false},"author":2169,"featured_media":192270,"comment_status":"open","ping_status":"open","sticky":false,"template":"","format":"standard","meta":{"newspack_featured_image_position":"","newspack_post_subtitle":"","newspack_article_summary_title":"Overview:","newspack_article_summary":"","newspack_hide_updated_date":false,"newspack_show_updated_date":false,"footnotes":""},"categories":[8],"tags":[116,1617,117,478,1544,3222,113],"class_list":["post-192269","post","type-post","status-publish","format-standard","has-post-thumbnail","hentry","category-balkan","tag-balkan","tag-hapsenje","tag-hrvatska","tag-policija","tag-ratni-zlocin","tag-srbi-u-hrvatskoj","tag-srbija","entry"],"aioseo_notices":[],"distributor_meta":false,"distributor_terms":false,"distributor_media":false,"distributor_original_site_name":"Serbiantimes.info EN","distributor_original_site_url":"https:\/\/serbiantimes.info\/en","push-errors":false,"_links":{"self":[{"href":"https:\/\/serbiantimes.info\/en\/wp-json\/wp\/v2\/posts\/192269","targetHints":{"allow":["GET"]}}],"collection":[{"href":"https:\/\/serbiantimes.info\/en\/wp-json\/wp\/v2\/posts"}],"about":[{"href":"https:\/\/serbiantimes.info\/en\/wp-json\/wp\/v2\/types\/post"}],"author":[{"embeddable":true,"href":"https:\/\/serbiantimes.info\/en\/wp-json\/wp\/v2\/users\/2169"}],"replies":[{"embeddable":true,"href":"https:\/\/serbiantimes.info\/en\/wp-json\/wp\/v2\/comments?post=192269"}],"version-history":[{"count":2,"href":"https:\/\/serbiantimes.info\/en\/wp-json\/wp\/v2\/posts\/192269\/revisions"}],"predecessor-version":[{"id":192283,"href":"https:\/\/serbiantimes.info\/en\/wp-json\/wp\/v2\/posts\/192269\/revisions\/192283"}],"wp:featuredmedia":[{"embeddable":true,"href":"https:\/\/serbiantimes.info\/en\/wp-json\/wp\/v2\/media\/192270"}],"wp:attachment":[{"href":"https:\/\/serbiantimes.info\/en\/wp-json\/wp\/v2\/media?parent=192269"}],"wp:term":[{"taxonomy":"category","embeddable":true,"href":"https:\/\/serbiantimes.info\/en\/wp-json\/wp\/v2\/categories?post=192269"},{"taxonomy":"post_tag","embeddable":true,"href":"https:\/\/serbiantimes.info\/en\/wp-json\/wp\/v2\/tags?post=192269"}],"curies":[{"name":"wp","href":"https:\/\/api.w.org\/{rel}","templated":true}]}}