{"id":191811,"date":"2025-11-01T21:49:29","date_gmt":"2025-11-01T19:49:29","guid":{"rendered":"https:\/\/serbiantimes.info\/en\/?p=191811"},"modified":"2025-11-01T21:49:30","modified_gmt":"2025-11-01T19:49:30","slug":"charged-with-attempting-a-coup-police-raid-the-military-medical-academy-searching-for-a-doctor-who-allegedly-prepared-poison-for-baculov","status":"publish","type":"post","link":"https:\/\/serbiantimes.info\/en\/charged-with-attempting-a-coup-police-raid-the-military-medical-academy-searching-for-a-doctor-who-allegedly-prepared-poison-for-baculov\/","title":{"rendered":"CHARGED WITH ATTEMPTING A COUP: Police raid the Military Medical Academy, searching for a doctor who allegedly prepared poison for Ba\u010dulov!"},"content":{"rendered":"\n<p>Police entered the Military Medical Academy (VMA) in Belgrade in order to find a person who was allegedly supposed to provide Novi Sad activist and councilor Mi\u0161a Ba\u010dulov with a poison that would cause symptoms of poisoning but would not endanger his health, reported Radio Television of Serbia.<\/p>\n\n\n\n<p>According to information obtained by the Public Broadcaster, members of the Criminal Police Directorate entered, under the order of the Higher Public Prosecutor\u2019s Office in Belgrade, the premises of the Department of Toxicology at the VMA in order to identify, for now, an unknown individual who allegedly had the task of providing Ba\u010dulov with the appropriate dose of the poison \u201cricin,\u201d which would cause symptoms of poisoning but would not endanger his health.<\/p>\n\n\n\n<figure class=\"wp-block-embed is-type-wp-embed is-provider-serbiantimes-info wp-block-embed-serbiantimes-info\"><div class=\"wp-block-embed__wrapper\">\n<blockquote class=\"wp-embedded-content\" data-secret=\"J71yXQDst3\"><a href=\"https:\/\/serbiantimes.info\/oci-celog-sveta-uprte-u-novi-sad-svetski-mediji-prenose-uzivo-komemorativni-skup-jedna-recenica-ce-razbesneti-vucica\/\">O\u010cI CELOG SVETA UPRTE U NOVI SAD: Svetski mediji prenose u\u017eivo komemorativni skup, jedna re\u010denica \u0107e razbesneti Vu\u010di\u0107a!<\/a><\/blockquote><iframe loading=\"lazy\" class=\"wp-embedded-content\" sandbox=\"allow-scripts\" security=\"restricted\" style=\"position: absolute; visibility: hidden;\" title=\"&#132;O\u010cI CELOG SVETA UPRTE U NOVI SAD: Svetski mediji prenose u\u017eivo komemorativni skup, jedna re\u010denica \u0107e razbesneti Vu\u010di\u0107a!&#147; &#8212; Serbiantimes.info\" src=\"https:\/\/serbiantimes.info\/oci-celog-sveta-uprte-u-novi-sad-svetski-mediji-prenose-uzivo-komemorativni-skup-jedna-recenica-ce-razbesneti-vucica\/embed\/#?secret=HZHDp5Kq4e#?secret=J71yXQDst3\" data-secret=\"J71yXQDst3\" width=\"500\" height=\"282\" frameborder=\"0\" marginwidth=\"0\" marginheight=\"0\" scrolling=\"no\"><\/iframe>\n<\/div><\/figure>\n\n\n\n<p>Novi Sad councilor Mi\u0161a Ba\u010dulov and D. C. were arrested yesterday on suspicion that they had arranged and planned for Ba\u010dulov to be poisoned and then to accuse the president of Serbia and the state leadership for it.<\/p>\n\n\n\n<p>It is suspected that they planned and coordinated actions that would create conditions for the direct execution of the criminal offense of attacking the constitutional order, according to the prosecutor\u2019s office.<\/p>\n\n\n\n<h4 class=\"wp-block-heading\"><mark style=\"background-color:#FFFFFF;color:#d21414\" class=\"has-inline-color\">MORE TOPICS:<\/mark><\/h4>\n\n\n\n<p><strong><a href=\"https:\/\/serbiantimes.info\/en\/thank-you-trump-for-correcting-the-injustice-milorad-dodik-spoke-out-about-the-lifting-of-american-sanctions\/\" target=\"_blank\" rel=\"noopener\" title=\"\">\u201cTHANK YOU TRUMP FOR CORRECTING THE INJUSTICE\u201d: Milorad Dodik spoke out about the lifting of American sanctions!<\/a><\/strong><\/p>\n\n\n\n<p><strong><a href=\"https:\/\/serbiantimes.info\/en\/they-are-no-longer-on-the-black-list-the-usa-lifted-sanctions-on-milorad-dodik-and-zeljka-cvijanovic\/\" target=\"_blank\" rel=\"noopener\" title=\"\">THEY ARE NO LONGER ON THE BLACK LIST: The USA lifted sanctions on Milorad Dodik and \u017deljka Cvijanovi\u0107!<\/a><\/strong><\/p>\n\n\n\n<p><strong><a href=\"https:\/\/serbiantimes.info\/en\/turkish-journalist-sharply-responded-to-spajic-you-accepted-criminals-and-now-you-are-shifting-the-blame-to-turkey\/\" target=\"_blank\" rel=\"noopener\" title=\"\">TURKISH JOURNALIST SHARPLY RESPONDED TO SPAJI\u0106: \u201cYou accepted criminals, and now you are shifting the blame to Turkey!\u201d<\/a><\/strong><\/p>\n\n\n\n<p><strong><a href=\"https:\/\/serbiantimes.info\/en\/roads-of-serbia-deny-themselves-the-roads-to-novi-sad-will-not-be-closed\/\" target=\"_blank\" rel=\"noopener\" title=\"\">\u201cROADS OF SERBIA\u201d DENY THEMSELVES: The roads to Novi Sad will not be closed!<\/a><\/strong><\/p>\n\n\n\n<p><strong><a href=\"https:\/\/serbiantimes.info\/en\/great-recognition-for-a-serbian-from-chicago-doctor-knezevic-included-among-the-top-2-percent-of-scientists-in-the-world\/\" target=\"_blank\" rel=\"noopener\" title=\"\">GREAT RECOGNITION FOR A SERBIAN FROM CHICAGO: Doctor Kne\u017eevi\u0107 included among the top 2 percent of scientists in the world!<\/a><\/strong><\/p>\n\n\n\n<p><strong>Source<\/strong>: Nova<strong>&nbsp;Foto:<\/strong>&nbsp;Wikimedia Creative Commons<\/p>\n","protected":false},"excerpt":{"rendered":"<p>Police entered the Military Medical Academy (VMA) in Belgrade in order to find a person who was allegedly supposed to provide Novi Sad activist and councilor Mi\u0161a Ba\u010dulov with a poison that would cause symptoms of poisoning but would not endanger his health, reported Radio Television of Serbia. According to information obtained by the Public [&hellip;]<\/p>\n","protected":false},"author":2169,"featured_media":176766,"comment_status":"open","ping_status":"open","sticky":false,"template":"","format":"standard","meta":{"newspack_featured_image_position":"","newspack_post_subtitle":"","newspack_article_summary_title":"Overview:","newspack_article_summary":"","newspack_hide_updated_date":false,"newspack_show_updated_date":false,"footnotes":""},"categories":[7],"tags":[5601,1617,1519,2281,8666,9424,5097],"class_list":["post-191811","post","type-post","status-publish","format-standard","has-post-thumbnail","hentry","category-serbia","tag-drzavni-udar","tag-hapsenje","tag-istraga","tag-misa-baculov","tag-otrov","tag-ricin","tag-vma","entry"],"aioseo_notices":[],"distributor_meta":false,"distributor_terms":false,"distributor_media":false,"distributor_original_site_name":"Serbiantimes.info EN","distributor_original_site_url":"https:\/\/serbiantimes.info\/en","push-errors":false,"_links":{"self":[{"href":"https:\/\/serbiantimes.info\/en\/wp-json\/wp\/v2\/posts\/191811","targetHints":{"allow":["GET"]}}],"collection":[{"href":"https:\/\/serbiantimes.info\/en\/wp-json\/wp\/v2\/posts"}],"about":[{"href":"https:\/\/serbiantimes.info\/en\/wp-json\/wp\/v2\/types\/post"}],"author":[{"embeddable":true,"href":"https:\/\/serbiantimes.info\/en\/wp-json\/wp\/v2\/users\/2169"}],"replies":[{"embeddable":true,"href":"https:\/\/serbiantimes.info\/en\/wp-json\/wp\/v2\/comments?post=191811"}],"version-history":[{"count":2,"href":"https:\/\/serbiantimes.info\/en\/wp-json\/wp\/v2\/posts\/191811\/revisions"}],"predecessor-version":[{"id":191823,"href":"https:\/\/serbiantimes.info\/en\/wp-json\/wp\/v2\/posts\/191811\/revisions\/191823"}],"wp:featuredmedia":[{"embeddable":true,"href":"https:\/\/serbiantimes.info\/en\/wp-json\/wp\/v2\/media\/176766"}],"wp:attachment":[{"href":"https:\/\/serbiantimes.info\/en\/wp-json\/wp\/v2\/media?parent=191811"}],"wp:term":[{"taxonomy":"category","embeddable":true,"href":"https:\/\/serbiantimes.info\/en\/wp-json\/wp\/v2\/categories?post=191811"},{"taxonomy":"post_tag","embeddable":true,"href":"https:\/\/serbiantimes.info\/en\/wp-json\/wp\/v2\/tags?post=191811"}],"curies":[{"name":"wp","href":"https:\/\/api.w.org\/{rel}","templated":true}]}}