{"id":190904,"date":"2025-10-21T22:38:01","date_gmt":"2025-10-21T20:38:01","guid":{"rendered":"https:\/\/serbiantimes.info\/en\/?p=190904"},"modified":"2025-10-21T22:38:02","modified_gmt":"2025-10-21T20:38:02","slug":"3-days-of-festival-3-days-of-magic-serbian-film-conquered-the-american-capital-sergej-and-igor-took-the-award-and-said-we-are-coming-back-here-next-year-too-video-foto","status":"publish","type":"post","link":"https:\/\/serbiantimes.info\/en\/3-days-of-festival-3-days-of-magic-serbian-film-conquered-the-american-capital-sergej-and-igor-took-the-award-and-said-we-are-coming-back-here-next-year-too-video-foto\/","title":{"rendered":"3 DAYS OF FESTIVAL, 3 DAYS OF MAGIC: Serbian film conquered the American capital, Sergej and Igor took the award and said: \u201cWe are coming back here next year too!\u201d (VIDEO + FOTO)"},"content":{"rendered":"\n<p><strong><em>The second Serbian Film Festival in Washington, D.C., was held over the weekend and turned into a celebration of our culture in the American capital.<\/em><\/strong><\/p>\n\n\n\n<p>Over the three days it lasted, several excellent films were screened, and after the projections, viewers had the opportunity to enjoy discussions with famous actors and directors who were guests of the festival.<\/p>\n\n\n\n<figure class=\"wp-block-image size-large\"><img loading=\"lazy\" decoding=\"async\" width=\"1024\" height=\"701\" src=\"http:\/\/serbiantimes.info\/wp-content\/uploads\/sites\/2\/2025\/10\/Srpski-film-festival-Vasington-2025-5-1024x701.jpg\" alt=\"\" class=\"wp-image-190905\" srcset=\"https:\/\/serbiantimes.info\/en\/wp-content\/uploads\/sites\/2\/2025\/10\/Srpski-film-festival-Vasington-2025-5-1024x701.jpg 1024w, https:\/\/serbiantimes.info\/en\/wp-content\/uploads\/sites\/2\/2025\/10\/Srpski-film-festival-Vasington-2025-5-300x205.jpg 300w, https:\/\/serbiantimes.info\/en\/wp-content\/uploads\/sites\/2\/2025\/10\/Srpski-film-festival-Vasington-2025-5-768x526.jpg 768w, https:\/\/serbiantimes.info\/en\/wp-content\/uploads\/sites\/2\/2025\/10\/Srpski-film-festival-Vasington-2025-5-1200x822.jpg 1200w, https:\/\/serbiantimes.info\/en\/wp-content\/uploads\/sites\/2\/2025\/10\/Srpski-film-festival-Vasington-2025-5.jpg 1319w\" sizes=\"auto, (max-width: 1024px) 100vw, 1024px\" \/><\/figure>\n\n\n\n<p><em>GREAT INTEREST: Otvaranje Srpskog filmskog festivala u Va\u0161ingtonu (Opening of the Serbian Film Festival in Washington)<\/em><\/p>\n\n\n\n<p>The main star was certainly Sergej Trifunovi\u0107, who, along with his colleague Igor Ben\u010dina, deservedly collected the laurels for the film &#8220;A Son&#8217;s Will&#8221; (Volja sinovljeva), which was declared the winner of the festival.<\/p>\n\n\n\n<figure class=\"wp-block-image size-large\"><img loading=\"lazy\" decoding=\"async\" width=\"1024\" height=\"679\" src=\"http:\/\/serbiantimes.info\/wp-content\/uploads\/sites\/2\/2025\/10\/Srpski-film-festival-Vasington-2025-3-1024x679.jpg\" alt=\"\" class=\"wp-image-190906\" srcset=\"https:\/\/serbiantimes.info\/en\/wp-content\/uploads\/sites\/2\/2025\/10\/Srpski-film-festival-Vasington-2025-3-1024x679.jpg 1024w, https:\/\/serbiantimes.info\/en\/wp-content\/uploads\/sites\/2\/2025\/10\/Srpski-film-festival-Vasington-2025-3-300x199.jpg 300w, https:\/\/serbiantimes.info\/en\/wp-content\/uploads\/sites\/2\/2025\/10\/Srpski-film-festival-Vasington-2025-3-768x509.jpg 768w, https:\/\/serbiantimes.info\/en\/wp-content\/uploads\/sites\/2\/2025\/10\/Srpski-film-festival-Vasington-2025-3.jpg 1033w\" sizes=\"auto, (max-width: 1024px) 100vw, 1024px\" \/><\/figure>\n\n\n\n<p><em>GIVE ME FIVE, SERGEJ! Susret glumaca sa najmla\u0111im fanovima (Meeting of the actors with the youngest fans)<\/em><\/p>\n\n\n\n<p>Ben\u010dina&#8217;s role also contributed to &#8220;Videoteka,&#8221; a film by director Luka Bursa\u0107, who was also a guest at the festival, receiving the second prize. The third prize went to &#8220;Among the Gods&#8221; (Me\u0111u bogovima) directed by Vuk R\u0161umovi\u0107.<\/p>\n\n\n\n<figure class=\"wp-block-image size-large\"><img loading=\"lazy\" decoding=\"async\" width=\"1024\" height=\"679\" src=\"http:\/\/serbiantimes.info\/wp-content\/uploads\/sites\/2\/2025\/10\/Srpski-film-festival-Vasington-2025-15-1024x679.jpg\" alt=\"\" class=\"wp-image-190907\" srcset=\"https:\/\/serbiantimes.info\/en\/wp-content\/uploads\/sites\/2\/2025\/10\/Srpski-film-festival-Vasington-2025-15-1024x679.jpg 1024w, https:\/\/serbiantimes.info\/en\/wp-content\/uploads\/sites\/2\/2025\/10\/Srpski-film-festival-Vasington-2025-15-300x199.jpg 300w, https:\/\/serbiantimes.info\/en\/wp-content\/uploads\/sites\/2\/2025\/10\/Srpski-film-festival-Vasington-2025-15-768x509.jpg 768w, https:\/\/serbiantimes.info\/en\/wp-content\/uploads\/sites\/2\/2025\/10\/Srpski-film-festival-Vasington-2025-15-1200x795.jpg 1200w, https:\/\/serbiantimes.info\/en\/wp-content\/uploads\/sites\/2\/2025\/10\/Srpski-film-festival-Vasington-2025-15.jpg 1319w\" sizes=\"auto, (max-width: 1024px) 100vw, 1024px\" \/><\/figure>\n\n\n\n<p><em>PLEASANT FILM TALKS: Luka Bursa\u0107 i Igor Ben\u010dina posle premijere \u201eVideoteke\u201c (Luka Bursa\u0107 and Igor Ben\u010dina after the premiere of &#8220;Videoteka&#8221;)<\/em><\/p>\n\n\n\n<p>&#8220;I haven&#8217;t met so many interesting people in one place in a long time. Thank you to the organizers who gathered us all in one place and made an effort for these people to see what new is happening in Serbian film, and I truly believe we have something to show the world.<\/p>\n\n\n\n<figure class=\"wp-block-image size-large\"><img loading=\"lazy\" decoding=\"async\" width=\"1024\" height=\"717\" src=\"http:\/\/serbiantimes.info\/wp-content\/uploads\/sites\/2\/2025\/10\/Srpski-film-festival-Vasington-2025-1-1024x717.jpg\" alt=\"\" class=\"wp-image-190908\" srcset=\"https:\/\/serbiantimes.info\/en\/wp-content\/uploads\/sites\/2\/2025\/10\/Srpski-film-festival-Vasington-2025-1-1024x717.jpg 1024w, https:\/\/serbiantimes.info\/en\/wp-content\/uploads\/sites\/2\/2025\/10\/Srpski-film-festival-Vasington-2025-1-300x210.jpg 300w, https:\/\/serbiantimes.info\/en\/wp-content\/uploads\/sites\/2\/2025\/10\/Srpski-film-festival-Vasington-2025-1-768x537.jpg 768w, https:\/\/serbiantimes.info\/en\/wp-content\/uploads\/sites\/2\/2025\/10\/Srpski-film-festival-Vasington-2025-1-1200x840.jpg 1200w, https:\/\/serbiantimes.info\/en\/wp-content\/uploads\/sites\/2\/2025\/10\/Srpski-film-festival-Vasington-2025-1.jpg 1319w\" sizes=\"auto, (max-width: 1024px) 100vw, 1024px\" \/><\/figure>\n\n\n\n<figure class=\"wp-block-image size-large\"><img loading=\"lazy\" decoding=\"async\" width=\"1024\" height=\"680\" src=\"http:\/\/serbiantimes.info\/wp-content\/uploads\/sites\/2\/2025\/10\/Srpski-film-festival-Vasington-2025-10-1024x680.jpg\" alt=\"\" class=\"wp-image-190909\" srcset=\"https:\/\/serbiantimes.info\/en\/wp-content\/uploads\/sites\/2\/2025\/10\/Srpski-film-festival-Vasington-2025-10-1024x680.jpg 1024w, https:\/\/serbiantimes.info\/en\/wp-content\/uploads\/sites\/2\/2025\/10\/Srpski-film-festival-Vasington-2025-10-300x199.jpg 300w, https:\/\/serbiantimes.info\/en\/wp-content\/uploads\/sites\/2\/2025\/10\/Srpski-film-festival-Vasington-2025-10-768x510.jpg 768w, https:\/\/serbiantimes.info\/en\/wp-content\/uploads\/sites\/2\/2025\/10\/Srpski-film-festival-Vasington-2025-10-1200x797.jpg 1200w, https:\/\/serbiantimes.info\/en\/wp-content\/uploads\/sites\/2\/2025\/10\/Srpski-film-festival-Vasington-2025-10.jpg 1319w\" sizes=\"auto, (max-width: 1024px) 100vw, 1024px\" \/><\/figure>\n\n\n\n<p><em>POSITIVE VIBES: Festival je okupio srpsku zajednicu u Va\u0161ingtonu, ali i \u0161ire (The festival gathered the Serbian community in Washington, but also wider)<\/em><\/p>\n\n\n\n<p>&#8220;This is my first time here and my first award, and I promise to come next year, and the year after that\u2026&#8221;, Sergej Trifunovi\u0107 told the Serbian Times, who used the opportunity while accepting the award to greet his wife Isidora in the audience, who came to the festival in her fourth month of pregnancy.<\/p>\n\n\n\n<iframe loading=\"lazy\" src=\"https:\/\/www.facebook.com\/plugins\/video.php?height=476&#038;href=https%3A%2F%2Fwww.facebook.com%2Fantonije.kovacevic%2Fvideos%2F2242681436143914%2F&#038;show_text=false&#038;width=267&#038;t=0\" width=\"267\" height=\"476\" style=\"border:none;overflow:hidden\" scrolling=\"no\" frameborder=\"0\" allowfullscreen=\"true\" allow=\"autoplay; clipboard-write; encrypted-media; picture-in-picture; web-share\" allowFullScreen=\"true\"><\/iframe>\n\n\n\n<p>Serbian diplomats, Ambassador of Serbia Dragan \u0160utanovac and Director of the Office of the Republic of Srpska in Washington Drina Raji\u0107, also appeared at the grand opening.<\/p>\n\n\n\n<figure class=\"wp-block-gallery has-nested-images columns-default is-cropped wp-block-gallery-1 is-layout-flex wp-block-gallery-is-layout-flex\">\n<figure class=\"wp-block-image size-large\"><img loading=\"lazy\" decoding=\"async\" width=\"768\" height=\"1024\" data-id=\"190910\" src=\"http:\/\/serbiantimes.info\/wp-content\/uploads\/sites\/2\/2025\/10\/Srpski-film-festival-Vasington-2025-14-768x1024.jpg\" alt=\"\" class=\"wp-image-190910\" srcset=\"https:\/\/serbiantimes.info\/en\/wp-content\/uploads\/sites\/2\/2025\/10\/Srpski-film-festival-Vasington-2025-14-768x1024.jpg 768w, https:\/\/serbiantimes.info\/en\/wp-content\/uploads\/sites\/2\/2025\/10\/Srpski-film-festival-Vasington-2025-14-225x300.jpg 225w, https:\/\/serbiantimes.info\/en\/wp-content\/uploads\/sites\/2\/2025\/10\/Srpski-film-festival-Vasington-2025-14-1152x1536.jpg 1152w, https:\/\/serbiantimes.info\/en\/wp-content\/uploads\/sites\/2\/2025\/10\/Srpski-film-festival-Vasington-2025-14-1200x1600.jpg 1200w, https:\/\/serbiantimes.info\/en\/wp-content\/uploads\/sites\/2\/2025\/10\/Srpski-film-festival-Vasington-2025-14.jpg 1536w\" sizes=\"auto, (max-width: 768px) 100vw, 768px\" \/><\/figure>\n\n\n\n<figure class=\"wp-block-image size-large\"><img loading=\"lazy\" decoding=\"async\" width=\"1024\" height=\"674\" data-id=\"190911\" src=\"http:\/\/serbiantimes.info\/wp-content\/uploads\/sites\/2\/2025\/10\/Srpski-film-festival-Vasington-2025-8-1024x674.jpg\" alt=\"\" class=\"wp-image-190911\" srcset=\"https:\/\/serbiantimes.info\/en\/wp-content\/uploads\/sites\/2\/2025\/10\/Srpski-film-festival-Vasington-2025-8-1024x674.jpg 1024w, https:\/\/serbiantimes.info\/en\/wp-content\/uploads\/sites\/2\/2025\/10\/Srpski-film-festival-Vasington-2025-8-300x197.jpg 300w, https:\/\/serbiantimes.info\/en\/wp-content\/uploads\/sites\/2\/2025\/10\/Srpski-film-festival-Vasington-2025-8-768x505.jpg 768w, https:\/\/serbiantimes.info\/en\/wp-content\/uploads\/sites\/2\/2025\/10\/Srpski-film-festival-Vasington-2025-8-1200x790.jpg 1200w, https:\/\/serbiantimes.info\/en\/wp-content\/uploads\/sites\/2\/2025\/10\/Srpski-film-festival-Vasington-2025-8.jpg 1319w\" sizes=\"auto, (max-width: 1024px) 100vw, 1024px\" \/><\/figure>\n<\/figure>\n\n\n\n<p><em>DIPLOMACY &amp; ART: Dragan \u0160utanovac sa saradnicama i Drina Raji\u0107 sa sinom (Dragan \u0160utanovac with colleagues and Drina Raji\u0107 with her son)<\/em><\/p>\n\n\n\n<p>The director of the festival, Marija Mateji\u0107, was satisfied with the audience&#8217;s reactions and the atmosphere that accompanied the Serbian Film Festival:<\/p>\n\n\n\n<figure class=\"wp-block-image size-large\"><img loading=\"lazy\" decoding=\"async\" width=\"1024\" height=\"737\" src=\"http:\/\/serbiantimes.info\/wp-content\/uploads\/sites\/2\/2025\/10\/Srpski-film-festival-Vasington-2025-2-1024x737.jpg\" alt=\"\" class=\"wp-image-190912\" srcset=\"https:\/\/serbiantimes.info\/en\/wp-content\/uploads\/sites\/2\/2025\/10\/Srpski-film-festival-Vasington-2025-2-1024x737.jpg 1024w, https:\/\/serbiantimes.info\/en\/wp-content\/uploads\/sites\/2\/2025\/10\/Srpski-film-festival-Vasington-2025-2-300x216.jpg 300w, https:\/\/serbiantimes.info\/en\/wp-content\/uploads\/sites\/2\/2025\/10\/Srpski-film-festival-Vasington-2025-2-768x553.jpg 768w, https:\/\/serbiantimes.info\/en\/wp-content\/uploads\/sites\/2\/2025\/10\/Srpski-film-festival-Vasington-2025-2-1200x863.jpg 1200w, https:\/\/serbiantimes.info\/en\/wp-content\/uploads\/sites\/2\/2025\/10\/Srpski-film-festival-Vasington-2025-2.jpg 1319w\" sizes=\"auto, (max-width: 1024px) 100vw, 1024px\" \/><\/figure>\n\n\n\n<p><em>ORGANIZATION FOR A &#8220;TEN&#8221;: Marija Mateji\u0107 sa suprugom, sinom i Igorom Ben\u010dinom (Marija Mateji\u0107 with her husband, son and Igor Ben\u010dina)<\/em><\/p>\n\n\n\n<p>&#8220;It was shown once again that our people in the diaspora, including here in Washington and the surrounding area, are hungry for Serbian culture, that they love films, that they can&#8217;t wait for something to happen, maybe also because we have fewer events here than in some other, larger cities, such as Chicago or New York,&#8221; she pointed out, finally thanking the sponsors who made the festival possible.<\/p>\n\n\n\n<iframe loading=\"lazy\" src=\"https:\/\/www.facebook.com\/plugins\/video.php?height=476&#038;href=https%3A%2F%2Fwww.facebook.com%2Fantonije.kovacevic%2Fvideos%2F1423342042872770%2F&#038;show_text=false&#038;width=267&#038;t=0\" width=\"267\" height=\"476\" style=\"border:none;overflow:hidden\" scrolling=\"no\" frameborder=\"0\" allowfullscreen=\"true\" allow=\"autoplay; clipboard-write; encrypted-media; picture-in-picture; web-share\" allowFullScreen=\"true\"><\/iframe>\n\n\n\n<p>One of them, Goran Petkovi\u0107, a Serbian businessman originally from Topola, who has lived in America for 41 years and has a successful business in Detroit, emphasizes that it was an honor for him to support such an event:<\/p>\n\n\n\n<figure class=\"wp-block-image size-large\"><img loading=\"lazy\" decoding=\"async\" width=\"1024\" height=\"688\" src=\"http:\/\/serbiantimes.info\/wp-content\/uploads\/sites\/2\/2025\/10\/Srpski-film-festival-Vasington-2025-7-1024x688.jpg\" alt=\"\" class=\"wp-image-190913\" srcset=\"https:\/\/serbiantimes.info\/en\/wp-content\/uploads\/sites\/2\/2025\/10\/Srpski-film-festival-Vasington-2025-7-1024x688.jpg 1024w, https:\/\/serbiantimes.info\/en\/wp-content\/uploads\/sites\/2\/2025\/10\/Srpski-film-festival-Vasington-2025-7-300x202.jpg 300w, https:\/\/serbiantimes.info\/en\/wp-content\/uploads\/sites\/2\/2025\/10\/Srpski-film-festival-Vasington-2025-7-768x516.jpg 768w, https:\/\/serbiantimes.info\/en\/wp-content\/uploads\/sites\/2\/2025\/10\/Srpski-film-festival-Vasington-2025-7-1200x806.jpg 1200w, https:\/\/serbiantimes.info\/en\/wp-content\/uploads\/sites\/2\/2025\/10\/Srpski-film-festival-Vasington-2025-7.jpg 1319w\" sizes=\"auto, (max-width: 1024px) 100vw, 1024px\" \/><\/figure>\n\n\n\n<figure class=\"wp-block-image size-large\"><img loading=\"lazy\" decoding=\"async\" width=\"1024\" height=\"679\" src=\"http:\/\/serbiantimes.info\/wp-content\/uploads\/sites\/2\/2025\/10\/Srpski-film-festival-Vasington-2025-6-1024x679.jpg\" alt=\"\" class=\"wp-image-190914\" srcset=\"https:\/\/serbiantimes.info\/en\/wp-content\/uploads\/sites\/2\/2025\/10\/Srpski-film-festival-Vasington-2025-6-1024x679.jpg 1024w, https:\/\/serbiantimes.info\/en\/wp-content\/uploads\/sites\/2\/2025\/10\/Srpski-film-festival-Vasington-2025-6-300x199.jpg 300w, https:\/\/serbiantimes.info\/en\/wp-content\/uploads\/sites\/2\/2025\/10\/Srpski-film-festival-Vasington-2025-6-768x509.jpg 768w, https:\/\/serbiantimes.info\/en\/wp-content\/uploads\/sites\/2\/2025\/10\/Srpski-film-festival-Vasington-2025-6-1200x795.jpg 1200w, https:\/\/serbiantimes.info\/en\/wp-content\/uploads\/sites\/2\/2025\/10\/Srpski-film-festival-Vasington-2025-6.jpg 1319w\" sizes=\"auto, (max-width: 1024px) 100vw, 1024px\" \/><\/figure>\n\n\n\n<p><em>SUPPORT FOR CULTURE: Goran Petkovi\u0107 i njegova \u0107erka su pomogli Srpski filmski festival (Goran Petkovi\u0107 and his daughter helped the Serbian Film Festival)<\/em><\/p>\n\n\n\n<p>&#8220;I feel a duty to support all projects that promote our talent and that show us here, in America, as a nation with great cultural achievements, which we are. After all, it is no coincidence that the only flag, besides the American one, that flew on the flagpole next to the White House, was the Serbian one,&#8221; concludes Petkovi\u0107, the owner of Gemini Transport company, the main sponsor of the festival.<\/p>\n\n\n\n<iframe loading=\"lazy\" src=\"https:\/\/www.facebook.com\/plugins\/video.php?height=476&#038;href=https%3A%2F%2Fwww.facebook.com%2Fantonije.kovacevic%2Fvideos%2F1164906245606173%2F&#038;show_text=false&#038;width=267&#038;t=0\" width=\"267\" height=\"476\" style=\"border:none;overflow:hidden\" scrolling=\"no\" frameborder=\"0\" allowfullscreen=\"true\" allow=\"autoplay; clipboard-write; encrypted-media; picture-in-picture; web-share\" allowFullScreen=\"true\"><\/iframe>\n\n\n\n<p>In addition to Gemini Transport, the sponsors were also the companies Denver Cargo from Chicago and Copt Defense Properties from Washington, the organization was supported by the &#8220;Ambar&#8221; restaurant, Bloom&amp;Balloon, the festival program was made possible in cooperation with Telekom Srbija and the Film Center of Serbia, and the institutions that helped the Serbian Film Fest in Washington were the Office of the Republic of Srpska, the Embassy of the Republic of Serbia, and the Ministry of Foreign Affairs.<\/p>\n\n\n\n<p>The festival program was hosted by Ivana Pitarevi\u0107, and numerous volunteers from the local Serbian community also helped with the organization, and the fact that the informal gatherings continued long into the night after every festival evening is the best indicator of how satisfied the visitors were.<\/p>\n\n\n\n<figure class=\"wp-block-gallery has-nested-images columns-default is-cropped wp-block-gallery-2 is-layout-flex wp-block-gallery-is-layout-flex\">\n<figure class=\"wp-block-image size-large\"><img loading=\"lazy\" decoding=\"async\" width=\"1024\" height=\"682\" data-id=\"190915\" src=\"http:\/\/serbiantimes.info\/wp-content\/uploads\/sites\/2\/2025\/10\/Srpski-film-festival-Vasington-2025-9-1024x682.jpg\" alt=\"\" class=\"wp-image-190915\" srcset=\"https:\/\/serbiantimes.info\/en\/wp-content\/uploads\/sites\/2\/2025\/10\/Srpski-film-festival-Vasington-2025-9-1024x682.jpg 1024w, https:\/\/serbiantimes.info\/en\/wp-content\/uploads\/sites\/2\/2025\/10\/Srpski-film-festival-Vasington-2025-9-300x200.jpg 300w, https:\/\/serbiantimes.info\/en\/wp-content\/uploads\/sites\/2\/2025\/10\/Srpski-film-festival-Vasington-2025-9-768x511.jpg 768w, https:\/\/serbiantimes.info\/en\/wp-content\/uploads\/sites\/2\/2025\/10\/Srpski-film-festival-Vasington-2025-9-1200x799.jpg 1200w, https:\/\/serbiantimes.info\/en\/wp-content\/uploads\/sites\/2\/2025\/10\/Srpski-film-festival-Vasington-2025-9.jpg 1319w\" sizes=\"auto, (max-width: 1024px) 100vw, 1024px\" \/><\/figure>\n\n\n\n<figure class=\"wp-block-image size-large\"><img loading=\"lazy\" decoding=\"async\" width=\"1024\" height=\"681\" data-id=\"190916\" src=\"http:\/\/serbiantimes.info\/wp-content\/uploads\/sites\/2\/2025\/10\/Srpski-film-festival-Vasington-2025-11-1024x681.jpg\" alt=\"\" class=\"wp-image-190916\" srcset=\"https:\/\/serbiantimes.info\/en\/wp-content\/uploads\/sites\/2\/2025\/10\/Srpski-film-festival-Vasington-2025-11-1024x681.jpg 1024w, https:\/\/serbiantimes.info\/en\/wp-content\/uploads\/sites\/2\/2025\/10\/Srpski-film-festival-Vasington-2025-11-300x199.jpg 300w, https:\/\/serbiantimes.info\/en\/wp-content\/uploads\/sites\/2\/2025\/10\/Srpski-film-festival-Vasington-2025-11-768x511.jpg 768w, https:\/\/serbiantimes.info\/en\/wp-content\/uploads\/sites\/2\/2025\/10\/Srpski-film-festival-Vasington-2025-11-1200x798.jpg 1200w, https:\/\/serbiantimes.info\/en\/wp-content\/uploads\/sites\/2\/2025\/10\/Srpski-film-festival-Vasington-2025-11.jpg 1319w\" sizes=\"auto, (max-width: 1024px) 100vw, 1024px\" \/><\/figure>\n\n\n\n<figure class=\"wp-block-image size-large\"><img loading=\"lazy\" decoding=\"async\" width=\"1024\" height=\"680\" data-id=\"190919\" src=\"http:\/\/serbiantimes.info\/wp-content\/uploads\/sites\/2\/2025\/10\/Srpski-film-festival-Vasington-2025-12-1024x680.jpg\" alt=\"\" class=\"wp-image-190919\" srcset=\"https:\/\/serbiantimes.info\/en\/wp-content\/uploads\/sites\/2\/2025\/10\/Srpski-film-festival-Vasington-2025-12-1024x680.jpg 1024w, https:\/\/serbiantimes.info\/en\/wp-content\/uploads\/sites\/2\/2025\/10\/Srpski-film-festival-Vasington-2025-12-300x199.jpg 300w, https:\/\/serbiantimes.info\/en\/wp-content\/uploads\/sites\/2\/2025\/10\/Srpski-film-festival-Vasington-2025-12-768x510.jpg 768w, https:\/\/serbiantimes.info\/en\/wp-content\/uploads\/sites\/2\/2025\/10\/Srpski-film-festival-Vasington-2025-12-1200x797.jpg 1200w, https:\/\/serbiantimes.info\/en\/wp-content\/uploads\/sites\/2\/2025\/10\/Srpski-film-festival-Vasington-2025-12.jpg 1319w\" sizes=\"auto, (max-width: 1024px) 100vw, 1024px\" \/><\/figure>\n\n\n\n<figure class=\"wp-block-image size-large\"><img loading=\"lazy\" decoding=\"async\" width=\"1024\" height=\"685\" data-id=\"190920\" src=\"http:\/\/serbiantimes.info\/wp-content\/uploads\/sites\/2\/2025\/10\/Srpski-film-festival-Vasington-2025-13-1024x685.jpg\" alt=\"\" class=\"wp-image-190920\" srcset=\"https:\/\/serbiantimes.info\/en\/wp-content\/uploads\/sites\/2\/2025\/10\/Srpski-film-festival-Vasington-2025-13-1024x685.jpg 1024w, https:\/\/serbiantimes.info\/en\/wp-content\/uploads\/sites\/2\/2025\/10\/Srpski-film-festival-Vasington-2025-13-300x201.jpg 300w, https:\/\/serbiantimes.info\/en\/wp-content\/uploads\/sites\/2\/2025\/10\/Srpski-film-festival-Vasington-2025-13-768x514.jpg 768w, https:\/\/serbiantimes.info\/en\/wp-content\/uploads\/sites\/2\/2025\/10\/Srpski-film-festival-Vasington-2025-13-1200x802.jpg 1200w, https:\/\/serbiantimes.info\/en\/wp-content\/uploads\/sites\/2\/2025\/10\/Srpski-film-festival-Vasington-2025-13.jpg 1319w\" sizes=\"auto, (max-width: 1024px) 100vw, 1024px\" \/><\/figure>\n\n\n\n<figure class=\"wp-block-image size-large\"><img loading=\"lazy\" decoding=\"async\" width=\"943\" height=\"1024\" data-id=\"190921\" src=\"http:\/\/serbiantimes.info\/wp-content\/uploads\/sites\/2\/2025\/10\/Srpski-film-festival-Vasington-2025-943x1024.jpg\" alt=\"\" class=\"wp-image-190921\" srcset=\"https:\/\/serbiantimes.info\/en\/wp-content\/uploads\/sites\/2\/2025\/10\/Srpski-film-festival-Vasington-2025-943x1024.jpg 943w, https:\/\/serbiantimes.info\/en\/wp-content\/uploads\/sites\/2\/2025\/10\/Srpski-film-festival-Vasington-2025-276x300.jpg 276w, https:\/\/serbiantimes.info\/en\/wp-content\/uploads\/sites\/2\/2025\/10\/Srpski-film-festival-Vasington-2025-768x834.jpg 768w, https:\/\/serbiantimes.info\/en\/wp-content\/uploads\/sites\/2\/2025\/10\/Srpski-film-festival-Vasington-2025-1200x1304.jpg 1200w, https:\/\/serbiantimes.info\/en\/wp-content\/uploads\/sites\/2\/2025\/10\/Srpski-film-festival-Vasington-2025.jpg 1320w\" sizes=\"auto, (max-width: 943px) 100vw, 943px\" \/><\/figure>\n<\/figure>\n\n\n\n<p>The organizers finally invited everyone to join them in the new adventure that began the very next day, and which should end next year at this time, with the raising of the curtain on the next, third Serbian Film Festival in Washington.<\/p>\n\n\n\n<p><strong>Author: <\/strong>Antonije Kova\u010devi\u0107 <strong>Photo\/Video:<\/strong> Antonije Kova\u010devi\u0107, Julia Keane<\/p>\n\n\n\n<h4 class=\"wp-block-heading\"><mark style=\"background-color:#FFFFFF;color:#d21414\" class=\"has-inline-color\">MORE TOPICS:<\/mark><\/h4>\n\n\n\n<p><strong><a href=\"https:\/\/serbiantimes.info\/en\/madness-in-vienna-they-broke-into-a-serbs-apartment-stabbed-and-beat-him-and-in-the-end-he-was-arrested\/\" target=\"_blank\" rel=\"noopener\" title=\"\">MADNESS IN VIENNA: They broke into a Serb\u2019s apartment, stabbed and beat him, and in the end he was arrested!<\/a><\/strong><\/p>\n\n\n\n<p><strong><a href=\"https:\/\/serbiantimes.info\/en\/with-black-paint-on-novak-who-is-pumps-iron-pijanistas-mural-of-dokovic-in-the-center-of-belgrade-destroyed-foto\/\" target=\"_blank\" rel=\"noopener\" title=\"\">WITH BLACK PAINT ON PUMPING NOVAK: Pijanista\u2019s mural of \u0110okovi\u0107 in the center of Belgrade destroyed (FOTO)<\/a><\/strong><\/p>\n\n\n\n<p><strong><a href=\"https:\/\/serbiantimes.info\/en\/two-weeks-after-opening-cracks-appeared-in-the-concrete-in-the-underpass-of-the-railway-station-in-subotica\/\" target=\"_blank\" rel=\"noopener\" title=\"\">TWO WEEKS AFTER OPENING: Cracks appeared in the concrete in the underpass of the railway station in Subotica!<\/a><\/strong><\/p>\n\n\n\n<p><strong><a href=\"https:\/\/serbiantimes.info\/en\/actor-gagi-jovanovic-is-walking-with-students-to-novi-sad-i-bought-new-sneakers-and-i-hope-i-will-last-until-the-end-video\/\" target=\"_blank\" rel=\"noopener\" title=\"\">ACTOR GAGI JOVANOVI\u0106 IS WALKING WITH STUDENTS TO NOVI SAD: \u201cI bought new sneakers and I hope I will last until the end\u201d (VIDEO)<\/a><\/strong><\/p>\n\n\n\n<p><strong><a href=\"https:\/\/serbiantimes.info\/en\/nesas-friends-are-building-a-house-in-his-native-village-the-shepherd-who-spent-his-whole-life-under-the-open-sky-is-finally-getting-a-home-foto\/\" target=\"_blank\" rel=\"noopener\" title=\"\">NE\u0160A\u2019S FRIENDS ARE BUILDING A HOUSE IN HIS NATIVE VILLAGE: The shepherd who spent his whole life under the open sky is finally getting a home! (FOTO)<\/a><\/strong><\/p>\n\n\n\n<h3 class=\"wp-block-heading\"><strong><a href=\"https:\/\/serbiantimes.info\/uhapsen-srpski-kamiondzija-vozio-sa-dozvolom-rodjaka-ucestvovao-u-udesu-poginula-jedna-osoba\/\" title=\"\"><br><\/a><a href=\"https:\/\/serbiantimes.info\/srbin-policajac-uhapsen-u-cikagu-agenti-imigracije-priveli-bojovica-jer-je-10-godina-ziveo-ilegalno-u-americi-video\/\" title=\"\"><br><\/a><\/strong><\/h3>\n","protected":false},"excerpt":{"rendered":"<p>The second Serbian Film Festival in Washington, D.C., was held over the weekend and turned into a celebration of our culture in the American capital. Over the three days it lasted, several excellent films were screened, and after the projections, viewers had the opportunity to enjoy discussions with famous actors and directors who were guests [&hellip;]<\/p>\n","protected":false},"author":8,"featured_media":190922,"comment_status":"open","ping_status":"open","sticky":false,"template":"","format":"standard","meta":{"newspack_featured_image_position":"","newspack_post_subtitle":"","newspack_article_summary_title":"Overview:","newspack_article_summary":"","newspack_hide_updated_date":false,"newspack_show_updated_date":false,"footnotes":""},"categories":[5],"tags":[5774,9296,9297,9298,1550,9210,9211,418],"class_list":["post-190904","post","type-post","status-publish","format-standard","has-post-thumbnail","hentry","category-diaspora","tag-dragan-sutanovac-2","tag-filmski-centar-srbija","tag-igor-bencina","tag-serbian-film-dc","tag-sergej-trifunovic","tag-srpski-film","tag-srpski-filmski-festival-vasington","tag-volja-sinovljeva","entry"],"aioseo_notices":[],"distributor_meta":false,"distributor_terms":false,"distributor_media":false,"distributor_original_site_name":"Serbiantimes.info EN","distributor_original_site_url":"https:\/\/serbiantimes.info\/en","push-errors":false,"_links":{"self":[{"href":"https:\/\/serbiantimes.info\/en\/wp-json\/wp\/v2\/posts\/190904","targetHints":{"allow":["GET"]}}],"collection":[{"href":"https:\/\/serbiantimes.info\/en\/wp-json\/wp\/v2\/posts"}],"about":[{"href":"https:\/\/serbiantimes.info\/en\/wp-json\/wp\/v2\/types\/post"}],"author":[{"embeddable":true,"href":"https:\/\/serbiantimes.info\/en\/wp-json\/wp\/v2\/users\/8"}],"replies":[{"embeddable":true,"href":"https:\/\/serbiantimes.info\/en\/wp-json\/wp\/v2\/comments?post=190904"}],"version-history":[{"count":2,"href":"https:\/\/serbiantimes.info\/en\/wp-json\/wp\/v2\/posts\/190904\/revisions"}],"predecessor-version":[{"id":190937,"href":"https:\/\/serbiantimes.info\/en\/wp-json\/wp\/v2\/posts\/190904\/revisions\/190937"}],"wp:featuredmedia":[{"embeddable":true,"href":"https:\/\/serbiantimes.info\/en\/wp-json\/wp\/v2\/media\/190922"}],"wp:attachment":[{"href":"https:\/\/serbiantimes.info\/en\/wp-json\/wp\/v2\/media?parent=190904"}],"wp:term":[{"taxonomy":"category","embeddable":true,"href":"https:\/\/serbiantimes.info\/en\/wp-json\/wp\/v2\/categories?post=190904"},{"taxonomy":"post_tag","embeddable":true,"href":"https:\/\/serbiantimes.info\/en\/wp-json\/wp\/v2\/tags?post=190904"}],"curies":[{"name":"wp","href":"https:\/\/api.w.org\/{rel}","templated":true}]}}