{"id":190264,"date":"2025-10-14T16:20:00","date_gmt":"2025-10-14T14:20:00","guid":{"rendered":"https:\/\/serbiantimes.info\/en\/?p=190264"},"modified":"2025-10-14T16:24:25","modified_gmt":"2025-10-14T14:24:25","slug":"after-7-months-of-fighting-the-singer-of-the-band-dnk-vladimir-blazev-panco-succumbed-to-injuries-from-the-fire-in-kocani","status":"publish","type":"post","link":"https:\/\/serbiantimes.info\/en\/after-7-months-of-fighting-the-singer-of-the-band-dnk-vladimir-blazev-panco-succumbed-to-injuries-from-the-fire-in-kocani\/","title":{"rendered":"AFTER 7 MONTHS OF FIGHTING: The singer of the band DNK Vladimir Bla\u017eev-Pan\u010do succumbed to injuries from the fire in Ko\u010dani!"},"content":{"rendered":"\n<p><strong><em>The well-known Macedonian musician Vladimir Bla\u017eev-Pan\u010do from the hip-hop duo DNK, who was seriously injured in a fire that occurred on the night of March 16, 2025, in the discotheque \u201ePuls\u201c in Ko\u010dani and had been treated in a private hospital in Skopje since then, has died, his family confirmed.<\/em><\/strong><\/p>\n\n\n\n<p>Pan\u010do was treated for his injuries for several months after being transferred to a private hospital, but due to the seriousness of the burns and respiratory tract injuries, he ultimately could not fight it off &#8211; he died as a result of the injuries he sustained in the fire at the discotheque \u201ePuls\u201c, reports the Macedonian Telma.<\/p>\n\n\n\n<p>Vladimir Bla\u017eev &#8211; Pan\u010do was born on July 29, 1979, in Skopje. He was a husband and a father of two children.<\/p>\n\n\n\n<p>62 people died in the fire at \u201ePuls\u201c, and about 200 were injured, among the deceased is Andrej Gjorgjieski, the vocalist of the group DNK.<\/p>\n\n\n\n<p>Members of the band also lost their lives in the catastrophic fire at \u201ePuls\u201c: keyboardist Filip Stevanovski, backing vocalist Sara Projkovska, drummers Georgi Georgiev and Aleksandar Kolarov, as well as the group&#8217;s photographer Aleksandar Efremov.<\/p>\n\n\n\n<h4 class=\"wp-block-heading\"><mark style=\"background-color:#FFFFFF;color:#d21414\" class=\"has-inline-color\">MORE TOPICS:<\/mark><\/h4>\n\n\n\n<p><strong><a href=\"https:\/\/serbiantimes.info\/en\/sports-star-and-academic-champion-kristina-dominates-volleyball-in-the-usa-and-is-finishing-her-second-masters-degree\/\" target=\"_blank\" rel=\"noopener\" title=\"\">SPORTS STAR AND ACADEMIC CHAMPION: Kristina dominates volleyball in the USA, and is finishing her second master\u2019s degree!<\/a><\/strong><\/p>\n\n\n\n<p><strong><a href=\"https:\/\/serbiantimes.info\/en\/veterans-banned-from-entering-the-unit-building-they-had-to-mark-the-day-of-the-63rd-parachute-brigade-themselves\/\" target=\"_blank\" rel=\"noopener\" title=\"\">VETERANS BANNED FROM ENTERING THE UNIT BUILDING: They had to mark the Day of the 63rd Parachute Brigade themselves!<\/a><\/strong><\/p>\n\n\n\n<p><strong><a href=\"https:\/\/serbiantimes.info\/en\/after-7-months-of-fighting-the-singer-of-the-band-dnk-vladimir-blazev-panco-succumbed-to-injuries-from-the-fire-in-kocani\/\" target=\"_blank\" rel=\"noopener\" title=\"\">AFTER 7 MONTHS OF FIGHTING: The singer of the band DNK Vladimir Bla\u017eev-Pan\u010do succumbed to injuries from the fire in Ko\u010dani!<\/a><\/strong><\/p>\n\n\n\n<p><strong><a href=\"https:\/\/serbiantimes.info\/en\/dusan-was-born-with-a-severe-deformity-despite-the-problems-he-became-one-of-the-best-para-athletes-in-the-world-video\/\" target=\"_blank\" rel=\"noopener\" title=\"\">DU\u0160AN WAS BORN WITH A SEVERE DEFORMITY: Despite the problems, he became one of the best para-athletes in the world! (VIDEO)<\/a><\/strong><\/p>\n\n\n\n<p><strong><a href=\"https:\/\/serbiantimes.info\/en\/crta-the-student-list-is-supported-by-12-percent-more-citizens-than-vucics\/\" target=\"_blank\" rel=\"noopener\" title=\"\">CRTA: The student list is supported by 12 percent more citizens than Vu\u010di\u0107\u2019s!<\/a><\/strong><\/p>\n\n\n\n<p><strong><strong>Source<\/strong><\/strong>: <a href=\"https:\/\/n1info.rs\/region\/preminuo-pevac-grupe-dnk-vladimir-blazev-panco-sedam-meseci-posle-pozara-u-kocanima\/\" target=\"_blank\" rel=\"noopener\" title=\"\">N1<\/a>; <strong>Photo<\/strong>: EPA \/ Georgi Licovski<\/p>\n","protected":false},"excerpt":{"rendered":"<p>The well-known Macedonian musician Vladimir Bla\u017eev-Pan\u010do from the hip-hop duo DNK, who was seriously injured in a fire that occurred on the night of March 16, 2025, in the discotheque \u201ePuls\u201c in Ko\u010dani and had been treated in a private hospital in Skopje since then, has died, his family confirmed. Pan\u010do was treated for his [&hellip;]<\/p>\n","protected":false},"author":2169,"featured_media":190265,"comment_status":"open","ping_status":"open","sticky":false,"template":"","format":"standard","meta":{"newspack_featured_image_position":"","newspack_post_subtitle":"","newspack_article_summary_title":"Overview:","newspack_article_summary":"","newspack_hide_updated_date":false,"newspack_show_updated_date":false,"footnotes":""},"categories":[8],"tags":[116,843,5630,2853,5624,5632,617],"class_list":["post-190264","post","type-post","status-publish","format-standard","has-post-thumbnail","hentry","category-balkan","tag-balkan","tag-crna-hronika","tag-diskoteka","tag-pozar","tag-pozar-u-diskoteci","tag-pozar-u-kocanima","tag-severna-makedonija","entry"],"aioseo_notices":[],"distributor_meta":false,"distributor_terms":false,"distributor_media":false,"distributor_original_site_name":"Serbiantimes.info EN","distributor_original_site_url":"https:\/\/serbiantimes.info\/en","push-errors":false,"_links":{"self":[{"href":"https:\/\/serbiantimes.info\/en\/wp-json\/wp\/v2\/posts\/190264","targetHints":{"allow":["GET"]}}],"collection":[{"href":"https:\/\/serbiantimes.info\/en\/wp-json\/wp\/v2\/posts"}],"about":[{"href":"https:\/\/serbiantimes.info\/en\/wp-json\/wp\/v2\/types\/post"}],"author":[{"embeddable":true,"href":"https:\/\/serbiantimes.info\/en\/wp-json\/wp\/v2\/users\/2169"}],"replies":[{"embeddable":true,"href":"https:\/\/serbiantimes.info\/en\/wp-json\/wp\/v2\/comments?post=190264"}],"version-history":[{"count":2,"href":"https:\/\/serbiantimes.info\/en\/wp-json\/wp\/v2\/posts\/190264\/revisions"}],"predecessor-version":[{"id":190314,"href":"https:\/\/serbiantimes.info\/en\/wp-json\/wp\/v2\/posts\/190264\/revisions\/190314"}],"wp:featuredmedia":[{"embeddable":true,"href":"https:\/\/serbiantimes.info\/en\/wp-json\/wp\/v2\/media\/190265"}],"wp:attachment":[{"href":"https:\/\/serbiantimes.info\/en\/wp-json\/wp\/v2\/media?parent=190264"}],"wp:term":[{"taxonomy":"category","embeddable":true,"href":"https:\/\/serbiantimes.info\/en\/wp-json\/wp\/v2\/categories?post=190264"},{"taxonomy":"post_tag","embeddable":true,"href":"https:\/\/serbiantimes.info\/en\/wp-json\/wp\/v2\/tags?post=190264"}],"curies":[{"name":"wp","href":"https:\/\/api.w.org\/{rel}","templated":true}]}}