{"id":190255,"date":"2025-10-14T16:17:33","date_gmt":"2025-10-14T14:17:33","guid":{"rendered":"https:\/\/serbiantimes.info\/en\/?p=190255"},"modified":"2025-10-14T16:23:55","modified_gmt":"2025-10-14T14:23:55","slug":"i-believe-in-myself-and-what-i-do-first-words-of-sasa-obradovic-as-the-new-coach-of-crvena-zvezda","status":"publish","type":"post","link":"https:\/\/serbiantimes.info\/en\/i-believe-in-myself-and-what-i-do-first-words-of-sasa-obradovic-as-the-new-coach-of-crvena-zvezda\/","title":{"rendered":"\u201eI BELIEVE IN MYSELF AND WHAT I DO\u201c: First words of Sa\u0161a Obradovi\u0107 as the new coach of Crvena zvezda!"},"content":{"rendered":"\n<p><strong><em>The new coach of Crvena zvezda, Sa\u0161a Obradovi\u0107, appeared before the media for the first time in his new mandate and stated that he believes in his work, team spirit, and the support of the fans, but also that it will take time to establish the system he wants to build.<\/em><\/strong><\/p>\n\n\n\n<p>Obradovi\u0107 will debut on the red-and-white bench on Tuesday against \u017dalgiris as part of the EuroLeague double round, while on Friday Zvezda will host Real Madrid in the Belgrade Arena.<\/p>\n\n\n\n<p>\u201eI believe in myself and what I do, that in this short time I can give confidence to all the players. A lot is new, both systematically and in approach, so I need to adapt to the team, and the players need to adapt to me. It will take time, that is for sure,\u201d Obradovi\u0107 said in his first address.<\/p>\n\n\n\n<p>Obradovi\u0107 pointed out that he has already talked to almost all the players in a short period and emphasized the importance of personal communication and connection within the team:<\/p>\n\n\n\n<p>\u201cThe most important thing is understanding and connection on the court. The model I want to establish is the one from Istanbul \u2013 a strong connection between the bench and the players. That is my task now, in a situation that is not easy.\u201d<\/p>\n\n\n\n<p>The injury to Tyson Carter is a big blow, but the new strategist says he will not rush to bring in reinforcements:<\/p>\n\n\n\n<p>\u201cWithout him, we have to manage and believe in the existing team. Players should not be brought in just for the sake of numbers \u2013 they must have quality and be competitive. We are considering a few names and will narrow down the list soon.\u201d<\/p>\n\n\n\n<p>Sa\u0161a Obradovi\u0107, known for his strong connection with Zvezda, spoke openly about the emotions that his return carries:<\/p>\n\n\n\n<p>\u201cMaybe we are missing one player on paper, but I expect that one in the form of our fans \u2013 the best in the world. Emotions are there, but we must control them. The players and I must be focused only on victories. To cry \u2013 maybe it would be easier. But now I am only thinking about the game.\u201d<\/p>\n\n\n\n<p>He commented on the injured players.<\/p>\n\n\n\n<p>\u201cDobri\u0107 and Plav\u0161i\u0107 are on their way back, working individually, day by day. The situation with Devonte Graham is uncertain, we will see when he will be able to return.\u201d<\/p>\n\n\n\n<p>Then he spoke about the match with \u017dalgiris.<\/p>\n\n\n\n<p>\u201c\u017dalgiris is playing perhaps the best basketball in the EuroLeague. They have a pronounced team spirit, great chemistry, and consistency. They enter the season prepared every year. We have had a few setbacks now, but I believe we will push through and get all the players fit.\u201d<\/p>\n\n\n\n<p>He pointed out that Tomislav Tomovi\u0107 remains in the professional staff.<\/p>\n\n\n\n<p>\u201cNot only will Tomovi\u0107 stay, but I expect us to work together well. I give importance to all assistants \u2013 I do not want only Zvezda and I to profit, but to create new coaching staff through work. I already have experience with coaches who later worked independently, and I hope it will be the case now as well.\u201d<\/p>\n\n\n\n<h4 class=\"wp-block-heading\"><mark style=\"background-color:#FFFFFF;color:#d21414\" class=\"has-inline-color\">MORE TOPICS:<\/mark><\/h4>\n\n\n\n<p><strong><a href=\"https:\/\/serbiantimes.info\/en\/sports-star-and-academic-champion-kristina-dominates-volleyball-in-the-usa-and-is-finishing-her-second-masters-degree\/\" target=\"_blank\" rel=\"noopener\" title=\"\">SPORTS STAR AND ACADEMIC CHAMPION: Kristina dominates volleyball in the USA, and is finishing her second master\u2019s degree!<\/a><\/strong><\/p>\n\n\n\n<p><strong><a href=\"https:\/\/serbiantimes.info\/en\/veterans-banned-from-entering-the-unit-building-they-had-to-mark-the-day-of-the-63rd-parachute-brigade-themselves\/\" target=\"_blank\" rel=\"noopener\" title=\"\">VETERANS BANNED FROM ENTERING THE UNIT BUILDING: They had to mark the Day of the 63rd Parachute Brigade themselves!<\/a><\/strong><\/p>\n\n\n\n<p><strong><a href=\"https:\/\/serbiantimes.info\/en\/after-7-months-of-fighting-the-singer-of-the-band-dnk-vladimir-blazev-panco-succumbed-to-injuries-from-the-fire-in-kocani\/\" target=\"_blank\" rel=\"noopener\" title=\"\">AFTER 7 MONTHS OF FIGHTING: The singer of the band DNK Vladimir Bla\u017eev-Pan\u010do succumbed to injuries from the fire in Ko\u010dani!<\/a><\/strong><\/p>\n\n\n\n<p><strong><a href=\"https:\/\/serbiantimes.info\/en\/dusan-was-born-with-a-severe-deformity-despite-the-problems-he-became-one-of-the-best-para-athletes-in-the-world-video\/\" target=\"_blank\" rel=\"noopener\" title=\"\">DU\u0160AN WAS BORN WITH A SEVERE DEFORMITY: Despite the problems, he became one of the best para-athletes in the world! (VIDEO)<\/a><\/strong><\/p>\n\n\n\n<p><strong><a href=\"https:\/\/serbiantimes.info\/en\/crta-the-student-list-is-supported-by-12-percent-more-citizens-than-vucics\/\" target=\"_blank\" rel=\"noopener\" title=\"\">CRTA: The student list is supported by 12 percent more citizens than Vu\u010di\u0107\u2019s!<\/a><\/strong><\/p>\n\n\n\n<p><strong><strong>Source<\/strong>:\u00a0<\/strong>Nova.rs, <strong>Photo:<\/strong> Dusan Milenkovic \/ ATAImages<\/p>\n","protected":false},"excerpt":{"rendered":"<p>The new coach of Crvena zvezda, Sa\u0161a Obradovi\u0107, appeared before the media for the first time in his new mandate and stated that he believes in his work, team spirit, and the support of the fans, but also that it will take time to establish the system he wants to build. Obradovi\u0107 will debut on [&hellip;]<\/p>\n","protected":false},"author":2169,"featured_media":190256,"comment_status":"open","ping_status":"open","sticky":false,"template":"","format":"standard","meta":{"newspack_featured_image_position":"","newspack_post_subtitle":"","newspack_article_summary_title":"Overview:","newspack_article_summary":"","newspack_hide_updated_date":false,"newspack_show_updated_date":false,"footnotes":""},"categories":[10],"tags":[391,1388,249,2696,91,113,2697],"class_list":["post-190255","post","type-post","status-publish","format-standard","has-post-thumbnail","hentry","category-sport","tag-crvena-zvezda","tag-crveno-beli","tag-kosarka-2","tag-sasa-obradovic","tag-sport","tag-srbija","tag-trener","entry"],"aioseo_notices":[],"distributor_meta":false,"distributor_terms":false,"distributor_media":false,"distributor_original_site_name":"Serbiantimes.info EN","distributor_original_site_url":"https:\/\/serbiantimes.info\/en","push-errors":false,"_links":{"self":[{"href":"https:\/\/serbiantimes.info\/en\/wp-json\/wp\/v2\/posts\/190255","targetHints":{"allow":["GET"]}}],"collection":[{"href":"https:\/\/serbiantimes.info\/en\/wp-json\/wp\/v2\/posts"}],"about":[{"href":"https:\/\/serbiantimes.info\/en\/wp-json\/wp\/v2\/types\/post"}],"author":[{"embeddable":true,"href":"https:\/\/serbiantimes.info\/en\/wp-json\/wp\/v2\/users\/2169"}],"replies":[{"embeddable":true,"href":"https:\/\/serbiantimes.info\/en\/wp-json\/wp\/v2\/comments?post=190255"}],"version-history":[{"count":2,"href":"https:\/\/serbiantimes.info\/en\/wp-json\/wp\/v2\/posts\/190255\/revisions"}],"predecessor-version":[{"id":190309,"href":"https:\/\/serbiantimes.info\/en\/wp-json\/wp\/v2\/posts\/190255\/revisions\/190309"}],"wp:featuredmedia":[{"embeddable":true,"href":"https:\/\/serbiantimes.info\/en\/wp-json\/wp\/v2\/media\/190256"}],"wp:attachment":[{"href":"https:\/\/serbiantimes.info\/en\/wp-json\/wp\/v2\/media?parent=190255"}],"wp:term":[{"taxonomy":"category","embeddable":true,"href":"https:\/\/serbiantimes.info\/en\/wp-json\/wp\/v2\/categories?post=190255"},{"taxonomy":"post_tag","embeddable":true,"href":"https:\/\/serbiantimes.info\/en\/wp-json\/wp\/v2\/tags?post=190255"}],"curies":[{"name":"wp","href":"https:\/\/api.w.org\/{rel}","templated":true}]}}