{"id":190019,"date":"2025-10-11T14:18:56","date_gmt":"2025-10-11T12:18:56","guid":{"rendered":"https:\/\/serbiantimes.info\/en\/?p=190019"},"modified":"2025-10-11T14:19:01","modified_gmt":"2025-10-11T12:19:01","slug":"jokics-brother-convicted-heres-the-sentence-strahinja-jokic-faces-for-attacking-a-fan-at-the-game","status":"publish","type":"post","link":"https:\/\/serbiantimes.info\/en\/jokics-brother-convicted-heres-the-sentence-strahinja-jokic-faces-for-attacking-a-fan-at-the-game\/","title":{"rendered":"JOKI\u0106\u2019S BROTHER CONVICTED: Here\u2019s the sentence Strahinja Joki\u0107 faces for attacking a fan at the game!"},"content":{"rendered":"\n<p>Nikola Joki\u0107\u2019s brother, Strahinja Joki\u0107, pleaded guilty in court and has been sentenced. He will not have to serve jail time but was given a 12-month suspended sentence for misdemeanors and minor criminal offenses he committed. This means he will not end up \u201cbehind bars\u201d unless he repeats a similar offense within the next year.<\/p>\n\n\n\n<p>The fan, Nicholas Meyer, who filed a lawsuit against him, stated in his complaint that he suffered a concussion, cuts, bruises, and a deviated septum. He also explained that he \u201cfears for his safety and is afraid to leave his home due to possible retaliation from the Joki\u0107 family or their supporters.\u201d<\/p>\n\n\n\n<figure class=\"wp-block-embed is-type-wp-embed is-provider-serbiantimes-info wp-block-embed-serbiantimes-info\"><div class=\"wp-block-embed__wrapper\">\n<blockquote class=\"wp-embedded-content\" data-secret=\"5BGlq3HbH3\"><a href=\"https:\/\/serbiantimes.info\/advokati-u-cudu-hapsenja-balkanskih-kamiondzija-u-americi-imaju-pozadinu-evo-zasto-privode-ljude-sa-radnom-vizom-i-zelenom-kartom-video\/\">ADVOKATI U \u010cUDU: Hap\u0161enja balkanskih kamiond\u017eija u Americi imaju pozadinu! Evo za\u0161to privode ljude sa radnim dozvolama i zelenim kartama (VIDEO)<\/a><\/blockquote><iframe loading=\"lazy\" class=\"wp-embedded-content\" sandbox=\"allow-scripts\" security=\"restricted\" style=\"position: absolute; visibility: hidden;\" title=\"&#132;ADVOKATI U \u010cUDU: Hap\u0161enja balkanskih kamiond\u017eija u Americi imaju pozadinu! Evo za\u0161to privode ljude sa radnim dozvolama i zelenim kartama (VIDEO)&#147; &#8212; Serbiantimes.info\" src=\"https:\/\/serbiantimes.info\/advokati-u-cudu-hapsenja-balkanskih-kamiondzija-u-americi-imaju-pozadinu-evo-zasto-privode-ljude-sa-radnom-vizom-i-zelenom-kartom-video\/embed\/#?secret=LCirBoSUym#?secret=5BGlq3HbH3\" data-secret=\"5BGlq3HbH3\" width=\"500\" height=\"282\" frameborder=\"0\" marginwidth=\"0\" marginheight=\"0\" scrolling=\"no\"><\/iframe>\n<\/div><\/figure>\n\n\n\n<p>The incident occurred in April 2024. Chaos erupted after the game, and video footage shows the moment Strahinja punched a fan who was sitting a few rows in front of him.<\/p>\n\n\n\n<p>When he first appeared in court, Strahinja defended himself by claiming he acted in self-defense \u2014 specifically, that he was protecting an elderly person sitting nearby. However, that defense fell apart due to video evidence.<\/p>\n\n\n\n<p>The clips clearly show the moment of the punch and Strahinja Joki\u0107\u2019s reaction, with no sign of self-defense or anything similar. Those videos became key evidence in the court\u2019s decision.<\/p>\n\n\n\n<h3 class=\"wp-block-heading\"><mark style=\"background-color:#FFFFFF;color:#d21414\" class=\"has-inline-color\">MORE TOPICS:<\/mark><\/h3>\n\n\n\n<p><strong><a href=\"https:\/\/serbiantimes.info\/en\/russian-ambassador-sanctions-against-nis-are-exclusively-a-political-decision-we-continue-to-support-belgrade\/\" target=\"_blank\" rel=\"noopener\" title=\"\">RUSSIAN AMBASSADOR: Sanctions against NIS are exclusively a political decision, we continue to support Belgrade!<\/a><\/strong><\/p>\n\n\n\n<p><strong><a href=\"https:\/\/serbiantimes.info\/en\/fss-on-the-incident-before-the-match-with-albania-albanian-arrested-due-to-ovk-symbol-strict-controls-at-the-stadium\/\" target=\"_blank\" rel=\"noopener\" title=\"\">FSS ON THE INCIDENT BEFORE THE MATCH WITH ALBANIA: Albanian arrested due to OVK symbol, strict controls at the stadium!<\/a><\/strong><\/p>\n\n\n\n<p><strong><a href=\"https:\/\/serbiantimes.info\/en\/us-embassy-spoke-out-sanctions-against-nis-are-not-directed-against-the-serbian-people-but-against-russia\/\" target=\"_blank\" rel=\"noopener\" title=\"\">US EMBASSY SPOKE OUT: Sanctions against NIS are not directed against the Serbian people, but against Russia!<\/a><\/strong><\/p>\n\n\n\n<p><strong><a href=\"https:\/\/serbiantimes.info\/en\/punishment-due-to-support-for-students-celebration-of-the-day-of-the-63rd-brigade-without-veterans-and-families-of-fallen-comrades\/\" target=\"_blank\" rel=\"noopener\" title=\"\">PUNISHMENT DUE TO SUPPORT FOR STUDENTS: Celebration of the Day of the 63rd Brigade without veterans And families of fallen comrades!<\/a><\/strong><\/p>\n\n\n\n<p><strong><a href=\"https:\/\/serbiantimes.info\/en\/greek-paid-the-price-for-a-bad-start-crvena-zvezda-sacked-giannis-sfairopoulos-foto\/\" target=\"_blank\" rel=\"noopener\" title=\"\">GREEK PAID THE PRICE FOR A BAD START: Crvena Zvezda sacked Giannis Sfairopoulos! (FOTO)<\/a><\/strong><\/p>\n\n\n\n<p><strong><strong>Source<\/strong>:&nbsp;<\/strong>Mondo, <strong>Foto:<\/strong> Printscreen FB<\/p>\n","protected":false},"excerpt":{"rendered":"<p>Nikola Joki\u0107\u2019s brother, Strahinja Joki\u0107, pleaded guilty in court and has been sentenced. He will not have to serve jail time but was given a 12-month suspended sentence for misdemeanors and minor criminal offenses he committed. This means he will not end up \u201cbehind bars\u201d unless he repeats a similar offense within the next year. [&hellip;]<\/p>\n","protected":false},"author":2169,"featured_media":190020,"comment_status":"open","ping_status":"open","sticky":false,"template":"","format":"standard","meta":{"newspack_featured_image_position":"","newspack_post_subtitle":"","newspack_article_summary_title":"Overview:","newspack_article_summary":"","newspack_hide_updated_date":false,"newspack_show_updated_date":false,"footnotes":""},"categories":[10],"tags":[190,250,4172,1251,9154],"class_list":["post-190019","post","type-post","status-publish","format-standard","has-post-thumbnail","hentry","category-sport","tag-nba","tag-nikola-jokic","tag-strahinja-jokic","tag-tuca","tag-uslovna-kazna","entry"],"aioseo_notices":[],"distributor_meta":false,"distributor_terms":false,"distributor_media":false,"distributor_original_site_name":"Serbiantimes.info EN","distributor_original_site_url":"https:\/\/serbiantimes.info\/en","push-errors":false,"_links":{"self":[{"href":"https:\/\/serbiantimes.info\/en\/wp-json\/wp\/v2\/posts\/190019","targetHints":{"allow":["GET"]}}],"collection":[{"href":"https:\/\/serbiantimes.info\/en\/wp-json\/wp\/v2\/posts"}],"about":[{"href":"https:\/\/serbiantimes.info\/en\/wp-json\/wp\/v2\/types\/post"}],"author":[{"embeddable":true,"href":"https:\/\/serbiantimes.info\/en\/wp-json\/wp\/v2\/users\/2169"}],"replies":[{"embeddable":true,"href":"https:\/\/serbiantimes.info\/en\/wp-json\/wp\/v2\/comments?post=190019"}],"version-history":[{"count":4,"href":"https:\/\/serbiantimes.info\/en\/wp-json\/wp\/v2\/posts\/190019\/revisions"}],"predecessor-version":[{"id":190060,"href":"https:\/\/serbiantimes.info\/en\/wp-json\/wp\/v2\/posts\/190019\/revisions\/190060"}],"wp:featuredmedia":[{"embeddable":true,"href":"https:\/\/serbiantimes.info\/en\/wp-json\/wp\/v2\/media\/190020"}],"wp:attachment":[{"href":"https:\/\/serbiantimes.info\/en\/wp-json\/wp\/v2\/media?parent=190019"}],"wp:term":[{"taxonomy":"category","embeddable":true,"href":"https:\/\/serbiantimes.info\/en\/wp-json\/wp\/v2\/categories?post=190019"},{"taxonomy":"post_tag","embeddable":true,"href":"https:\/\/serbiantimes.info\/en\/wp-json\/wp\/v2\/tags?post=190019"}],"curies":[{"name":"wp","href":"https:\/\/api.w.org\/{rel}","templated":true}]}}