{"id":189714,"date":"2025-10-08T15:05:56","date_gmt":"2025-10-08T13:05:56","guid":{"rendered":"https:\/\/serbiantimes.info\/en\/?p=189714"},"modified":"2025-10-08T15:08:47","modified_gmt":"2025-10-08T13:08:47","slug":"court-of-bih-made-a-decision-extended-prohibition-measures-for-milorad-dodik-and-two-other-high-ranking-rs-officials","status":"publish","type":"post","link":"https:\/\/serbiantimes.info\/en\/court-of-bih-made-a-decision-extended-prohibition-measures-for-milorad-dodik-and-two-other-high-ranking-rs-officials\/","title":{"rendered":"COURT OF BiH MADE A DECISION: Extended prohibition measures for Milorad Dodik and two other high-ranking RS officials!"},"content":{"rendered":"\n<p><strong><em>The Court of Bosnia and Herzegovina (BiH) extended the prohibition measures for the leader of the ruling coalition in Republika Srpska (RS), Milorad Dodik, the President of the RS National Assembly, Nenad Stevandi\u0107, and the former RS Prime Minister, Radovan Vi\u0161kovi\u0107, who are suspected of an attack on the constitutional order of BiH, according to which they will have to periodically report to the competent police station for the next two months.<\/em><\/strong><\/p>\n\n\n\n<p>The last check of whether they are reporting to the competent police stations was carried out on September 4, the Sarajevo portal Raport reported.<\/p>\n\n\n\n<p>The prohibition measures for Dodik, Stevandi\u0107, and Vi\u0161kovi\u0107 were determined in July of this year, after they appeared at a hearing before the Court of BiH in the case of the attack on the constitutional order.<\/p>\n\n\n\n<p>Previously, the Court of BiH issued a central arrest warrant for them and ordered one-month detention due to their refusal to be examined, which was revoked after they responded to the summons to be heard at the state prosecutor&#8217;s office.<\/p>\n\n\n\n<p>Dodik, Stevandi\u0107, and Vi\u0161kovi\u0107 are charged with committing the criminal offense of &#8220;attack on the constitutional order&#8221;, because they proposed the adoption of laws in the RS National Assembly that prohibit the work of a part of the judicial and police state agencies on the territory of this BiH entity.<\/p>\n\n\n\n<p>These laws were suspended by the Constitutional Court of BiH.<\/p>\n\n\n\n<h4 class=\"wp-block-heading\"><mark style=\"background-color:#FFFFFF;color:#d21414\" class=\"has-inline-color\">MORE TOPICS:<\/mark><\/h4>\n\n\n\n<p><strong><a href=\"https:\/\/serbiantimes.info\/en\/serbian-doctors-performed-a-revolutionary-procedure-historical-undertaking-in-the-treatment-of-a-serious-illness-video\/\" target=\"_blank\" rel=\"noopener\" title=\"\">SERBIAN DOCTORS PERFORMED A REVOLUTIONARY PROCEDURE: Historical undertaking in the treatment of a serious illness! (VIDEO)<\/a><\/strong><\/p>\n\n\n\n<p><strong><a href=\"https:\/\/serbiantimes.info\/en\/serbia-left-without-a-legendary-director-zdravko-sotra-passed-away-at-the-age-of-93\/\" target=\"_blank\" rel=\"noopener\" title=\"\">SERBIA LEFT WITHOUT A LEGENDARY DIRECTOR: Zdravko \u0160otra passed away at the age of 93!<\/a><\/strong><\/p>\n\n\n\n<p><strong><a href=\"https:\/\/serbiantimes.info\/en\/due-to-overcrowded-prisons-belgium-considers-sending-prisoners-to-serbia-or-albania\/\" target=\"_blank\" rel=\"noopener\" title=\"\">DUE TO OVERCROWDED PRISONS: Belgium considers sending prisoners to Serbia or Albania!<\/a><\/strong><\/p>\n\n\n\n<p><strong><a href=\"https:\/\/serbiantimes.info\/en\/kovacevic-column-how-halid-was-connecting-miljacka-and-romanija-while-others-were-separating-them\/\" target=\"_blank\" rel=\"noopener\" title=\"\">KOVA\u010cEVI\u0106 COLUMN: How Halid was connecting Miljacka and Romanija while others were separating them<\/a><\/strong><\/p>\n\n\n\n<p><strong><strong>Source<\/strong><\/strong>: Nova.rs; <strong>Photo<\/strong>: ATA Images<\/p>\n","protected":false},"excerpt":{"rendered":"<p>The Court of Bosnia and Herzegovina (BiH) extended the prohibition measures for the leader of the ruling coalition in Republika Srpska (RS), Milorad Dodik, the President of the RS National Assembly, Nenad Stevandi\u0107, and the former RS Prime Minister, Radovan Vi\u0161kovi\u0107, who are suspected of an attack on the constitutional order of BiH, according to [&hellip;]<\/p>\n","protected":false},"author":2169,"featured_media":188997,"comment_status":"open","ping_status":"open","sticky":false,"template":"","format":"standard","meta":{"newspack_featured_image_position":"","newspack_post_subtitle":"","newspack_article_summary_title":"Overview:","newspack_article_summary":"","newspack_hide_updated_date":false,"newspack_show_updated_date":false,"footnotes":""},"categories":[8],"tags":[116,309,341,218,5429,5552,592,4919],"class_list":["post-189714","post","type-post","status-publish","format-standard","has-post-thumbnail","hentry","category-balkan","tag-balkan","tag-bih","tag-bosna-i-hercegovina","tag-milorad-dodik","tag-nenad-stevandic","tag-radovan-viskovic","tag-republika-srpska","tag-srbi-u-bosni","entry"],"aioseo_notices":[],"distributor_meta":false,"distributor_terms":false,"distributor_media":false,"distributor_original_site_name":"Serbiantimes.info EN","distributor_original_site_url":"https:\/\/serbiantimes.info\/en","push-errors":false,"_links":{"self":[{"href":"https:\/\/serbiantimes.info\/en\/wp-json\/wp\/v2\/posts\/189714","targetHints":{"allow":["GET"]}}],"collection":[{"href":"https:\/\/serbiantimes.info\/en\/wp-json\/wp\/v2\/posts"}],"about":[{"href":"https:\/\/serbiantimes.info\/en\/wp-json\/wp\/v2\/types\/post"}],"author":[{"embeddable":true,"href":"https:\/\/serbiantimes.info\/en\/wp-json\/wp\/v2\/users\/2169"}],"replies":[{"embeddable":true,"href":"https:\/\/serbiantimes.info\/en\/wp-json\/wp\/v2\/comments?post=189714"}],"version-history":[{"count":3,"href":"https:\/\/serbiantimes.info\/en\/wp-json\/wp\/v2\/posts\/189714\/revisions"}],"predecessor-version":[{"id":189762,"href":"https:\/\/serbiantimes.info\/en\/wp-json\/wp\/v2\/posts\/189714\/revisions\/189762"}],"wp:featuredmedia":[{"embeddable":true,"href":"https:\/\/serbiantimes.info\/en\/wp-json\/wp\/v2\/media\/188997"}],"wp:attachment":[{"href":"https:\/\/serbiantimes.info\/en\/wp-json\/wp\/v2\/media?parent=189714"}],"wp:term":[{"taxonomy":"category","embeddable":true,"href":"https:\/\/serbiantimes.info\/en\/wp-json\/wp\/v2\/categories?post=189714"},{"taxonomy":"post_tag","embeddable":true,"href":"https:\/\/serbiantimes.info\/en\/wp-json\/wp\/v2\/tags?post=189714"}],"curies":[{"name":"wp","href":"https:\/\/api.w.org\/{rel}","templated":true}]}}