{"id":189674,"date":"2025-10-07T23:18:21","date_gmt":"2025-10-07T21:18:21","guid":{"rendered":"https:\/\/serbiantimes.info\/en\/?p=189674"},"modified":"2025-10-07T23:18:22","modified_gmt":"2025-10-07T21:18:22","slug":"bojic-family-is-left-without-a-roof-over-their-heads-police-detained-a-serb-in-leposavic-an-albanian-is-demanding-their-apartment-video","status":"publish","type":"post","link":"https:\/\/serbiantimes.info\/en\/bojic-family-is-left-without-a-roof-over-their-heads-police-detained-a-serb-in-leposavic-an-albanian-is-demanding-their-apartment-video\/","title":{"rendered":"BOJI\u0106 FAMILY IS LEFT WITHOUT A ROOF OVER THEIR HEADS: Police detained a Serb in Leposavi\u0107, an Albanian is demanding their apartment! (VIDEO)"},"content":{"rendered":"\n<p><strong><em>Police in Leposavi\u0107 detained Milivoje Boji\u0107 for an informative interview, due to a report by the Albanian Emran Gu\u0161ani, to whom the new local administration in that town allocated the apartment where Boji\u0107 lives with his family.<\/em><\/strong><\/p>\n\n\n\n<p>The apartment was allocated to the Boji\u0107 family last year by the Commissariat for Refugees of the Government of Serbia, but now Gu\u0161ani is demanding it, with the support of the local Albanian administration, headed by the Albanian Ljuljzim Hetemi.<\/p>\n\n\n\n<figure class=\"wp-block-embed is-type-video is-provider-youtube wp-block-embed-youtube wp-embed-aspect-16-9 wp-has-aspect-ratio\"><div class=\"wp-block-embed__wrapper\">\n<iframe loading=\"lazy\" title=\"Leposavi\u0107, Privo\u0111enje zbog spornog stana\" width=\"500\" height=\"281\" src=\"https:\/\/www.youtube.com\/embed\/X6ggkzbuhqs?feature=oembed\" frameborder=\"0\" allow=\"accelerometer; autoplay; clipboard-write; encrypted-media; gyroscope; picture-in-picture; web-share\" referrerpolicy=\"strict-origin-when-cross-origin\" allowfullscreen><\/iframe>\n<\/div><\/figure>\n\n\n\n<p>The Boji\u0107s were given an official deadline of ten days to leave the apartment, despite the fact that they have been living in it for a year and that, upon receiving the keys, they completely furnished the space.<\/p>\n\n\n\n<p>The daughter of the detained man, Ivana Boji\u0107, stated that two appeals were submitted to the competent institutions, but they have not yet received answers.<\/p>\n\n\n\n<figure class=\"wp-block-embed is-type-video is-provider-youtube wp-block-embed-youtube wp-embed-aspect-16-9 wp-has-aspect-ratio\"><div class=\"wp-block-embed__wrapper\">\n<iframe loading=\"lazy\" title=\"Boji\u0107: U velikoj smo neizvesnosti, jer dolazi zima\" width=\"500\" height=\"281\" src=\"https:\/\/www.youtube.com\/embed\/cMN118lEzaQ?feature=oembed\" frameborder=\"0\" allow=\"accelerometer; autoplay; clipboard-write; encrypted-media; gyroscope; picture-in-picture; web-share\" referrerpolicy=\"strict-origin-when-cross-origin\" allowfullscreen><\/iframe>\n<\/div><\/figure>\n\n\n\n<p>&#8220;We are completely confused and don&#8217;t know what to do. We submitted two appeals to the competent institutions, but so far we haven&#8217;t received any answer. Despite that, the apartment was allocated to another person, and that is why my father was at an informative interview today. They gave us a deadline of ten days to move out. We don&#8217;t even know where we will go, and winter is at the door \u2014 it&#8217;s already cold and snow is forecasted. I really don&#8217;t know what more to say,&#8221; Ivana Boji\u0107, the daughter of the detained Milivoje Boji\u0107, told the media.<\/p>\n\n\n\n<p>The order for the eviction of the Boji\u0107 family from the newly built apartments in Leposavi\u0107 is not the first case of its kind \u2014 the new local authorities in Leposavi\u0107 had previously attempted to evict certain Serbian families from the apartments built in that town by the Government of the Republic of Serbia, through the Office for Kosovo and Metohija.<\/p>\n\n\n\n<h4 class=\"wp-block-heading\"><mark style=\"background-color:#FFFFFF;color:#d21414\" class=\"has-inline-color\">MORE TOPICS:<\/mark><\/h4>\n\n\n\n<p><strong><a href=\"https:\/\/serbiantimes.info\/en\/halid-beslic-died-legendary-folk-music-singer-lost-battle-against-serious-illness\/\" target=\"_blank\" rel=\"noopener\" title=\"\">HALID BE\u0160LI\u0106 DIED: Legendary folk music singer lost battle against serious illness!<\/a><\/strong><\/p>\n\n\n\n<p><strong><a href=\"https:\/\/serbiantimes.info\/en\/when-all-of-chicago-smells-like-serbian-kotlic-a-lot-was-cooked-and-everything-was-eaten-chefs-were-imaginative-even-a-prize-stag-fell-into-the-cauldron-video\/\" target=\"_blank\" rel=\"noopener\" title=\"\">WHEN ALL OF CHICAGO SMELLS LIKE SERBIAN KOTLI\u0106: A lot was cooked, and everything was eaten! Chefs were imaginative, even a prize stag \u201cfell\u201d into the cauldron! (VIDEO)<\/a><\/strong><\/p>\n\n\n\n<p><strong><a href=\"https:\/\/serbiantimes.info\/en\/amira-medunjanin-concert-in-chicago-in-celebration-of-eternal-songs-a-heavenly-voice-and-that-little-bit-of-soul-that-remains-video\/\" target=\"_blank\" rel=\"noopener\" title=\"\">AMIRA MEDUNJANIN CONCERT IN CHICAGO: In celebration of eternal songs, a heavenly voice and that little bit of soul that remains (VIDEO)<\/a><\/strong><\/p>\n\n\n\n<p><strong><a href=\"https:\/\/serbiantimes.info\/en\/our-andrej-13-is-the-world-champion-in-calculation-the-young-serbian-genius-won-a-gold-medal-in-germany\/\" target=\"_blank\" rel=\"noopener\" title=\"\">OUR ANDREJ (13) IS THE WORLD CHAMPION IN CALCULATION! The young Serbian genius won a gold medal in Germany!<\/a><\/strong><\/p>\n\n\n\n<p><strong><a href=\"https:\/\/serbiantimes.info\/en\/modified-the-monument-to-stefan-nemanja-misdemeanor-proceedings-initiated-against-the-artist-andrej-josifovski-pijanista\/\" target=\"_blank\" rel=\"noopener\" title=\"\">MODIFIED THE MONUMENT TO STEFAN NEMANJA: Misdemeanor proceedings initiated against the artist Andrej Josifovski Pijanista!<\/a><\/strong><\/p>\n\n\n\n<p><strong><strong>Source<\/strong>:\u00a0<\/strong>RTS, <strong>Photo:<\/strong> Printscreen Youtube<\/p>\n","protected":false},"excerpt":{"rendered":"<p>Police in Leposavi\u0107 detained Milivoje Boji\u0107 for an informative interview, due to a report by the Albanian Emran Gu\u0161ani, to whom the new local administration in that town allocated the apartment where Boji\u0107 lives with his family. The apartment was allocated to the Boji\u0107 family last year by the Commissariat for Refugees of the Government [&hellip;]<\/p>\n","protected":false},"author":2169,"featured_media":189675,"comment_status":"open","ping_status":"open","sticky":false,"template":"","format":"standard","meta":{"newspack_featured_image_position":"","newspack_post_subtitle":"","newspack_article_summary_title":"Overview:","newspack_article_summary":"","newspack_hide_updated_date":false,"newspack_show_updated_date":false,"footnotes":""},"categories":[7],"tags":[6863,7714,107,109,2718,9074,478,9075,113,1187,15],"class_list":["post-189674","post","type-post","status-publish","format-standard","has-post-thumbnail","hentry","category-serbia","tag-albanac","tag-iseljenje","tag-kim","tag-kosovo-i-metohija","tag-leposavic","tag-milivoja-bojic","tag-policija","tag-porodica-bojic","tag-srbija","tag-stan","tag-video","entry"],"aioseo_notices":[],"distributor_meta":false,"distributor_terms":false,"distributor_media":false,"distributor_original_site_name":"Serbiantimes.info EN","distributor_original_site_url":"https:\/\/serbiantimes.info\/en","push-errors":false,"_links":{"self":[{"href":"https:\/\/serbiantimes.info\/en\/wp-json\/wp\/v2\/posts\/189674","targetHints":{"allow":["GET"]}}],"collection":[{"href":"https:\/\/serbiantimes.info\/en\/wp-json\/wp\/v2\/posts"}],"about":[{"href":"https:\/\/serbiantimes.info\/en\/wp-json\/wp\/v2\/types\/post"}],"author":[{"embeddable":true,"href":"https:\/\/serbiantimes.info\/en\/wp-json\/wp\/v2\/users\/2169"}],"replies":[{"embeddable":true,"href":"https:\/\/serbiantimes.info\/en\/wp-json\/wp\/v2\/comments?post=189674"}],"version-history":[{"count":1,"href":"https:\/\/serbiantimes.info\/en\/wp-json\/wp\/v2\/posts\/189674\/revisions"}],"predecessor-version":[{"id":189691,"href":"https:\/\/serbiantimes.info\/en\/wp-json\/wp\/v2\/posts\/189674\/revisions\/189691"}],"wp:featuredmedia":[{"embeddable":true,"href":"https:\/\/serbiantimes.info\/en\/wp-json\/wp\/v2\/media\/189675"}],"wp:attachment":[{"href":"https:\/\/serbiantimes.info\/en\/wp-json\/wp\/v2\/media?parent=189674"}],"wp:term":[{"taxonomy":"category","embeddable":true,"href":"https:\/\/serbiantimes.info\/en\/wp-json\/wp\/v2\/categories?post=189674"},{"taxonomy":"post_tag","embeddable":true,"href":"https:\/\/serbiantimes.info\/en\/wp-json\/wp\/v2\/tags?post=189674"}],"curies":[{"name":"wp","href":"https:\/\/api.w.org\/{rel}","templated":true}]}}