{"id":189586,"date":"2025-10-07T16:04:56","date_gmt":"2025-10-07T14:04:56","guid":{"rendered":"https:\/\/serbiantimes.info\/en\/?p=189586"},"modified":"2025-10-07T16:04:57","modified_gmt":"2025-10-07T14:04:57","slug":"grandpa-miki-proudly-preserves-the-old-craft-although-he-is-almost-90-years-old-he-rides-his-motorcycle-to-the-forest-every-day-for-this","status":"publish","type":"post","link":"https:\/\/serbiantimes.info\/en\/grandpa-miki-proudly-preserves-the-old-craft-although-he-is-almost-90-years-old-he-rides-his-motorcycle-to-the-forest-every-day-for-this\/","title":{"rendered":"GRANDPA MIKI PROUDLY PRESERVES THE OLD CRAFT: Although he is almost 90 years old, he rides his motorcycle to the forest every day for this!"},"content":{"rendered":"\n<p><strong><em>On the border between reality and oblivion, in the village of Milo\u0161ev Do high above Prijepolje, lives and creates one of the rare old craftsmen who knows how to make the traditional wooden cheese bucket (\u010dabri\u0107). This last of the Mohicans is named Miroslav Svi\u010devi\u0107, he is almost ninety years old, and still goes to the forest every day to prepare material for his craft, which he inherited from his late father and which today exists only thanks to his hands.<\/em><\/strong><\/p>\n\n\n\n<p>-First I go to the forest on my motorcycle, that is the most important thing. Then I cut and split, I split these long ones with an axe, then I dry them, then I plane them. There are tools \u2014 a broad axe, a drawknife, a cooper&#8217;s adze, explains grandpa Miroslav to RINA, while sanding the wood and recalling the time when cheese in every household in this area was stored exclusively in \u010dabri\u0107i made by people like him.<\/p>\n\n\n\n<p>His hands, although tired from decades of work, still remember every movement.<\/p>\n\n\n\n<p>-Now I can&#8217;t do as much as before, but I try to produce as much as I can. If I couldn&#8217;t, I wouldn&#8217;t be working. I make them exactly as my father made them, only they don&#8217;t turn red like they used to, says this vital old man.<\/p>\n\n\n\n<figure class=\"wp-block-image size-large\"><img loading=\"lazy\" decoding=\"async\" width=\"1024\" height=\"640\" src=\"http:\/\/serbiantimes.info\/wp-content\/uploads\/sites\/2\/2025\/10\/ST-Montaze-2025-10-07T113535.234-1024x640.jpg\" alt=\"\" class=\"wp-image-189587\" srcset=\"https:\/\/serbiantimes.info\/en\/wp-content\/uploads\/sites\/2\/2025\/10\/ST-Montaze-2025-10-07T113535.234-1024x640.jpg 1024w, https:\/\/serbiantimes.info\/en\/wp-content\/uploads\/sites\/2\/2025\/10\/ST-Montaze-2025-10-07T113535.234-300x188.jpg 300w, https:\/\/serbiantimes.info\/en\/wp-content\/uploads\/sites\/2\/2025\/10\/ST-Montaze-2025-10-07T113535.234-768x480.jpg 768w, https:\/\/serbiantimes.info\/en\/wp-content\/uploads\/sites\/2\/2025\/10\/ST-Montaze-2025-10-07T113535.234.jpg 1200w\" sizes=\"auto, (max-width: 1024px) 100vw, 1024px\" \/><\/figure>\n\n\n\n<p>Next to him, all the time is Stanimirka, his life companion and the quiet strength of the family.<\/p>\n\n\n\n<p>-I went everywhere with him. If someone comes to buy, I stay, I know how to sell. I wasn&#8217;t in charge of the money, but he would give me a little, she adds with a smile.<\/p>\n\n\n\n<p>And while many today return to their native village only on weekends, Miroslav and Stanimirka are among the last to live in Milo\u0161ev Do throughout the year. And they don&#8217;t complain \u2014 the mountains, they say, seduced them long ago and they could no longer separate from them.<\/p>\n\n\n\n<p>When asked if anyone will inherit his craft, grandpa Miroslav smiles and looks at his grandson.<\/p>\n\n\n\n<p>-I will try to learn from grandpa while he can still show me, so that someone can inherit and have this to do. Maybe it will be needed someday, you never know, says the grandson while proudly looking at his grandpa the craftsman.<\/p>\n\n\n\n<h4 class=\"wp-block-heading\"><mark style=\"background-color:#FFFFFF;color:#d21414\" class=\"has-inline-color\">MORE TOPICS:<\/mark><\/h4>\n\n\n\n<p><strong><a href=\"https:\/\/serbiantimes.info\/en\/when-all-of-chicago-smells-like-serbian-kotlic-a-lot-was-cooked-and-everything-was-eaten-chefs-were-imaginative-even-a-prize-stag-fell-into-the-cauldron-video\/\" target=\"_blank\" rel=\"noopener\" title=\"\">WHEN ALL OF CHICAGO SMELLS LIKE SERBIAN KOTLI\u0106: A lot was cooked, and everything was eaten! Chefs were imaginative, even a prize stag \u201cfell\u201d into the cauldron! (VIDEO)<\/a><\/strong><\/p>\n\n\n\n<p><strong><a href=\"https:\/\/serbiantimes.info\/en\/amira-medunjanin-concert-in-chicago-in-celebration-of-eternal-songs-a-heavenly-voice-and-that-little-bit-of-soul-that-remains-video\/\" target=\"_blank\" rel=\"noopener\" title=\"\">AMIRA MEDUNJANIN CONCERT IN CHICAGO: In celebration of eternal songs, a heavenly voice and that little bit of soul that remains (VIDEO)<\/a><\/strong><\/p>\n\n\n\n<p><strong><a href=\"https:\/\/serbiantimes.info\/en\/our-andrej-13-is-the-world-champion-in-calculation-the-young-serbian-genius-won-a-gold-medal-in-germany\/\" target=\"_blank\" rel=\"noopener\" title=\"\">OUR ANDREJ (13) IS THE WORLD CHAMPION IN CALCULATION! The young Serbian genius won a gold medal in Germany!<\/a><\/strong><\/p>\n\n\n\n<p><strong><strong>Source<\/strong><\/strong>: RINA; <strong>Photo<\/strong>: RINA<\/p>\n","protected":false},"excerpt":{"rendered":"<p>On the border between reality and oblivion, in the village of Milo\u0161ev Do high above Prijepolje, lives and creates one of the rare old craftsmen who knows how to make the traditional wooden cheese bucket (\u010dabri\u0107). This last of the Mohicans is named Miroslav Svi\u010devi\u0107, he is almost ninety years old, and still goes to [&hellip;]<\/p>\n","protected":false},"author":2169,"featured_media":189588,"comment_status":"open","ping_status":"open","sticky":false,"template":"","format":"standard","meta":{"newspack_featured_image_position":"","newspack_post_subtitle":"","newspack_article_summary_title":"Overview:","newspack_article_summary":"","newspack_hide_updated_date":false,"newspack_show_updated_date":false,"footnotes":""},"categories":[7],"tags":[9059,320,3684,9060,9061],"class_list":["post-189586","post","type-post","status-publish","format-standard","has-post-thumbnail","hentry","category-serbia","tag-miroslav-svicevic","tag-porodica","tag-seoski-zivot","tag-stari-zanati","tag-unuci","entry"],"aioseo_notices":[],"distributor_meta":false,"distributor_terms":false,"distributor_media":false,"distributor_original_site_name":"Serbiantimes.info EN","distributor_original_site_url":"https:\/\/serbiantimes.info\/en","push-errors":false,"_links":{"self":[{"href":"https:\/\/serbiantimes.info\/en\/wp-json\/wp\/v2\/posts\/189586","targetHints":{"allow":["GET"]}}],"collection":[{"href":"https:\/\/serbiantimes.info\/en\/wp-json\/wp\/v2\/posts"}],"about":[{"href":"https:\/\/serbiantimes.info\/en\/wp-json\/wp\/v2\/types\/post"}],"author":[{"embeddable":true,"href":"https:\/\/serbiantimes.info\/en\/wp-json\/wp\/v2\/users\/2169"}],"replies":[{"embeddable":true,"href":"https:\/\/serbiantimes.info\/en\/wp-json\/wp\/v2\/comments?post=189586"}],"version-history":[{"count":3,"href":"https:\/\/serbiantimes.info\/en\/wp-json\/wp\/v2\/posts\/189586\/revisions"}],"predecessor-version":[{"id":189651,"href":"https:\/\/serbiantimes.info\/en\/wp-json\/wp\/v2\/posts\/189586\/revisions\/189651"}],"wp:featuredmedia":[{"embeddable":true,"href":"https:\/\/serbiantimes.info\/en\/wp-json\/wp\/v2\/media\/189588"}],"wp:attachment":[{"href":"https:\/\/serbiantimes.info\/en\/wp-json\/wp\/v2\/media?parent=189586"}],"wp:term":[{"taxonomy":"category","embeddable":true,"href":"https:\/\/serbiantimes.info\/en\/wp-json\/wp\/v2\/categories?post=189586"},{"taxonomy":"post_tag","embeddable":true,"href":"https:\/\/serbiantimes.info\/en\/wp-json\/wp\/v2\/tags?post=189586"}],"curies":[{"name":"wp","href":"https:\/\/api.w.org\/{rel}","templated":true}]}}