{"id":189025,"date":"2025-09-30T22:22:58","date_gmt":"2025-09-30T20:22:58","guid":{"rendered":"https:\/\/serbiantimes.info\/en\/?p=189025"},"modified":"2025-09-30T22:22:59","modified_gmt":"2025-09-30T20:22:59","slug":"well-done-children-serbian-students-win-4-medals-at-the-balkan-olympiad-in-informatics","status":"publish","type":"post","link":"https:\/\/serbiantimes.info\/en\/well-done-children-serbian-students-win-4-medals-at-the-balkan-olympiad-in-informatics\/","title":{"rendered":"WELL DONE, CHILDREN! Serbian students win 4 medals at the Balkan Olympiad in Informatics!"},"content":{"rendered":"\n<p>Students of the Mathematical Grammar School in Belgrade won one gold, one silver, and two bronze medals at the 32nd Balkan Olympiad in Informatics held in Italy.<\/p>\n\n\n\n<p>The gold medal was won by Petar Banovi\u0107, the silver by Uro\u0161 Kostadinovi\u0107, and the bronze by Stefan \u0160ebez and Sofija \u010ceba\u0161ek.<\/p>\n\n\n\n<p>The team leader was Toni \u0160krijelj from the Faculty of Sciences in Novi Sad, while the deputy leader was Milo\u0161 Milutinovi\u0107 from the Faculty of Computer Science and the Faculty of Electrical Engineering in Belgrade.<\/p>\n\n\n\n<p>At the Balkan Olympiad in Udine, 48 competitors from 12 countries took part.<\/p>\n\n\n\n<p>The selection of competitors, preparations, and participation in the competition were organized by the Mathematical Society of Serbia, with the support of the Ministry of Education and the Ministry of Information and Telecommunications.<\/p>\n\n\n\n<p>\u201cOur team prepared intensively during this year\u2019s competition cycle, participating in a preparatory camp in Zagreb and in preparatory competitions such as the Central European Olympiad in Informatics (CEOI), held in Romania, which resulted in one of the best achievements at the Balkan Olympiad,\u201d the Mathematical Society of Serbia said in a statement.<\/p>\n\n\n\n<h4 class=\"wp-block-heading\"><mark style=\"background-color:#FFFFFF;color:#d21414\" class=\"has-inline-color\">MORE TOPICS:<\/mark><\/h4>\n\n\n\n<p><strong><a href=\"https:\/\/serbiantimes.info\/en\/i-do-not-agree-to-self-censorship-the-program-editor-of-rts-in-which-the-boy-praised-the-students-spoke-out\/\" target=\"_blank\" rel=\"noopener\" title=\"\">\u201cI DO NOT AGREE TO SELF-CENSORSHIP\u201d: The program editor of RTS, in which the boy praised the students, spoke out!<\/a><\/strong><\/p>\n\n\n\n<p><strong><a href=\"https:\/\/serbiantimes.info\/en\/boy-terribly-beaten-at-school-admitted-to-the-health-center-with-head-injuries-peers-filmed-everything\/\" target=\"_blank\" rel=\"noopener\" title=\"\">BOY TERRIBLY BEATEN AT SCHOOL: Admitted to the Health Center with head injuries, peers filmed everything!<\/a><\/strong><\/p>\n\n\n\n<p><strong><a href=\"https:\/\/serbiantimes.info\/en\/a-day-after-recruiting-over-100000-people-putin-addressed-the-nation-russia-is-going-on-the-attack\/\" target=\"_blank\" rel=\"noopener\" title=\"\">A DAY AFTER RECRUITING OVER 100,000 PEOPLE: Putin addressed the nation, Russia is going on the attack!<\/a><\/strong><\/p>\n\n\n\n<p><strong><a href=\"https:\/\/serbiantimes.info\/en\/they-mentioned-serbia-too-the-state-department-revealed-the-reason-for-the-suspension-of-the-strategic-dialogue-with-pristina\/\" target=\"_blank\" rel=\"noopener\" title=\"\">THEY MENTIONED SERBIA TOO: The State Department revealed the reason for the suspension of the strategic dialogue with Pri\u0161tina!<\/a><\/strong><\/p>\n\n\n\n<p><strong><a href=\"https:\/\/serbiantimes.info\/en\/fifa-slapped-serbia-with-a-hefty-fine-the-behavior-of-the-fans-against-england-costs-the-eagles-dearly-before-the-key-match\/\" target=\"_blank\" rel=\"noopener\" title=\"\">FIFA SLAPPED SERBIA WITH A HEFTY FINE: The behavior of the fans against England costs the Eagles dearly before the key match!<\/a><\/strong><\/p>\n\n\n\n<p><strong><a href=\"https:\/\/serbiantimes.info\/en\/jokic-finally-appeared-before-the-media-nikola-spoke-about-the-failure-at-eurobasket-and-staying-in-denver\/\" target=\"_blank\" rel=\"noopener\" title=\"\">JOKI\u0106 FINALLY APPEARED BEFORE THE MEDIA: Nikola spoke about the failure at EuroBasket and staying in Denver!<\/a><\/strong><\/p>\n\n\n\n<p><strong>Source<\/strong>: RTS, <strong>Foto:<\/strong> Dru\u0161tvo matemati\u010dara Srbije<\/p>\n","protected":false},"excerpt":{"rendered":"<p>Students of the Mathematical Grammar School in Belgrade won one gold, one silver, and two bronze medals at the 32nd Balkan Olympiad in Informatics held in Italy. The gold medal was won by Petar Banovi\u0107, the silver by Uro\u0161 Kostadinovi\u0107, and the bronze by Stefan \u0160ebez and Sofija \u010ceba\u0161ek. The team leader was Toni \u0160krijelj [&hellip;]<\/p>\n","protected":false},"author":2169,"featured_media":189026,"comment_status":"open","ping_status":"open","sticky":false,"template":"","format":"standard","meta":{"newspack_featured_image_position":"","newspack_post_subtitle":"","newspack_article_summary_title":"Overview:","newspack_article_summary":"","newspack_hide_updated_date":false,"newspack_show_updated_date":false,"footnotes":""},"categories":[7],"tags":[8938,3125,87,2320,615,113,1908],"class_list":["post-189025","post","type-post","status-publish","format-standard","has-post-thumbnail","hentry","category-serbia","tag-balkanska-olimpijada","tag-informatika","tag-italija","tag-matematicka-gimnazija","tag-medalje","tag-srbija","tag-daci","entry"],"aioseo_notices":[],"distributor_meta":false,"distributor_terms":false,"distributor_media":false,"distributor_original_site_name":"Serbiantimes.info EN","distributor_original_site_url":"https:\/\/serbiantimes.info\/en","push-errors":false,"_links":{"self":[{"href":"https:\/\/serbiantimes.info\/en\/wp-json\/wp\/v2\/posts\/189025","targetHints":{"allow":["GET"]}}],"collection":[{"href":"https:\/\/serbiantimes.info\/en\/wp-json\/wp\/v2\/posts"}],"about":[{"href":"https:\/\/serbiantimes.info\/en\/wp-json\/wp\/v2\/types\/post"}],"author":[{"embeddable":true,"href":"https:\/\/serbiantimes.info\/en\/wp-json\/wp\/v2\/users\/2169"}],"replies":[{"embeddable":true,"href":"https:\/\/serbiantimes.info\/en\/wp-json\/wp\/v2\/comments?post=189025"}],"version-history":[{"count":2,"href":"https:\/\/serbiantimes.info\/en\/wp-json\/wp\/v2\/posts\/189025\/revisions"}],"predecessor-version":[{"id":189044,"href":"https:\/\/serbiantimes.info\/en\/wp-json\/wp\/v2\/posts\/189025\/revisions\/189044"}],"wp:featuredmedia":[{"embeddable":true,"href":"https:\/\/serbiantimes.info\/en\/wp-json\/wp\/v2\/media\/189026"}],"wp:attachment":[{"href":"https:\/\/serbiantimes.info\/en\/wp-json\/wp\/v2\/media?parent=189025"}],"wp:term":[{"taxonomy":"category","embeddable":true,"href":"https:\/\/serbiantimes.info\/en\/wp-json\/wp\/v2\/categories?post=189025"},{"taxonomy":"post_tag","embeddable":true,"href":"https:\/\/serbiantimes.info\/en\/wp-json\/wp\/v2\/tags?post=189025"}],"curies":[{"name":"wp","href":"https:\/\/api.w.org\/{rel}","templated":true}]}}