{"id":188825,"date":"2025-09-28T18:23:49","date_gmt":"2025-09-28T16:23:49","guid":{"rendered":"https:\/\/serbiantimes.info\/en\/?p=188825"},"modified":"2025-09-28T18:23:50","modified_gmt":"2025-09-28T16:23:50","slug":"crime-that-shocked-serbia-the-killer-from-despotovac-who-slaughtered-his-grandmother-and-grandfather-has-surrendered","status":"publish","type":"post","link":"https:\/\/serbiantimes.info\/en\/crime-that-shocked-serbia-the-killer-from-despotovac-who-slaughtered-his-grandmother-and-grandfather-has-surrendered\/","title":{"rendered":"CRIME THAT SHOCKED SERBIA: The killer from Despotovac who slaughtered his grandmother and grandfather has surrendered!"},"content":{"rendered":"\n<p>Milo\u0161 M. (39), suspected of the double murder of his grandparents in Despotovac, was found and arrested around nine o\u2019clock in Smederevska Palanka, Telegraf.rs has learned.<\/p>\n\n\n\n<p>As confirmed for Telegraf, he will be handed over to the Jagodina police for further proceedings. The police located the suspect and he surrendered.<\/p>\n\n\n\n<p>He had been wanted by the police since yesterday morning.<\/p>\n\n\n\n<p>To recall, as people from the village of Bogava recount, where the bodies of the elderly couple R. \u017d. and \u017d. M. were found in their family home, one of their daughters had tried to reach them by phone, calling both mobile and landline, but they did not answer. Because of this, she sent her husband to check on them and see what was happening, as her parents lived in a neighboring village.<\/p>\n\n\n\n<figure class=\"wp-block-embed is-type-wp-embed is-provider-serbiantimes-info wp-block-embed-serbiantimes-info\"><div class=\"wp-block-embed__wrapper\">\n<blockquote class=\"wp-embedded-content\" data-secret=\"w7VEC7fJAW\"><a href=\"https:\/\/serbiantimes.info\/uzas-u-despotovcu-pronadjena-tela-muskarca-i-zene-kod-despotovca-sumnja-se-na-ubistvo\/\">U\u017dAS U DESPOTOVCU: Prona\u0111ena tela mu\u0161karca i \u017eene, sumnja se na ubistvo!<\/a><\/blockquote><iframe loading=\"lazy\" class=\"wp-embedded-content\" sandbox=\"allow-scripts\" security=\"restricted\" style=\"position: absolute; visibility: hidden;\" title=\"&#132;U\u017dAS U DESPOTOVCU: Prona\u0111ena tela mu\u0161karca i \u017eene, sumnja se na ubistvo!&#147; &#8212; Serbiantimes.info\" src=\"https:\/\/serbiantimes.info\/uzas-u-despotovcu-pronadjena-tela-muskarca-i-zene-kod-despotovca-sumnja-se-na-ubistvo\/embed\/#?secret=gKKuiMrbW4#?secret=w7VEC7fJAW\" data-secret=\"w7VEC7fJAW\" width=\"500\" height=\"282\" frameborder=\"0\" marginwidth=\"0\" marginheight=\"0\" scrolling=\"no\"><\/iframe>\n<\/div><\/figure>\n\n\n\n<p>When the man could not enter the house and there was no response from inside, and he also noticed that there was no car in the yard, he called the police.<\/p>\n\n\n\n<p>\u201cHe was with a neighbor, who said that M. M. had stabbed them with a knife and then slaughtered them. They say the sight was horrific,\u201d added the neighbors.<\/p>\n\n\n\n<figure class=\"wp-block-embed is-type-wp-embed is-provider-serbiantimes-info wp-block-embed-serbiantimes-info\"><div class=\"wp-block-embed__wrapper\">\n<blockquote class=\"wp-embedded-content\" data-secret=\"NlwS3rzqbj\"><a href=\"https:\/\/serbiantimes.info\/odmazda-u-prosveti-vlast-se-sveti-profesorima-i-nastavnicima-koji-su-podrzali-studenti-njih-100-zavrsilo-na-ulici\/\">ODMAZDA U PROSVETI: Vlast se sveti profesorima i nastavnicima koji su podr\u017eali studenti, njih 100 zavr\u0161ilo na ulici!<\/a><\/blockquote><iframe loading=\"lazy\" class=\"wp-embedded-content\" sandbox=\"allow-scripts\" security=\"restricted\" style=\"position: absolute; visibility: hidden;\" title=\"&#132;ODMAZDA U PROSVETI: Vlast se sveti profesorima i nastavnicima koji su podr\u017eali studenti, njih 100 zavr\u0161ilo na ulici!&#147; &#8212; Serbiantimes.info\" src=\"https:\/\/serbiantimes.info\/odmazda-u-prosveti-vlast-se-sveti-profesorima-i-nastavnicima-koji-su-podrzali-studenti-njih-100-zavrsilo-na-ulici\/embed\/#?secret=xRQTbEDBzJ#?secret=NlwS3rzqbj\" data-secret=\"NlwS3rzqbj\" width=\"500\" height=\"282\" frameborder=\"0\" marginwidth=\"0\" marginheight=\"0\" scrolling=\"no\"><\/iframe>\n<\/div><\/figure>\n\n\n\n<p>An autopsy of the bodies has been ordered.<\/p>\n\n\n\n<p>A Telegraf reporter was yesterday in the village of Duboka, where Milo\u0161 M. lived.<\/p>\n\n\n\n<p>\u201cM. M. was engaged in cattle trading, he worked well, people knew him, but lately he had not been around. I bought a field from him cheaply last year. He started selling everything off, we suspect gambling is involved and that maybe because of that he argued with his grandparents and had family problems. We don\u2019t believe it was drugs, he was not into that,\u201d one resident of Duboka told Telegraf.rs.<\/p>\n\n\n\n<p>It is also mentioned in the villages that the suspect for the murder, M. M., took sheep from his grandfather to sell them, but did not give him the money, which led to the conflict.<\/p>\n\n\n\n<h4 class=\"wp-block-heading\"><strong>MORE TOPICS: <\/strong><\/h4>\n\n\n\n<p><strong><a href=\"https:\/\/serbiantimes.info\/en\/mural-dedicated-to-charlie-kirk-painted-over-in-belgrade-the-work-of-the-same-left-wing-ideology-that-cost-kirk-his-life\/\" title=\"\">MURAL DEDICATED TO CHARLIE KIRK PAINTED OVER IN BELGRADE: \u201cThe Work of the Same Left-Wing Ideology that Cost Kirk His Life\u201d<\/a><\/strong><\/p>\n\n\n\n<p><strong><a href=\"https:\/\/serbiantimes.info\/en\/in-the-footsteps-of-ancestors-famous-serbian-actor-originally-from-kosovo-metohija-baptizes-son-in-gracanica\/\" title=\"\">\u201cIN THE FOOTSTEPS OF ANCESTORS\u201d: Famous Serbian Actor, Originally from Kosovo-Metohija, Baptizes Son in Gra\u010danica!<\/a><\/strong><\/p>\n\n\n\n<p><strong><a href=\"https:\/\/serbiantimes.info\/en\/serbia-buys-a-little-more-time-americans-once-again-postpone-sanctions-on-nis-heres-for-how-many-days\/\" title=\"\">SERBIA BUYS A LITTLE MORE TIME: Americans Once Again Postpone Sanctions on NIS, Here\u2019s for How Many Days!<\/a><\/strong><\/p>\n\n\n\n<p><strong><a href=\"https:\/\/serbiantimes.info\/en\/serbia-gains-a-world-champion-in-a-new-sport-gabor-writes-history-and-becomes-chess-boxing-champion\/\" title=\"\">SERBIA GAINS A WORLD CHAMPION IN A NEW SPORT! Gabor Writes History and Becomes Chess-Boxing Champion!<\/a><\/strong><\/p>\n\n\n\n<p><strong><a href=\"https:\/\/serbiantimes.info\/en\/us-israel-conflict-looms-trump-unveils-gaza-peace-plan-netanyahu-vows-to-continue-war\/\" title=\"\">US-ISRAEL CONFLICT LOOMS: Trump Unveils Gaza Peace Plan, Netanyahu Vows to Continue War<\/a><\/strong><\/p>\n\n\n\n<p><strong><a href=\"https:\/\/serbiantimes.info\/en\/orban-says-no-to-trump-hungary-does-not-want-to-stop-importing-oil-and-gas-from-russia-due-to-high-bills-for-citizens\/\" title=\"\">ORB\u00c1N SAYS NO TO TRUMP: Hungary Does Not Want to Stop Importing Oil and Gas from Russia Due to High Bills for Citizens<\/a><\/strong><\/p>\n\n\n\n<p><strong><a href=\"https:\/\/serbiantimes.info\/en\/finnish-basketball-wonder-arrives-in-belgrade-mika-muurinen-takes-partizan-jersey-photo\/\" title=\"\">FINNISH BASKETBALL WONDER ARRIVES IN BELGRADE: Mika Muurinen Takes Partizan Jersey (PHOTO)<\/a><\/strong><\/p>\n\n\n\n<p><strong><a href=\"https:\/\/serbiantimes.info\/en\/new-documents-published-elon-musk-and-prince-andrew-mentioned-in-jeffrey-epsteins-records-heres-how-the-billionaire-defends-himself\/\" title=\"\">NEW DOCUMENTS PUBLISHED: Elon Musk and Prince Andrew Mentioned in Jeffrey Epstein\u2019s Records, Here\u2019s How the Billionaire Defends Himself!<\/a><\/strong><\/p>\n\n\n\n<p><em><strong>Source:<\/strong><\/em>Telegraf,<strong>\u00a0Foto:\u00a0<\/strong>Telegraf<\/p>\n","protected":false},"excerpt":{"rendered":"<p>Milo\u0161 M. (39), suspected of the double murder of his grandparents in Despotovac, was found and arrested around nine o\u2019clock in Smederevska Palanka, Telegraf.rs has learned. As confirmed for Telegraf, he will be handed over to the Jagodina police for further proceedings. The police located the suspect and he surrendered. He had been wanted by [&hellip;]<\/p>\n","protected":false},"author":2169,"featured_media":188826,"comment_status":"open","ping_status":"open","sticky":false,"template":"","format":"standard","meta":{"newspack_featured_image_position":"","newspack_post_subtitle":"","newspack_article_summary_title":"Overview:","newspack_article_summary":"","newspack_hide_updated_date":false,"newspack_show_updated_date":false,"footnotes":""},"categories":[7],"tags":[6663,1519,478,4576],"class_list":["post-188825","post","type-post","status-publish","format-standard","has-post-thumbnail","hentry","category-serbia","tag-despotovac","tag-istraga","tag-policija","tag-predaja","entry"],"aioseo_notices":[],"distributor_meta":false,"distributor_terms":false,"distributor_media":false,"distributor_original_site_name":"Serbiantimes.info EN","distributor_original_site_url":"https:\/\/serbiantimes.info\/en","push-errors":false,"_links":{"self":[{"href":"https:\/\/serbiantimes.info\/en\/wp-json\/wp\/v2\/posts\/188825","targetHints":{"allow":["GET"]}}],"collection":[{"href":"https:\/\/serbiantimes.info\/en\/wp-json\/wp\/v2\/posts"}],"about":[{"href":"https:\/\/serbiantimes.info\/en\/wp-json\/wp\/v2\/types\/post"}],"author":[{"embeddable":true,"href":"https:\/\/serbiantimes.info\/en\/wp-json\/wp\/v2\/users\/2169"}],"replies":[{"embeddable":true,"href":"https:\/\/serbiantimes.info\/en\/wp-json\/wp\/v2\/comments?post=188825"}],"version-history":[{"count":2,"href":"https:\/\/serbiantimes.info\/en\/wp-json\/wp\/v2\/posts\/188825\/revisions"}],"predecessor-version":[{"id":188840,"href":"https:\/\/serbiantimes.info\/en\/wp-json\/wp\/v2\/posts\/188825\/revisions\/188840"}],"wp:featuredmedia":[{"embeddable":true,"href":"https:\/\/serbiantimes.info\/en\/wp-json\/wp\/v2\/media\/188826"}],"wp:attachment":[{"href":"https:\/\/serbiantimes.info\/en\/wp-json\/wp\/v2\/media?parent=188825"}],"wp:term":[{"taxonomy":"category","embeddable":true,"href":"https:\/\/serbiantimes.info\/en\/wp-json\/wp\/v2\/categories?post=188825"},{"taxonomy":"post_tag","embeddable":true,"href":"https:\/\/serbiantimes.info\/en\/wp-json\/wp\/v2\/tags?post=188825"}],"curies":[{"name":"wp","href":"https:\/\/api.w.org\/{rel}","templated":true}]}}