{"id":188368,"date":"2025-09-24T18:21:38","date_gmt":"2025-09-24T16:21:38","guid":{"rendered":"https:\/\/serbiantimes.info\/en\/?p=188368"},"modified":"2025-09-24T18:24:41","modified_gmt":"2025-09-24T16:24:41","slug":"mayor-of-zajecar-elected-the-session-ended-despite-incidents-and-opposition-protests","status":"publish","type":"post","link":"https:\/\/serbiantimes.info\/en\/mayor-of-zajecar-elected-the-session-ended-despite-incidents-and-opposition-protests\/","title":{"rendered":"MAYOR OF ZAJE\u010cAR ELECTED: The session ended despite incidents and opposition protests!"},"content":{"rendered":"\n<p class=\"wp-block-paragraph\"><strong><em>The session of the Zaje\u010dar assembly has ended. Previously, although the chairman wanted to start the session despite the noise, councillors left the hall after a smoke bomb was thrown. Around noon, the session continued, but there was pushing between private security and opposition councillors, and some were also expelled from the hall.<\/em><\/strong><\/p>\n\n\n\n<p class=\"wp-block-paragraph\">At the repeated constitutive session, the Zaje\u010dar Assembly elected the new mayor of Zaje\u010dar, Vladimir Videnovi\u0107 from the SNS.<\/p>\n\n\n\n<p class=\"wp-block-paragraph\">Immediately after the decision was made to appoint Videnovi\u0107 as mayor and to elect the members of the city council \u2013 the session was soon over.<\/p>\n\n\n\n<p class=\"wp-block-paragraph\">This was supposed to be a continuation of the constitutive session at which the mandates were to be confirmed. However, after the constitutive session, a second session had already been held, which the opposition also claimed was illegal.<\/p>\n\n\n\n<p class=\"wp-block-paragraph\">&#8220;The government was re-elected in an identical, criminal way, they again tried today to form a verification commission and to re-confirm the mandates. They did it in the same way as last time. The High Court made a decision and a ruling that everything that is happening today is illegitimate, illegal. We will do everything in our power to react and to annul this as well,&#8221; said Dragana Ra\u0161i\u0107, the holder of the list &#8220;Change We Believe In&#8221; in Zaje\u010dar.<\/p>\n\n\n\n<p class=\"wp-block-paragraph\">According to the TV Nova reporter, comments from those present are that &#8220;a coup d&#8217;\u00e9tat is in force,&#8221; and cordons of police and security have been in the assembly hall and in front of the building since the morning.<\/p>\n\n\n\n<h4 class=\"wp-block-heading\"><mark style=\"background-color:#FFFFFF;color:#d21414\" class=\"has-inline-color\">MORE TOPICS:<\/mark><\/h4>\n\n\n\n<p class=\"wp-block-paragraph\"><strong><a href=\"https:\/\/serbiantimes.info\/en\/joe-rogan-stood-with-jimmy-kimmel-the-famous-podcaster-condemned-the-attacks-on-the-host-as-an-attempt-at-censorship\/\" target=\"_blank\" rel=\"noopener\" title=\"\">JOE ROGAN STOOD WITH JIMMY KIMMEL: The famous podcaster condemned the attacks on the host as an attempt at censorship!<\/a><\/strong><\/p>\n\n\n\n<p class=\"wp-block-paragraph\"><strong><a href=\"https:\/\/serbiantimes.info\/en\/this-is-the-serbian-candidate-for-an-oscar-the-sun-never-again-is-a-powerful-story-about-the-greed-and-power-of-large-mining-companies-video\/\" target=\"_blank\" rel=\"noopener\" title=\"\">THIS IS THE SERBIAN CANDIDATE FOR AN OSCAR: \u201cThe sun never again\u201d is a powerful story about the greed and power of large mining companies! (VIDEO)<\/a><\/strong><\/p>\n\n\n\n<p class=\"wp-block-paragraph\"><strong><a href=\"https:\/\/serbiantimes.info\/en\/double-murder-in-cetinje-bodies-found-in-a-car-suspected-to-be-a-clash-of-drug-clans\/\" target=\"_blank\" rel=\"noopener\" title=\"\">DOUBLE MURDER IN CETINJE: Bodies found in a car, suspected to be a clash of drug clans!<\/a><\/strong><\/p>\n\n\n\n<p class=\"wp-block-paragraph\"><strong><a href=\"https:\/\/serbiantimes.info\/en\/shooting-at-the-ice-office-in-dallas-three-people-wounded-suspect-committed-suicide-video\/\" target=\"_blank\" rel=\"noopener\" title=\"\">SHOOTING AT THE ICE OFFICE IN DALLAS: Three people wounded, suspect committed suicide! (VIDEO)<\/a><\/strong><\/p>\n\n\n\n<p class=\"wp-block-paragraph\"><strong><strong>Source<\/strong><\/strong>: N1; <strong>Photo<\/strong>: Printscreen YouTube<\/p>\n","protected":false},"excerpt":{"rendered":"<p>The session of the Zaje\u010dar assembly has ended. Previously, although the chairman wanted to start the session despite the noise, councillors left the hall after a smoke bomb was thrown. Around noon, the session continued, but there was pushing between private security and opposition councillors, and some were also expelled from the hall. At the [&hellip;]<\/p>\n","protected":false},"author":2169,"featured_media":188369,"comment_status":"open","ping_status":"open","sticky":false,"template":"","format":"standard","meta":{"newspack_featured_image_position":"","newspack_post_subtitle":"","newspack_article_summary_title":"Overview:","newspack_article_summary":"","newspack_hide_updated_date":false,"newspack_show_updated_date":false,"footnotes":""},"categories":[7],"tags":[2499,8803,2962,8804,8800,2609,113,7975,796],"class_list":["post-188368","post","type-post","status-publish","format-standard","has-post-thumbnail","hentry","category-serbia","tag-gradonacelnik","tag-gradonacelnik-zajecara","tag-obezbedenje","tag-opozicja","tag-privatno-obezbedjenje","tag-sns","tag-srbija","tag-vladimir-videnovic","tag-zajecar","entry"],"aioseo_notices":[],"aioseo_head":"\n\t\t<!-- All in One SEO 5.0.1.1 - aioseo.com -->\n\t<meta name=\"description\" content=\"The session of the Zaje\u010dar assembly has ended. Previously, although the chairman wanted to start the session despite the noise, councillors left the hall after a smoke bomb was thrown. Around noon, the session continued, but there was pushing between private security and opposition councillors, and some were also expelled from the hall. At the\" \/>\n\t<meta name=\"robots\" content=\"max-image-preview:large\" \/>\n\t<meta name=\"author\" content=\"Serbian Times\"\/>\n\t<link rel=\"canonical\" href=\"https:\/\/serbiantimes.info\/en\/mayor-of-zajecar-elected-the-session-ended-despite-incidents-and-opposition-protests\/\" \/>\n\t<meta name=\"generator\" content=\"All in One SEO (AIOSEO) 5.0.1.1\" \/>\n\t\t<meta property=\"og:locale\" content=\"en_US\" \/>\n\t\t<meta property=\"og:site_name\" content=\"Serbiantimes.info EN |\" \/>\n\t\t<meta property=\"og:type\" content=\"article\" \/>\n\t\t<meta property=\"og:title\" content=\"MAYOR OF ZAJE\u010cAR ELECTED: The session ended despite incidents and opposition protests! | Serbiantimes.info EN\" \/>\n\t\t<meta property=\"og:description\" content=\"The session of the Zaje\u010dar assembly has ended. Previously, although the chairman wanted to start the session despite the noise, councillors left the hall after a smoke bomb was thrown. Around noon, the session continued, but there was pushing between private security and opposition councillors, and some were also expelled from the hall. At the\" \/>\n\t\t<meta property=\"og:url\" content=\"https:\/\/serbiantimes.info\/en\/mayor-of-zajecar-elected-the-session-ended-despite-incidents-and-opposition-protests\/\" \/>\n\t\t<meta property=\"og:image\" content=\"https:\/\/serbiantimes.info\/en\/wp-content\/uploads\/sites\/2\/2025\/09\/ST-Montaze-76.jpg\" \/>\n\t\t<meta property=\"og:image:secure_url\" content=\"https:\/\/serbiantimes.info\/en\/wp-content\/uploads\/sites\/2\/2025\/09\/ST-Montaze-76.jpg\" \/>\n\t\t<meta property=\"og:image:width\" content=\"1200\" \/>\n\t\t<meta property=\"og:image:height\" content=\"750\" \/>\n\t\t<meta property=\"article:published_time\" content=\"2025-09-24T16:21:38+00:00\" \/>\n\t\t<meta property=\"article:modified_time\" content=\"2025-09-24T16:24:41+00:00\" \/>\n\t\t<meta name=\"twitter:card\" content=\"summary_large_image\" \/>\n\t\t<meta name=\"twitter:title\" content=\"MAYOR OF ZAJE\u010cAR ELECTED: The session ended despite incidents and opposition protests! | Serbiantimes.info EN\" \/>\n\t\t<meta name=\"twitter:description\" content=\"The session of the Zaje\u010dar assembly has ended. Previously, although the chairman wanted to start the session despite the noise, councillors left the hall after a smoke bomb was thrown. Around noon, the session continued, but there was pushing between private security and opposition councillors, and some were also expelled from the hall. At the\" \/>\n\t\t<meta name=\"twitter:image\" content=\"https:\/\/serbiantimes.info\/en\/wp-content\/uploads\/sites\/2\/2025\/09\/ST-Montaze-76.jpg\" \/>\n\t\t<script type=\"application\/ld+json\" class=\"aioseo-schema\">\n\t\t\t{\"@context\":\"https:\\\/\\\/schema.org\",\"@graph\":[{\"@type\":\"BlogPosting\",\"@id\":\"https:\\\/\\\/serbiantimes.info\\\/en\\\/mayor-of-zajecar-elected-the-session-ended-despite-incidents-and-opposition-protests\\\/#blogposting\",\"name\":\"MAYOR OF ZAJE\\u010cAR ELECTED: The session ended despite incidents and opposition protests! | Serbiantimes.info EN\",\"headline\":\"MAYOR OF ZAJE\\u010cAR ELECTED: The session ended despite incidents and opposition protests!\",\"author\":{\"@id\":\"https:\\\/\\\/serbiantimes.info\\\/en\\\/author\\\/serbiantimes-portal\\\/#author\"},\"publisher\":{\"@id\":\"https:\\\/\\\/serbiantimes.info\\\/en\\\/#organization\"},\"image\":{\"@type\":\"ImageObject\",\"url\":\"https:\\\/\\\/serbiantimes.info\\\/en\\\/wp-content\\\/uploads\\\/sites\\\/2\\\/2025\\\/09\\\/ST-Montaze-76.jpg\",\"width\":1200,\"height\":750},\"datePublished\":\"2025-09-24T18:21:38+02:00\",\"dateModified\":\"2025-09-24T18:24:41+02:00\",\"inLanguage\":\"en-US\",\"mainEntityOfPage\":{\"@id\":\"https:\\\/\\\/serbiantimes.info\\\/en\\\/mayor-of-zajecar-elected-the-session-ended-despite-incidents-and-opposition-protests\\\/#webpage\"},\"isPartOf\":{\"@id\":\"https:\\\/\\\/serbiantimes.info\\\/en\\\/mayor-of-zajecar-elected-the-session-ended-despite-incidents-and-opposition-protests\\\/#webpage\"},\"articleSection\":\"SERBIA, gradona\\u010delnik, gradona\\u010delnik zaje\\u010dara, obezbe\\u0111enje, opozicja, privatno obezbe\\u0111enje, SNS, Srbija, vladimir videnovi\\u0107, zaje\\u010dar\"},{\"@type\":\"BreadcrumbList\",\"@id\":\"https:\\\/\\\/serbiantimes.info\\\/en\\\/mayor-of-zajecar-elected-the-session-ended-despite-incidents-and-opposition-protests\\\/#breadcrumblist\",\"itemListElement\":[{\"@type\":\"ListItem\",\"@id\":\"https:\\\/\\\/serbiantimes.info\\\/en#listItem\",\"position\":1,\"name\":\"Home\",\"item\":\"https:\\\/\\\/serbiantimes.info\\\/en\",\"nextItem\":{\"@type\":\"ListItem\",\"@id\":\"https:\\\/\\\/serbiantimes.info\\\/en\\\/category\\\/serbia\\\/#listItem\",\"name\":\"SERBIA\"}},{\"@type\":\"ListItem\",\"@id\":\"https:\\\/\\\/serbiantimes.info\\\/en\\\/category\\\/serbia\\\/#listItem\",\"position\":2,\"name\":\"SERBIA\",\"item\":\"https:\\\/\\\/serbiantimes.info\\\/en\\\/category\\\/serbia\\\/\",\"nextItem\":{\"@type\":\"ListItem\",\"@id\":\"https:\\\/\\\/serbiantimes.info\\\/en\\\/mayor-of-zajecar-elected-the-session-ended-despite-incidents-and-opposition-protests\\\/#listItem\",\"name\":\"MAYOR OF ZAJE\\u010cAR ELECTED: The session ended despite incidents and opposition protests!\"},\"previousItem\":{\"@type\":\"ListItem\",\"@id\":\"https:\\\/\\\/serbiantimes.info\\\/en#listItem\",\"name\":\"Home\"}},{\"@type\":\"ListItem\",\"@id\":\"https:\\\/\\\/serbiantimes.info\\\/en\\\/mayor-of-zajecar-elected-the-session-ended-despite-incidents-and-opposition-protests\\\/#listItem\",\"position\":3,\"name\":\"MAYOR OF ZAJE\\u010cAR ELECTED: The session ended despite incidents and opposition protests!\",\"previousItem\":{\"@type\":\"ListItem\",\"@id\":\"https:\\\/\\\/serbiantimes.info\\\/en\\\/category\\\/serbia\\\/#listItem\",\"name\":\"SERBIA\"}}]},{\"@type\":\"Organization\",\"@id\":\"https:\\\/\\\/serbiantimes.info\\\/en\\\/#organization\",\"name\":\"Serbiantimes.info EN\",\"url\":\"https:\\\/\\\/serbiantimes.info\\\/en\\\/\",\"logo\":{\"@type\":\"ImageObject\",\"url\":\"https:\\\/\\\/serbiantimes.info\\\/en\\\/wp-content\\\/uploads\\\/sites\\\/2\\\/2024\\\/10\\\/cropped-cropped-Serbian-Times-Header-Logo-1.png\",\"@id\":\"https:\\\/\\\/serbiantimes.info\\\/en\\\/mayor-of-zajecar-elected-the-session-ended-despite-incidents-and-opposition-protests\\\/#organizationLogo\",\"width\":480,\"height\":100},\"image\":{\"@id\":\"https:\\\/\\\/serbiantimes.info\\\/en\\\/mayor-of-zajecar-elected-the-session-ended-despite-incidents-and-opposition-protests\\\/#organizationLogo\"}},{\"@type\":\"Person\",\"@id\":\"https:\\\/\\\/serbiantimes.info\\\/en\\\/author\\\/serbiantimes-portal\\\/#author\",\"url\":\"https:\\\/\\\/serbiantimes.info\\\/en\\\/author\\\/serbiantimes-portal\\\/\",\"name\":\"Serbian Times\",\"image\":{\"@type\":\"ImageObject\",\"@id\":\"https:\\\/\\\/serbiantimes.info\\\/en\\\/mayor-of-zajecar-elected-the-session-ended-despite-incidents-and-opposition-protests\\\/#authorImage\",\"url\":\"https:\\\/\\\/secure.gravatar.com\\\/avatar\\\/ea76e009769270b4193e2bc7e032c096b4ae135483ec03b396fd0f520bc3dcfd?s=96&d=mm&r=g\",\"width\":96,\"height\":96,\"caption\":\"Serbian Times\"}},{\"@type\":\"WebPage\",\"@id\":\"https:\\\/\\\/serbiantimes.info\\\/en\\\/mayor-of-zajecar-elected-the-session-ended-despite-incidents-and-opposition-protests\\\/#webpage\",\"url\":\"https:\\\/\\\/serbiantimes.info\\\/en\\\/mayor-of-zajecar-elected-the-session-ended-despite-incidents-and-opposition-protests\\\/\",\"name\":\"MAYOR OF ZAJE\\u010cAR ELECTED: The session ended despite incidents and opposition protests! | Serbiantimes.info EN\",\"description\":\"The session of the Zaje\\u010dar assembly has ended. Previously, although the chairman wanted to start the session despite the noise, councillors left the hall after a smoke bomb was thrown. Around noon, the session continued, but there was pushing between private security and opposition councillors, and some were also expelled from the hall. At the\",\"inLanguage\":\"en-US\",\"isPartOf\":{\"@id\":\"https:\\\/\\\/serbiantimes.info\\\/en\\\/#website\"},\"breadcrumb\":{\"@id\":\"https:\\\/\\\/serbiantimes.info\\\/en\\\/mayor-of-zajecar-elected-the-session-ended-despite-incidents-and-opposition-protests\\\/#breadcrumblist\"},\"author\":{\"@id\":\"https:\\\/\\\/serbiantimes.info\\\/en\\\/author\\\/serbiantimes-portal\\\/#author\"},\"creator\":{\"@id\":\"https:\\\/\\\/serbiantimes.info\\\/en\\\/author\\\/serbiantimes-portal\\\/#author\"},\"image\":{\"@type\":\"ImageObject\",\"url\":\"https:\\\/\\\/serbiantimes.info\\\/en\\\/wp-content\\\/uploads\\\/sites\\\/2\\\/2025\\\/09\\\/ST-Montaze-76.jpg\",\"@id\":\"https:\\\/\\\/serbiantimes.info\\\/en\\\/mayor-of-zajecar-elected-the-session-ended-despite-incidents-and-opposition-protests\\\/#mainImage\",\"width\":1200,\"height\":750},\"primaryImageOfPage\":{\"@id\":\"https:\\\/\\\/serbiantimes.info\\\/en\\\/mayor-of-zajecar-elected-the-session-ended-despite-incidents-and-opposition-protests\\\/#mainImage\"},\"datePublished\":\"2025-09-24T18:21:38+02:00\",\"dateModified\":\"2025-09-24T18:24:41+02:00\"},{\"@type\":\"WebSite\",\"@id\":\"https:\\\/\\\/serbiantimes.info\\\/en\\\/#website\",\"url\":\"https:\\\/\\\/serbiantimes.info\\\/en\\\/\",\"name\":\"Serbiantimes.info EN\",\"inLanguage\":\"en-US\",\"publisher\":{\"@id\":\"https:\\\/\\\/serbiantimes.info\\\/en\\\/#organization\"}}]}\n\t\t<\/script>\n\t\t<!-- All in One SEO -->\n\n","aioseo_head_json":{"title":"MAYOR OF ZAJE\u010cAR ELECTED: The session ended despite incidents and opposition protests! | Serbiantimes.info EN","description":"The session of the Zaje\u010dar assembly has ended. Previously, although the chairman wanted to start the session despite the noise, councillors left the hall after a smoke bomb was thrown. Around noon, the session continued, but there was pushing between private security and opposition councillors, and some were also expelled from the hall. At the","canonical_url":"https:\/\/serbiantimes.info\/en\/mayor-of-zajecar-elected-the-session-ended-despite-incidents-and-opposition-protests\/","robots":"max-image-preview:large","keywords":"","webmasterTools":{"miscellaneous":""},"schema":{"@context":"https:\/\/schema.org","@graph":[{"@type":"BlogPosting","@id":"https:\/\/serbiantimes.info\/en\/mayor-of-zajecar-elected-the-session-ended-despite-incidents-and-opposition-protests\/#blogposting","name":"MAYOR OF ZAJE\u010cAR ELECTED: The session ended despite incidents and opposition protests! | Serbiantimes.info EN","headline":"MAYOR OF ZAJE\u010cAR ELECTED: The session ended despite incidents and opposition protests!","author":{"@id":"https:\/\/serbiantimes.info\/en\/author\/serbiantimes-portal\/#author"},"publisher":{"@id":"https:\/\/serbiantimes.info\/en\/#organization"},"image":{"@type":"ImageObject","url":"https:\/\/serbiantimes.info\/en\/wp-content\/uploads\/sites\/2\/2025\/09\/ST-Montaze-76.jpg","width":1200,"height":750},"datePublished":"2025-09-24T18:21:38+02:00","dateModified":"2025-09-24T18:24:41+02:00","inLanguage":"en-US","mainEntityOfPage":{"@id":"https:\/\/serbiantimes.info\/en\/mayor-of-zajecar-elected-the-session-ended-despite-incidents-and-opposition-protests\/#webpage"},"isPartOf":{"@id":"https:\/\/serbiantimes.info\/en\/mayor-of-zajecar-elected-the-session-ended-despite-incidents-and-opposition-protests\/#webpage"},"articleSection":"SERBIA, gradona\u010delnik, gradona\u010delnik zaje\u010dara, obezbe\u0111enje, opozicja, privatno obezbe\u0111enje, SNS, Srbija, vladimir videnovi\u0107, zaje\u010dar"},{"@type":"BreadcrumbList","@id":"https:\/\/serbiantimes.info\/en\/mayor-of-zajecar-elected-the-session-ended-despite-incidents-and-opposition-protests\/#breadcrumblist","itemListElement":[{"@type":"ListItem","@id":"https:\/\/serbiantimes.info\/en#listItem","position":1,"name":"Home","item":"https:\/\/serbiantimes.info\/en","nextItem":{"@type":"ListItem","@id":"https:\/\/serbiantimes.info\/en\/category\/serbia\/#listItem","name":"SERBIA"}},{"@type":"ListItem","@id":"https:\/\/serbiantimes.info\/en\/category\/serbia\/#listItem","position":2,"name":"SERBIA","item":"https:\/\/serbiantimes.info\/en\/category\/serbia\/","nextItem":{"@type":"ListItem","@id":"https:\/\/serbiantimes.info\/en\/mayor-of-zajecar-elected-the-session-ended-despite-incidents-and-opposition-protests\/#listItem","name":"MAYOR OF ZAJE\u010cAR ELECTED: The session ended despite incidents and opposition protests!"},"previousItem":{"@type":"ListItem","@id":"https:\/\/serbiantimes.info\/en#listItem","name":"Home"}},{"@type":"ListItem","@id":"https:\/\/serbiantimes.info\/en\/mayor-of-zajecar-elected-the-session-ended-despite-incidents-and-opposition-protests\/#listItem","position":3,"name":"MAYOR OF ZAJE\u010cAR ELECTED: The session ended despite incidents and opposition protests!","previousItem":{"@type":"ListItem","@id":"https:\/\/serbiantimes.info\/en\/category\/serbia\/#listItem","name":"SERBIA"}}]},{"@type":"Organization","@id":"https:\/\/serbiantimes.info\/en\/#organization","name":"Serbiantimes.info EN","url":"https:\/\/serbiantimes.info\/en\/","logo":{"@type":"ImageObject","url":"https:\/\/serbiantimes.info\/en\/wp-content\/uploads\/sites\/2\/2024\/10\/cropped-cropped-Serbian-Times-Header-Logo-1.png","@id":"https:\/\/serbiantimes.info\/en\/mayor-of-zajecar-elected-the-session-ended-despite-incidents-and-opposition-protests\/#organizationLogo","width":480,"height":100},"image":{"@id":"https:\/\/serbiantimes.info\/en\/mayor-of-zajecar-elected-the-session-ended-despite-incidents-and-opposition-protests\/#organizationLogo"}},{"@type":"Person","@id":"https:\/\/serbiantimes.info\/en\/author\/serbiantimes-portal\/#author","url":"https:\/\/serbiantimes.info\/en\/author\/serbiantimes-portal\/","name":"Serbian Times","image":{"@type":"ImageObject","@id":"https:\/\/serbiantimes.info\/en\/mayor-of-zajecar-elected-the-session-ended-despite-incidents-and-opposition-protests\/#authorImage","url":"https:\/\/secure.gravatar.com\/avatar\/ea76e009769270b4193e2bc7e032c096b4ae135483ec03b396fd0f520bc3dcfd?s=96&d=mm&r=g","width":96,"height":96,"caption":"Serbian Times"}},{"@type":"WebPage","@id":"https:\/\/serbiantimes.info\/en\/mayor-of-zajecar-elected-the-session-ended-despite-incidents-and-opposition-protests\/#webpage","url":"https:\/\/serbiantimes.info\/en\/mayor-of-zajecar-elected-the-session-ended-despite-incidents-and-opposition-protests\/","name":"MAYOR OF ZAJE\u010cAR ELECTED: The session ended despite incidents and opposition protests! | Serbiantimes.info EN","description":"The session of the Zaje\u010dar assembly has ended. Previously, although the chairman wanted to start the session despite the noise, councillors left the hall after a smoke bomb was thrown. Around noon, the session continued, but there was pushing between private security and opposition councillors, and some were also expelled from the hall. At the","inLanguage":"en-US","isPartOf":{"@id":"https:\/\/serbiantimes.info\/en\/#website"},"breadcrumb":{"@id":"https:\/\/serbiantimes.info\/en\/mayor-of-zajecar-elected-the-session-ended-despite-incidents-and-opposition-protests\/#breadcrumblist"},"author":{"@id":"https:\/\/serbiantimes.info\/en\/author\/serbiantimes-portal\/#author"},"creator":{"@id":"https:\/\/serbiantimes.info\/en\/author\/serbiantimes-portal\/#author"},"image":{"@type":"ImageObject","url":"https:\/\/serbiantimes.info\/en\/wp-content\/uploads\/sites\/2\/2025\/09\/ST-Montaze-76.jpg","@id":"https:\/\/serbiantimes.info\/en\/mayor-of-zajecar-elected-the-session-ended-despite-incidents-and-opposition-protests\/#mainImage","width":1200,"height":750},"primaryImageOfPage":{"@id":"https:\/\/serbiantimes.info\/en\/mayor-of-zajecar-elected-the-session-ended-despite-incidents-and-opposition-protests\/#mainImage"},"datePublished":"2025-09-24T18:21:38+02:00","dateModified":"2025-09-24T18:24:41+02:00"},{"@type":"WebSite","@id":"https:\/\/serbiantimes.info\/en\/#website","url":"https:\/\/serbiantimes.info\/en\/","name":"Serbiantimes.info EN","inLanguage":"en-US","publisher":{"@id":"https:\/\/serbiantimes.info\/en\/#organization"}}]},"og:locale":"en_US","og:site_name":"Serbiantimes.info EN |","og:type":"article","og:title":"MAYOR OF ZAJE\u010cAR ELECTED: The session ended despite incidents and opposition protests! | Serbiantimes.info EN","og:description":"The session of the Zaje\u010dar assembly has ended. Previously, although the chairman wanted to start the session despite the noise, councillors left the hall after a smoke bomb was thrown. Around noon, the session continued, but there was pushing between private security and opposition councillors, and some were also expelled from the hall. At the","og:url":"https:\/\/serbiantimes.info\/en\/mayor-of-zajecar-elected-the-session-ended-despite-incidents-and-opposition-protests\/","og:image":"https:\/\/serbiantimes.info\/en\/wp-content\/uploads\/sites\/2\/2025\/09\/ST-Montaze-76.jpg","og:image:secure_url":"https:\/\/serbiantimes.info\/en\/wp-content\/uploads\/sites\/2\/2025\/09\/ST-Montaze-76.jpg","og:image:width":1200,"og:image:height":750,"article:published_time":"2025-09-24T16:21:38+00:00","article:modified_time":"2025-09-24T16:24:41+00:00","twitter:card":"summary_large_image","twitter:title":"MAYOR OF ZAJE\u010cAR ELECTED: The session ended despite incidents and opposition protests! | Serbiantimes.info EN","twitter:description":"The session of the Zaje\u010dar assembly has ended. Previously, although the chairman wanted to start the session despite the noise, councillors left the hall after a smoke bomb was thrown. Around noon, the session continued, but there was pushing between private security and opposition councillors, and some were also expelled from the hall. At the","twitter:image":"https:\/\/serbiantimes.info\/en\/wp-content\/uploads\/sites\/2\/2025\/09\/ST-Montaze-76.jpg"},"aioseo_meta_data":{"post_id":"188368","title":null,"description":null,"keywords":null,"keyphrases":{"focus":{"keyphrase":"","score":0,"analysis":{"keyphraseInTitle":{"score":0,"maxScore":9,"error":1}}},"additional":[]},"primary_term":null,"canonical_url":null,"og_title":null,"og_description":null,"og_object_type":"default","og_image_type":"default","og_image_url":null,"og_image_width":null,"og_image_height":null,"og_image_custom_url":null,"og_image_custom_fields":null,"og_video":"","og_custom_url":null,"og_article_section":null,"og_article_tags":null,"twitter_use_og":false,"twitter_card":"default","twitter_image_type":"default","twitter_image_url":null,"twitter_image_custom_url":null,"twitter_image_custom_fields":null,"twitter_title":null,"twitter_description":null,"schema":{"blockGraphs":[],"customGraphs":[],"default":{"data":{"Article":[],"Course":[],"Dataset":[],"FAQPage":[],"Movie":[],"Person":[],"Product":[],"ProductReview":[],"Car":[],"Recipe":[],"Service":[],"SoftwareApplication":[],"WebPage":[]},"graphName":"BlogPosting","isEnabled":true},"graphs":[]},"schema_type":"default","schema_type_options":null,"pillar_content":false,"robots_default":true,"robots_noindex":false,"robots_noarchive":false,"robots_nosnippet":false,"robots_nofollow":false,"robots_noimageindex":false,"robots_noodp":false,"robots_notranslate":false,"robots_max_snippet":"-1","robots_max_videopreview":"-1","robots_max_imagepreview":"large","priority":null,"frequency":"default","local_seo":null,"breadcrumb_settings":null,"limit_modified_date":false,"ai":{"faqs":[],"keyPoints":[],"titles":[],"descriptions":[],"socialPosts":{"email":[],"linkedin":[],"twitter":[],"facebook":[],"instagram":[]}},"created":"2025-09-24 16:19:28","updated":"2025-09-24 16:32:14","focus_keyword":null,"additional_keywords":null,"truseo_locale":null,"seo_analyzer_scan_date":null},"aioseo_breadcrumb":"<div class=\"aioseo-breadcrumbs\"><span class=\"aioseo-breadcrumb\">\n\t\t\t<a href=\"https:\/\/serbiantimes.info\/en\" title=\"Home\">Home<\/a>\n\t\t<\/span><span class=\"aioseo-breadcrumb-separator\">&raquo;<\/span><span class=\"aioseo-breadcrumb\">\n\t\t\t<a href=\"https:\/\/serbiantimes.info\/en\/category\/serbia\/\" title=\"SERBIA\">SERBIA<\/a>\n\t\t<\/span><span class=\"aioseo-breadcrumb-separator\">&raquo;<\/span><span class=\"aioseo-breadcrumb\">\n\t\t\tMAYOR OF ZAJE\u010cAR ELECTED: The session ended despite incidents and opposition protests!\n\t\t<\/span><\/div>","aioseo_breadcrumb_json":[{"label":"Home","link":"https:\/\/serbiantimes.info\/en"},{"label":"SERBIA","link":"https:\/\/serbiantimes.info\/en\/category\/serbia\/"},{"label":"MAYOR OF ZAJE\u010cAR ELECTED: The session ended despite incidents and opposition protests!","link":"https:\/\/serbiantimes.info\/en\/mayor-of-zajecar-elected-the-session-ended-despite-incidents-and-opposition-protests\/"}],"distributor_meta":false,"distributor_terms":false,"distributor_media":false,"distributor_original_site_name":"Serbiantimes.info EN","distributor_original_site_url":"https:\/\/serbiantimes.info\/en","push-errors":false,"_links":{"self":[{"href":"https:\/\/serbiantimes.info\/en\/wp-json\/wp\/v2\/posts\/188368","targetHints":{"allow":["GET"]}}],"collection":[{"href":"https:\/\/serbiantimes.info\/en\/wp-json\/wp\/v2\/posts"}],"about":[{"href":"https:\/\/serbiantimes.info\/en\/wp-json\/wp\/v2\/types\/post"}],"author":[{"embeddable":true,"href":"https:\/\/serbiantimes.info\/en\/wp-json\/wp\/v2\/users\/2169"}],"replies":[{"embeddable":true,"href":"https:\/\/serbiantimes.info\/en\/wp-json\/wp\/v2\/comments?post=188368"}],"version-history":[{"count":3,"href":"https:\/\/serbiantimes.info\/en\/wp-json\/wp\/v2\/posts\/188368\/revisions"}],"predecessor-version":[{"id":188390,"href":"https:\/\/serbiantimes.info\/en\/wp-json\/wp\/v2\/posts\/188368\/revisions\/188390"}],"wp:featuredmedia":[{"embeddable":true,"href":"https:\/\/serbiantimes.info\/en\/wp-json\/wp\/v2\/media\/188369"}],"wp:attachment":[{"href":"https:\/\/serbiantimes.info\/en\/wp-json\/wp\/v2\/media?parent=188368"}],"wp:term":[{"taxonomy":"category","embeddable":true,"href":"https:\/\/serbiantimes.info\/en\/wp-json\/wp\/v2\/categories?post=188368"},{"taxonomy":"post_tag","embeddable":true,"href":"https:\/\/serbiantimes.info\/en\/wp-json\/wp\/v2\/tags?post=188368"}],"curies":[{"name":"wp","href":"https:\/\/api.w.org\/{rel}","templated":true}]}}