{"id":188271,"date":"2025-09-23T22:36:18","date_gmt":"2025-09-23T20:36:18","guid":{"rendered":"https:\/\/serbiantimes.info\/en\/?p=188271"},"modified":"2025-09-23T22:38:33","modified_gmt":"2025-09-23T20:38:33","slug":"court-in-strasbourg-considers-his-case-a-great-victory-for-the-imprisoned-student-bogdan-jovicic","status":"publish","type":"post","link":"https:\/\/serbiantimes.info\/en\/court-in-strasbourg-considers-his-case-a-great-victory-for-the-imprisoned-student-bogdan-jovicic\/","title":{"rendered":"COURT IN STRASBOURG CONSIDERS HIS CASE: A great victory for the imprisoned student Bogdan Jovi\u0107i\u0107!"},"content":{"rendered":"\n<p><strong><em>Lawyer Ivan Nini\u0107 announced that the case of the imprisoned Bogdan Jovi\u0107i\u0107, a student of Technical Sciences in Novi Sad, who is in the Special Prison Hospital, has been internationalized.<\/em><\/strong><\/p>\n\n\n\n<p>&#8220;The European Court of Human Rights in Strasbourg has accepted to consider the appeal of his lawyer, so they could issue a temporary measure in a short period of time,&#8221; Nini\u0107 wrote on the social network X.<\/p>\n\n\n\n<p>&#8220;That would be Bogdan&#8217;s great victory over tyranny,&#8221; Nini\u0107 added.<\/p>\n\n\n\n<p>In the announcement, Nini\u0107 added that the judge P. Roosma (case Jovi\u010di\u0107 v. Serbia no. 28939\/25) in a letter today called on Bogdan to end the hunger strike while the decision-making process in Strasbourg is ongoing, which Bogdan did.<\/p>\n\n\n\n<p>The Directorate for the Execution of Criminal Sanctions announced earlier that &#8220;the imprisoned person B.J. today ended his hunger strike in the Special Prison Hospital in Belgrade and that he is in good general condition.&#8221;<\/p>\n\n\n\n<p>As they stated, all medical protocols that are introduced for people who do not eat have been applied in the case of B.J. in this health institution, where he was under the supervision of doctors all the time.<\/p>\n\n\n\n<p>Bogdan Jovi\u010di\u0107 was placed in the Special Prison Hospital in Belgrade on September 17, after he decided on September 12 to go on a hunger strike in the detention unit of the District Prison in Novi Sad, due to, as he stated in a written statement, dissatisfaction with the work of the court.<\/p>\n\n\n\n<p>Let&#8217;s remember, Bogdan was detained on August 15 on suspicion of participating in the demolition of the premises of the Serbian Progressive Party (SNS) and was remanded in custody for the second time for up to 30 days.<\/p>\n\n\n\n<p>During his stay in custody, Bogdan&#8217;s father died, to whose funeral he was brought late, with handcuffs on his legs, which caused public indignation. The administration then announced that the procedure had been respected.<\/p>\n\n\n\n<p>A petition for the release of the student of the Faculty of Technical Sciences, Bogdan Jovi\u0107i\u0107, has so far been signed by 64,000 citizens, and a large protest is scheduled for tomorrow, September 24, in front of the District Prison in Belgrade, starting at 7 p.m.<\/p>\n\n\n\n<h4 class=\"wp-block-heading\"><mark style=\"background-color:#FFFFFF;color:#d21414\" class=\"has-inline-color\">MORE TOPICS:<\/mark><\/h4>\n\n\n\n<p><strong><a href=\"https:\/\/serbiantimes.info\/en\/a-serbian-surrendered-to-the-bih-authorities-dario-from-modrica-fought-for-the-russians-in-ukraine-and-then-lost-his-leg\/\" target=\"_blank\" rel=\"noopener\" title=\"\">A SERBIAN SURRENDERED TO THE BIH AUTHORITIES: Dario from Modri\u010da fought for the Russians in Ukraine, and then lost his leg!<\/a><\/strong><\/p>\n\n\n\n<p><strong><a href=\"https:\/\/serbiantimes.info\/en\/morava-wrote-history-serbian-football-club-from-chicago-won-the-citys-largest-amateur-league\/\" target=\"_blank\" rel=\"noopener\" title=\"\">MORAVA WROTE HISTORY: Serbian football club from Chicago won the city\u2019s largest amateur league!<\/a><\/strong><\/p>\n\n\n\n<p><strong><a href=\"https:\/\/serbiantimes.info\/en\/serbia-stopped-in-the-round-of-16-our-volleyball-players-were-defeated-by-iran-in-a-dramatic-fifth-set\/\" target=\"_blank\" rel=\"noopener\" title=\"\">SERBIA STOPPED IN THE ROUND OF 16: Our volleyball players were defeated by Iran in a dramatic fifth set!<\/a><\/strong><\/p>\n\n\n\n<p><strong><a href=\"https:\/\/serbiantimes.info\/en\/novak-returns-to-the-place-of-success-after-last-years-final-he-is-again-chasing-the-trophy-in-shanghai-video\/\" target=\"_blank\" rel=\"noopener\" title=\"\">NOVAK RETURNS TO THE PLACE OF SUCCESS: After last year\u2019s final, he is again chasing the trophy in Shanghai! (VIDEO)<\/a><\/strong><\/p>\n\n\n\n<p><strong><a href=\"https:\/\/serbiantimes.info\/en\/imprisoned-student-bogdan-jovicic-ends-hunger-strike-it-is-known-what-his-health-condition-is\/\" target=\"_blank\" rel=\"noopener\" title=\"\">IMPRISONED STUDENT BOGDAN JOVI\u010cI\u0106 ENDS HUNGER STRIKE: It is known what his health condition is!<\/a><\/strong><\/p>\n\n\n\n<p><strong><strong>Source<\/strong><\/strong>: Nova.rs; <strong>Photo<\/strong>: Privatna arhiva<\/p>\n","protected":false},"excerpt":{"rendered":"<p>Lawyer Ivan Nini\u0107 announced that the case of the imprisoned Bogdan Jovi\u0107i\u0107, a student of Technical Sciences in Novi Sad, who is in the Special Prison Hospital, has been internationalized. &#8220;The European Court of Human Rights in Strasbourg has accepted to consider the appeal of his lawyer, so they could issue a temporary measure in [&hellip;]<\/p>\n","protected":false},"author":2169,"featured_media":187941,"comment_status":"open","ping_status":"open","sticky":false,"template":"","format":"standard","meta":{"newspack_featured_image_position":"","newspack_post_subtitle":"","newspack_article_summary_title":"Overview:","newspack_article_summary":"","newspack_hide_updated_date":false,"newspack_show_updated_date":false,"footnotes":""},"categories":[7],"tags":[1620,674,5536,113,4837,5928,733],"class_list":["post-188271","post","type-post","status-publish","format-standard","has-post-thumbnail","hentry","category-serbia","tag-pritvor","tag-protesti","tag-protesti-u-srbiji","tag-srbija","tag-studenti-u-blokadi","tag-sud-u-strazburu","tag-zatvor","entry"],"aioseo_notices":[],"distributor_meta":false,"distributor_terms":false,"distributor_media":false,"distributor_original_site_name":"Serbiantimes.info EN","distributor_original_site_url":"https:\/\/serbiantimes.info\/en","push-errors":false,"_links":{"self":[{"href":"https:\/\/serbiantimes.info\/en\/wp-json\/wp\/v2\/posts\/188271","targetHints":{"allow":["GET"]}}],"collection":[{"href":"https:\/\/serbiantimes.info\/en\/wp-json\/wp\/v2\/posts"}],"about":[{"href":"https:\/\/serbiantimes.info\/en\/wp-json\/wp\/v2\/types\/post"}],"author":[{"embeddable":true,"href":"https:\/\/serbiantimes.info\/en\/wp-json\/wp\/v2\/users\/2169"}],"replies":[{"embeddable":true,"href":"https:\/\/serbiantimes.info\/en\/wp-json\/wp\/v2\/comments?post=188271"}],"version-history":[{"count":2,"href":"https:\/\/serbiantimes.info\/en\/wp-json\/wp\/v2\/posts\/188271\/revisions"}],"predecessor-version":[{"id":188296,"href":"https:\/\/serbiantimes.info\/en\/wp-json\/wp\/v2\/posts\/188271\/revisions\/188296"}],"wp:featuredmedia":[{"embeddable":true,"href":"https:\/\/serbiantimes.info\/en\/wp-json\/wp\/v2\/media\/187941"}],"wp:attachment":[{"href":"https:\/\/serbiantimes.info\/en\/wp-json\/wp\/v2\/media?parent=188271"}],"wp:term":[{"taxonomy":"category","embeddable":true,"href":"https:\/\/serbiantimes.info\/en\/wp-json\/wp\/v2\/categories?post=188271"},{"taxonomy":"post_tag","embeddable":true,"href":"https:\/\/serbiantimes.info\/en\/wp-json\/wp\/v2\/tags?post=188271"}],"curies":[{"name":"wp","href":"https:\/\/api.w.org\/{rel}","templated":true}]}}