{"id":188231,"date":"2025-09-23T14:47:31","date_gmt":"2025-09-23T12:47:31","guid":{"rendered":"https:\/\/serbiantimes.info\/en\/?p=188231"},"modified":"2025-09-23T14:47:32","modified_gmt":"2025-09-23T12:47:32","slug":"ambulance-turned-into-a-tavern-head-dismissed-over-party-in-emergency-vehicle-video","status":"publish","type":"post","link":"https:\/\/serbiantimes.info\/en\/ambulance-turned-into-a-tavern-head-dismissed-over-party-in-emergency-vehicle-video\/","title":{"rendered":"AMBULANCE TURNED INTO A TAVERN: Head Dismissed Over Party in Emergency Vehicle! (VIDEO)"},"content":{"rendered":"\n<p>After a video surfaced showing a private celebration inside an ambulance belonging to the Health Center &#8220;St. Luka&#8221; in Smederevo, the management of the institution issued a statement. They announced that the head of transportation services, Sr\u0111an Stefanovi\u0107, has been suspended and removed from his managerial position.<\/p>\n\n\n\n<p>The response of the management of the General Hospital \u201cSt. Luka\u201d is published in full:<\/p>\n\n\n\n<p>\u201cRegarding the video that appeared on social media, showing a private celebration in an ambulance in which, among others, the head of transportation and logistics in the medical transport service of the Health Center took part, the management of the Health Center categorically and explicitly distances itself from such behavior of employees involved in the event, as it is completely unacceptable and contrary to the standards and values of the healthcare system.<\/p>\n\n\n\n<blockquote class=\"twitter-tweet\" data-media-max-width=\"560\"><p lang=\"und\" dir=\"ltr\">\u017dURKA U VOZILU HITNE POMO\u0106I \u2049\ufe0f\u2049\ufe0f\u2049\ufe0f<br><br>Sr\u0111an Stefanovi\u0107, na\u010delnik transportne slu\u017ebe Zdravstvenog centra Smederevo, lice sa videa. Dok ljudi umiru, oni prave \u017eurke u sanitetu!? <br><br>Momentalna smena i krivi\u010dna prijava! Ina\u010de istaknuti \u010dlan Srpske napredne stranke. <a href=\"https:\/\/t.co\/NAmjGsNSaH\">pic.twitter.com\/NAmjGsNSaH<\/a><\/p>&mdash; Pokret Tvr\u0111ava (@Pokret_Tvrdjava) <a href=\"https:\/\/twitter.com\/Pokret_Tvrdjava\/status\/1969792064821895512?ref_src=twsrc%5Etfw\">September 21, 2025<\/a><\/blockquote> <script async src=\"https:\/\/platform.twitter.com\/widgets.js\" charset=\"utf-8\"><\/script>\n\n\n\n<p>The management of the healthcare institution has already taken measures to sanction such conduct. The head of transportation and logistics in the medical transport service of the Health Center has been issued a decision on temporary suspension from work, and will also be dismissed from his managerial position, in accordance with the Law, in order to send a clear message about the unacceptability of such actions. This event represents a serious violation of work discipline and professional integrity, and as such will not be tolerated. We are also in the process of determining the responsibility of other employees who participated in this event,\u201d reports sdcafe.rs.<\/p>\n\n\n\n<p>To recall, a party was organized two nights ago inside an ambulance in Smederevo, and according to media reports, the occasion was the bachelor party of the head of the Technical Service of the Health Center in this city, Sr\u0111an Stefanovi\u0107. A video from the \u201cambulance celebration\u201d has been circulating on social media, and Stefanovi\u0107, otherwise a member of the Serbian Progressive Party, told Nova.rs that he is not the person appearing in the video, that everything was staged against him, that he knows who is behind the setup, but does not know their motives.<\/p>\n\n\n\n<h4 class=\"wp-block-heading\"><mark style=\"background-color:#FFFFFF;color:#d21414\" class=\"has-inline-color\">MORE TOPICS:<\/mark><\/h4>\n\n\n\n<p><strong><a href=\"https:\/\/serbiantimes.info\/en\/serbia-won-another-medal-svetlana-and-ivana-won-bronze-at-the-european-pickleball-championship\/\" target=\"_blank\" rel=\"noopener\" title=\"\">SERBIA WON ANOTHER MEDAL: Svetlana and Ivana Won Bronze at the European Pickleball Championship!<\/a><\/strong><\/p>\n\n\n\n<p><strong><a href=\"https:\/\/serbiantimes.info\/en\/like-when-milosevic-was-overthrown-the-washington-post-on-student-protests-military-parade-and-europes-silence\/\" target=\"_blank\" rel=\"noopener\" title=\"\">\u201cLIKE WHEN MILO\u0160EVI\u0106 WAS OVERTHROWN\u201d: The Washington Post on Student Protests, Military Parade and Europe\u2019s Silence!<\/a><\/strong><\/p>\n\n\n\n<p><strong><a href=\"https:\/\/serbiantimes.info\/en\/krivokapic-vucic-was-not-allowed-to-speak-at-amfilohijes-funeral-because-it-would-be-a-montenegrin-embarrassment-video\/\" target=\"_blank\" rel=\"noopener\" title=\"\">KRIVOKAPI\u0106: \u201cVu\u010di\u0107 Was Not Allowed to Speak at Amfilohije\u2019s Funeral, Because it Would Be a Montenegrin Embarrassment\u201d (VIDEO)<\/a><\/strong><\/p>\n\n\n\n<p><strong><a href=\"https:\/\/serbiantimes.info\/en\/monument-to-tesla-in-manhattan-mayor-of-new-york-supported-the-initiative-of-consul-general-bozovic\/\" target=\"_blank\" rel=\"noopener\" title=\"\">MONUMENT TO TESLA IN MANHATTAN: Mayor of New York Supported the Initiative of Consul General Bo\u017eovi\u0107!<\/a><\/strong><\/p>\n\n\n\n<p><strong><a href=\"https:\/\/serbiantimes.info\/en\/golden-talents-of-serbian-kickboxing-junior-national-team-brought-19-medals-from-the-european-championship\/\" target=\"_blank\" rel=\"noopener\" title=\"\">GOLDEN TALENTS OF SERBIAN KICKBOXING: Junior National Team Brought 19 Medals from the European Championship!<\/a><\/strong><\/p>\n\n\n\n<p><strong><strong>Source<\/strong><\/strong>: Nova.rs, <strong>Foto:<\/strong> Printscreen X<\/p>\n","protected":false},"excerpt":{"rendered":"<p>After a video surfaced showing a private celebration inside an ambulance belonging to the Health Center &#8220;St. Luka&#8221; in Smederevo, the management of the institution issued a statement. They announced that the head of transportation services, Sr\u0111an Stefanovi\u0107, has been suspended and removed from his managerial position. The response of the management of the General [&hellip;]<\/p>\n","protected":false},"author":2169,"featured_media":188232,"comment_status":"open","ping_status":"open","sticky":false,"template":"","format":"standard","meta":{"newspack_featured_image_position":"","newspack_post_subtitle":"","newspack_article_summary_title":"Overview:","newspack_article_summary":"","newspack_hide_updated_date":false,"newspack_show_updated_date":false,"footnotes":""},"categories":[7],"tags":[2035,8705,3946,113,15,1104],"class_list":["post-188231","post","type-post","status-publish","format-standard","has-post-thumbnail","hentry","category-serbia","tag-hitna-pomoc","tag-nacelnik","tag-smederevo","tag-srbija","tag-video","tag-zurka-2","entry"],"aioseo_notices":[],"distributor_meta":false,"distributor_terms":false,"distributor_media":false,"distributor_original_site_name":"Serbiantimes.info EN","distributor_original_site_url":"https:\/\/serbiantimes.info\/en","push-errors":false,"_links":{"self":[{"href":"https:\/\/serbiantimes.info\/en\/wp-json\/wp\/v2\/posts\/188231","targetHints":{"allow":["GET"]}}],"collection":[{"href":"https:\/\/serbiantimes.info\/en\/wp-json\/wp\/v2\/posts"}],"about":[{"href":"https:\/\/serbiantimes.info\/en\/wp-json\/wp\/v2\/types\/post"}],"author":[{"embeddable":true,"href":"https:\/\/serbiantimes.info\/en\/wp-json\/wp\/v2\/users\/2169"}],"replies":[{"embeddable":true,"href":"https:\/\/serbiantimes.info\/en\/wp-json\/wp\/v2\/comments?post=188231"}],"version-history":[{"count":2,"href":"https:\/\/serbiantimes.info\/en\/wp-json\/wp\/v2\/posts\/188231\/revisions"}],"predecessor-version":[{"id":188244,"href":"https:\/\/serbiantimes.info\/en\/wp-json\/wp\/v2\/posts\/188231\/revisions\/188244"}],"wp:featuredmedia":[{"embeddable":true,"href":"https:\/\/serbiantimes.info\/en\/wp-json\/wp\/v2\/media\/188232"}],"wp:attachment":[{"href":"https:\/\/serbiantimes.info\/en\/wp-json\/wp\/v2\/media?parent=188231"}],"wp:term":[{"taxonomy":"category","embeddable":true,"href":"https:\/\/serbiantimes.info\/en\/wp-json\/wp\/v2\/categories?post=188231"},{"taxonomy":"post_tag","embeddable":true,"href":"https:\/\/serbiantimes.info\/en\/wp-json\/wp\/v2\/tags?post=188231"}],"curies":[{"name":"wp","href":"https:\/\/api.w.org\/{rel}","templated":true}]}}