{"id":188174,"date":"2025-09-22T22:08:17","date_gmt":"2025-09-22T20:08:17","guid":{"rendered":"https:\/\/serbiantimes.info\/en\/?p=188174"},"modified":"2025-09-22T22:08:19","modified_gmt":"2025-09-22T20:08:19","slug":"instead-of-national-local-status-ministry-of-culture-suspended-support-for-the-nisvil-festival","status":"publish","type":"post","link":"https:\/\/serbiantimes.info\/en\/instead-of-national-local-status-ministry-of-culture-suspended-support-for-the-nisvil-festival\/","title":{"rendered":"&#8220;INSTEAD OF NATIONAL, LOCAL STATUS&#8221;: Ministry of Culture Suspended Support for the Ni\u0161vil Festival!"},"content":{"rendered":"\n<p>The director of the &#8220;Ni\u0161vil Jazz Festival&#8221; in Ni\u0161, Ivan Blagojevi\u0107, announced today that the festival did not receive financial funds after the competition of the Ministry of Culture was announced in January, and that the ministry recommended a local status for the festival, and not a national one.<\/p>\n\n\n\n<p>Blagojevi\u0107 stated in the announcement that such a decision by the Ministry damages the international reputation of the festival.<\/p>\n\n\n\n<p>&#8220;This year&#8217;s Ni\u0161vil, organized in almost impossible conditions with 1,000 performers and 300 programs on 20 stages in front of more than 200,000 visitors, awakened our hope that the Ministry of Culture, after 31 years of existence, would offer us 35 million and the status of a National festival, as it recently did with the National Film and Television Festival on Zlatibor,&#8221; Blagojevi\u0107 stated.<\/p>\n\n\n\n<p>The director of Ni\u0161vil stated that the festival was denied support after 20 years, and that the director of Telekom Vladimir Lu\u010di\u0107 told him in February of this year that after a long series of years &#8220;he will not be able to help the festival (Ni\u0161vil used to receive 17,000 euros a year from Telekom)&#8221; because they are &#8220;forced to save after buying SBB sports channels&#8221;.<\/p>\n\n\n\n<p>&#8220;This kind of attitude of the Ministry of Culture towards Ni\u0161vil comes at a particularly inconvenient time when Ni\u0161vil is trying to put the city of Ni\u0161 on the UNESCO list of jazz cities for the year 2027. The candidacy should be submitted in November, and for that, a recommendation from the Ministry of Culture, as well as the city of Ni\u0161, is necessary,&#8221; Blagojevi\u0107 announced.<\/p>\n\n\n\n<p>He added that if Ni\u0161vil does not receive the support of the Ministry of Culture or the Government of Serbia for the year 2027, the festival &#8220;will not be enough with the status of one of the best European festivals&#8221; nor the support of the city of Ni\u0161, and Serbia and the entire region &#8220;will miss a unique cultural, tourist and economic opportunity&#8221;.<\/p>\n\n\n\n<p>The Ni\u0161vil Jazz Festival is an international festival that is held every August in Ni\u0161, and was founded in 1995.<\/p>\n\n\n\n<h4 class=\"wp-block-heading\"><mark style=\"background-color:#FFFFFF;color:#d21414\" class=\"has-inline-color\">MORE TOPICS:<\/mark><\/h4>\n\n\n\n<p><strong><a href=\"https:\/\/serbiantimes.info\/en\/serbia-won-another-medal-svetlana-and-ivana-won-bronze-at-the-european-pickleball-championship\/\" target=\"_blank\" rel=\"noopener\" title=\"\">SERBIA WON ANOTHER MEDAL: Svetlana and Ivana Won Bronze at the European Pickleball Championship!<\/a><\/strong><\/p>\n\n\n\n<p><strong><a href=\"https:\/\/serbiantimes.info\/en\/like-when-milosevic-was-overthrown-the-washington-post-on-student-protests-military-parade-and-europes-silence\/\" target=\"_blank\" rel=\"noopener\" title=\"\">\u201cLIKE WHEN MILO\u0160EVI\u0106 WAS OVERTHROWN\u201d: The Washington Post on Student Protests, Military Parade and Europe\u2019s Silence!<\/a><\/strong><\/p>\n\n\n\n<p><strong><a href=\"https:\/\/serbiantimes.info\/en\/krivokapic-vucic-was-not-allowed-to-speak-at-amfilohijes-funeral-because-it-would-be-a-montenegrin-embarrassment-video\/\" target=\"_blank\" rel=\"noopener\" title=\"\">KRIVOKAPI\u0106: \u201cVu\u010di\u0107 Was Not Allowed to Speak at Amfilohije\u2019s Funeral, Because it Would Be a Montenegrin Embarrassment\u201d (VIDEO)<\/a><\/strong><\/p>\n\n\n\n<p><strong><a href=\"https:\/\/serbiantimes.info\/en\/monument-to-tesla-in-manhattan-mayor-of-new-york-supported-the-initiative-of-consul-general-bozovic\/\" target=\"_blank\" rel=\"noopener\" title=\"\">MONUMENT TO TESLA IN MANHATTAN: Mayor of New York Supported the Initiative of Consul General Bo\u017eovi\u0107!<\/a><\/strong><\/p>\n\n\n\n<p><strong><a href=\"https:\/\/serbiantimes.info\/en\/golden-talents-of-serbian-kickboxing-junior-national-team-brought-19-medals-from-the-european-championship\/\" target=\"_blank\" rel=\"noopener\" title=\"\">GOLDEN TALENTS OF SERBIAN KICKBOXING: Junior National Team Brought 19 Medals from the European Championship!<\/a><\/strong><\/p>\n\n\n\n<p><strong><strong>Source<\/strong><\/strong>: N1; <strong>Photo<\/strong>: Printscreen YouTube \/ nisvillejazzfest<\/p>\n","protected":false},"excerpt":{"rendered":"<p>The director of the &#8220;Ni\u0161vil Jazz Festival&#8221; in Ni\u0161, Ivan Blagojevi\u0107, announced today that the festival did not receive financial funds after the competition of the Ministry of Culture was announced in January, and that the ministry recommended a local status for the festival, and not a national one. Blagojevi\u0107 stated in the announcement that [&hellip;]<\/p>\n","protected":false},"author":2169,"featured_media":188175,"comment_status":"open","ping_status":"open","sticky":false,"template":"","format":"standard","meta":{"newspack_featured_image_position":"","newspack_post_subtitle":"","newspack_article_summary_title":"Overview:","newspack_article_summary":"","newspack_hide_updated_date":false,"newspack_show_updated_date":false,"footnotes":""},"categories":[7],"tags":[8756,8265,8757,5077,8758,5536,113],"class_list":["post-188174","post","type-post","status-publish","format-standard","has-post-thumbnail","hentry","category-serbia","tag-dzez-muzika","tag-festival","tag-ministarstvo-kulture","tag-muzicki-festival","tag-nisvil","tag-protesti-u-srbiji","tag-srbija","entry"],"aioseo_notices":[],"distributor_meta":false,"distributor_terms":false,"distributor_media":false,"distributor_original_site_name":"Serbiantimes.info EN","distributor_original_site_url":"https:\/\/serbiantimes.info\/en","push-errors":false,"_links":{"self":[{"href":"https:\/\/serbiantimes.info\/en\/wp-json\/wp\/v2\/posts\/188174","targetHints":{"allow":["GET"]}}],"collection":[{"href":"https:\/\/serbiantimes.info\/en\/wp-json\/wp\/v2\/posts"}],"about":[{"href":"https:\/\/serbiantimes.info\/en\/wp-json\/wp\/v2\/types\/post"}],"author":[{"embeddable":true,"href":"https:\/\/serbiantimes.info\/en\/wp-json\/wp\/v2\/users\/2169"}],"replies":[{"embeddable":true,"href":"https:\/\/serbiantimes.info\/en\/wp-json\/wp\/v2\/comments?post=188174"}],"version-history":[{"count":1,"href":"https:\/\/serbiantimes.info\/en\/wp-json\/wp\/v2\/posts\/188174\/revisions"}],"predecessor-version":[{"id":188207,"href":"https:\/\/serbiantimes.info\/en\/wp-json\/wp\/v2\/posts\/188174\/revisions\/188207"}],"wp:featuredmedia":[{"embeddable":true,"href":"https:\/\/serbiantimes.info\/en\/wp-json\/wp\/v2\/media\/188175"}],"wp:attachment":[{"href":"https:\/\/serbiantimes.info\/en\/wp-json\/wp\/v2\/media?parent=188174"}],"wp:term":[{"taxonomy":"category","embeddable":true,"href":"https:\/\/serbiantimes.info\/en\/wp-json\/wp\/v2\/categories?post=188174"},{"taxonomy":"post_tag","embeddable":true,"href":"https:\/\/serbiantimes.info\/en\/wp-json\/wp\/v2\/tags?post=188174"}],"curies":[{"name":"wp","href":"https:\/\/api.w.org\/{rel}","templated":true}]}}