{"id":188065,"date":"2025-09-21T16:27:37","date_gmt":"2025-09-21T14:27:37","guid":{"rendered":"https:\/\/serbiantimes.info\/en\/?p=188065"},"modified":"2025-09-21T16:27:38","modified_gmt":"2025-09-21T14:27:38","slug":"vinca-residents-in-fear-due-to-the-expansion-of-the-famous-archaeological-site-they-are-threatened-with-eviction","status":"publish","type":"post","link":"https:\/\/serbiantimes.info\/en\/vinca-residents-in-fear-due-to-the-expansion-of-the-famous-archaeological-site-they-are-threatened-with-eviction\/","title":{"rendered":"VIN\u010cA RESIDENTS IN FEAR: Due to the expansion of the famous archaeological site, they are threatened with eviction!"},"content":{"rendered":"\n<p>More than <strong>500<\/strong> households in the <strong>Belgrade<\/strong> neighborhood of <strong>Vin\u010da<\/strong> have received annotations in the cadastre that their land is located in a special purpose area of the archaeological site of <strong>Belo Brdo<\/strong>, residents say. The construction of commercial and tourist facilities is planned at that site, which is why the people of <strong>Vin\u010da<\/strong> fear that they could be evicted from their homes in one of the oldest villages in <strong>Serbia<\/strong>.<\/p>\n\n\n\n<p>The family of <strong>Mi\u0107a Mili\u0107evi\u0107<\/strong> has been distilling <strong>rakija<\/strong> in their yard for centuries. When a paper recently arrived from the cadastre informing him that he is now doing so in an archaeological site area, he became scared.<\/p>\n\n\n\n<p>&#8220;The house, the plot, it&#8217;s no longer mine. I am engaged in agriculture. I automatically can&#8217;t&#8230; I have two stands in <strong>Belgrade<\/strong> where I sell my products &#8211; I&#8217;m a fruit farmer. I won&#8217;t be able to engage in that activity anymore. I have lost the will to work. I go to the field and just think that it will no longer be mine,&#8221; says <strong>Milorad Mili\u0107evi\u0107<\/strong>, a farmer from <strong>Vin\u010da<\/strong>.<\/p>\n\n\n\n<p>The old-timers of <strong>Vin\u010da<\/strong> gather at <strong>Mili\u0107evi\u0107&#8217;s<\/strong> and compare the papers they received. They were always listed as a third zone, designated for housing, and now they have suddenly become part of the site.<\/p>\n\n\n\n<p>It all started in <strong>2017<\/strong>, when this area was defined by a <strong>Special Purpose Spatial Plan<\/strong> &#8211; the same as, for example, <strong>Belgrade Waterfront<\/strong>. In <strong>July 2022<\/strong>, the <strong>Ministry of Tourism<\/strong> requested and received consent for the site to officially become a tourist area. The following year, the then-prime minister came to <strong>Vin\u010da<\/strong> with the <strong>American<\/strong> ambassador, who announced the reconstruction of the landslide on <strong>Belo Brdo<\/strong>, but spoke about real estate prices.<\/p>\n\n\n\n<p>&#8220;When we were coming here, I was thinking that the land, the property in this stretch in <strong>Vin\u010da<\/strong>, in the <strong>Belgrade<\/strong> municipality of <strong>Grocka<\/strong>, that the value of that land and that property, those houses, would increase between <strong>25<\/strong> and <strong>30<\/strong> percent, conservatively,&#8221; stated <strong>Ana Brnabi\u0107<\/strong>, the then-Prime Minister of <strong>Serbia<\/strong> on <strong>October 12, 2023<\/strong>.<\/p>\n\n\n\n<p>The job of landslide remediation was given to firms close to the authorities &#8211; <strong>Jadran<\/strong>, <strong>Millennium Team<\/strong>, and <strong>Novkol<\/strong>, for over <strong>140 million dinars<\/strong>. Earlier, <strong>Brnabi\u0107<\/strong> announced that the <strong>American<\/strong> ambassador&#8217;s fund would pay for these works. Today, the <strong>Vin\u010da<\/strong> quay looks like this &#8211; a concrete fence, a bench or two, and wires for some future lighting.<\/p>\n\n\n\n<p>Tomorrow, it could look completely different, after the <strong>Spatial Plan<\/strong> was quietly changed last year, which turns the excavations into a project that generates profit.<\/p>\n\n\n\n<p>&#8220;Locations have been defined for a scientific-research center, a visitor center, an archeo park where visitors will be able to actively participate as part of a permanent outdoor exhibition, the development of accompanying tourist infrastructure to support the logistics of the site itself, and the planning of new transport and infrastructure surfaces.&#8221;<\/p>\n\n\n\n<hr class=\"wp-block-separator has-alpha-channel-opacity\"\/>\n\n\n\n<p>And what else is planned on the new infrastructure surfaces?<\/p>\n\n\n\n<p>The <strong>Strategic Master Plan<\/strong> first foresees land expropriation, and then the construction of <strong>20<\/strong> &#8220;glamping&#8221; facilities, worth <strong>1.3 million euros<\/strong>. An adrenaline park will also be built, which the state plans to pay as much as <strong>2.5 million euros<\/strong> for. An international port will also be built on the <strong>Vin\u010da<\/strong> quay.<\/p>\n\n\n\n<p>The ministry says that they are not authorized to comment on whether this is related to the annotations on the farmers&#8217; property, but they emphasize &#8211; their goal is for the archaeological site to become a well-organized tourist destination.<\/p>\n\n\n\n<p>&#8220;By preserving the authentic remains of the archaeological site, their programmatic revival, as well as accompanying tourist facilities and infrastructural equipment, it is necessary to satisfy both the current and future needs of the site for research and attracting visitors, as well as the needs of the local community&#8217;s development through the coexistence of tourism and the preservation of cultural values,&#8221; the <strong>Ministry of Tourism and Youth<\/strong> announced.<\/p>\n\n\n\n<p>In the immediate vicinity of the site itself, no one has been living for a few years now.<\/p>\n\n\n\n<p>The houses are located in the very center of the village, right next to the bank of the <strong>Danube<\/strong>. Today they are empty because their owners decided to give up the fight and hand over their land.<\/p>\n\n\n\n<p>No one has officially addressed the people of <strong>Vin\u010da<\/strong>. Two years ago, immediately after <strong>Ana Brnabi\u0107&#8217;s<\/strong> visit, more than a hundred of them self-organized and entered the building of the municipality of <strong>Grocka<\/strong> when they heard that a more prominent person would be there. They were met by the director of the <strong>Belgrade Parking Service<\/strong> and the coordinator of the <strong>Serbian Progressive Party<\/strong> for <strong>Grocka<\/strong>, <strong>Andrija \u010cupkovi\u0107<\/strong>. They say he calmed them down at the time.<\/p>\n\n\n\n<p>&#8220;Primarily, that <strong>\u010cupkovi\u0107<\/strong> held the meeting. Those who were sitting there told them that we would &#8220;sing with joy,&#8221; almost,&#8221; says <strong>Milorad Mili\u0107evi\u0107<\/strong>, a farmer from <strong>Vin\u010da<\/strong>.<\/p>\n\n\n\n<p>According to the law, the decision on expropriation is made by the <strong>Government of Serbia<\/strong>, which has no answer to the question of whether a public interest for taking property has been established in the area of the site.<\/p>\n\n\n\n<p>The <strong>Ministry of Construction<\/strong> also did not provide answers to clarify its intentions regarding the property of the farmers who received the annotations.<\/p>\n\n\n\n<h4 class=\"wp-block-heading\"><mark style=\"background-color:#FFFFFF;color:#d21414\" class=\"has-inline-color\">MORE TOPICS:<\/mark><\/h4>\n\n\n\n<p><strong><a href=\"https:\/\/serbiantimes.info\/en\/allusion-to-students-attacker-on-cobras-at-the-military-parade-wore-a-yellow-vest-similar-to-the-one-from-the-blockades\/\" target=\"_blank\" rel=\"noopener\" title=\"\">ALLUSION TO STUDENTS: Attacker on \u201cCobras\u201d at the military parade wore a yellow vest, similar to the one from the blockades<\/a><\/strong><\/p>\n\n\n\n<p><strong><a href=\"https:\/\/serbiantimes.info\/en\/a-little-athletic-wonder-from-leskovac-viktor-is-only-eight-years-old-and-he-wears-more-than-50-medals-around-his-neck\/\" target=\"_blank\" rel=\"noopener\" title=\"\">A LITTLE ATHLETIC WONDER FROM LESKOVAC: Viktor is only eight years old, and he wears more than 50 medals around his neck!<\/a><\/strong><\/p>\n\n\n\n<p><strong><a href=\"https:\/\/serbiantimes.info\/en\/dramatic-chase-in-austria-teenagers-ran-riot-on-the-highway-among-them-17-year-olds-from-serbia\/\" target=\"_blank\" rel=\"noopener\" title=\"\">DRAMATIC CHASE IN AUSTRIA: Teenagers drove wild on the highway, among them 17-year-olds from Serbia!<\/a><\/strong><\/p>\n\n\n\n<p><strong>Source<\/strong>: N1; <strong>Foto<\/strong>: Wikimedia Creative Commons<\/p>\n\n\n\n<p><\/p>\n","protected":false},"excerpt":{"rendered":"<p>More than 500 households in the Belgrade neighborhood of Vin\u010da have received annotations in the cadastre that their land is located in a special purpose area of the archaeological site of Belo Brdo, residents say. The construction of commercial and tourist facilities is planned at that site, which is why the people of Vin\u010da fear [&hellip;]<\/p>\n","protected":false},"author":2169,"featured_media":188066,"comment_status":"open","ping_status":"open","sticky":false,"template":"","format":"standard","meta":{"newspack_featured_image_position":"","newspack_post_subtitle":"","newspack_article_summary_title":"Overview:","newspack_article_summary":"","newspack_hide_updated_date":false,"newspack_show_updated_date":false,"footnotes":""},"categories":[7],"tags":[113],"class_list":["post-188065","post","type-post","status-publish","format-standard","has-post-thumbnail","hentry","category-serbia","tag-srbija","entry"],"aioseo_notices":[],"distributor_meta":false,"distributor_terms":false,"distributor_media":false,"distributor_original_site_name":"Serbiantimes.info EN","distributor_original_site_url":"https:\/\/serbiantimes.info\/en","push-errors":false,"_links":{"self":[{"href":"https:\/\/serbiantimes.info\/en\/wp-json\/wp\/v2\/posts\/188065","targetHints":{"allow":["GET"]}}],"collection":[{"href":"https:\/\/serbiantimes.info\/en\/wp-json\/wp\/v2\/posts"}],"about":[{"href":"https:\/\/serbiantimes.info\/en\/wp-json\/wp\/v2\/types\/post"}],"author":[{"embeddable":true,"href":"https:\/\/serbiantimes.info\/en\/wp-json\/wp\/v2\/users\/2169"}],"replies":[{"embeddable":true,"href":"https:\/\/serbiantimes.info\/en\/wp-json\/wp\/v2\/comments?post=188065"}],"version-history":[{"count":2,"href":"https:\/\/serbiantimes.info\/en\/wp-json\/wp\/v2\/posts\/188065\/revisions"}],"predecessor-version":[{"id":188094,"href":"https:\/\/serbiantimes.info\/en\/wp-json\/wp\/v2\/posts\/188065\/revisions\/188094"}],"wp:featuredmedia":[{"embeddable":true,"href":"https:\/\/serbiantimes.info\/en\/wp-json\/wp\/v2\/media\/188066"}],"wp:attachment":[{"href":"https:\/\/serbiantimes.info\/en\/wp-json\/wp\/v2\/media?parent=188065"}],"wp:term":[{"taxonomy":"category","embeddable":true,"href":"https:\/\/serbiantimes.info\/en\/wp-json\/wp\/v2\/categories?post=188065"},{"taxonomy":"post_tag","embeddable":true,"href":"https:\/\/serbiantimes.info\/en\/wp-json\/wp\/v2\/tags?post=188065"}],"curies":[{"name":"wp","href":"https:\/\/api.w.org\/{rel}","templated":true}]}}