{"id":187975,"date":"2025-09-20T12:00:00","date_gmt":"2025-09-20T10:00:00","guid":{"rendered":"https:\/\/serbiantimes.info\/en\/?p=187975"},"modified":"2025-09-20T14:17:50","modified_gmt":"2025-09-20T12:17:50","slug":"cordon-surrounded-students-and-citizens-gendarmerie-wont-let-the-crowd-pass-to-the-military-parade-video","status":"publish","type":"post","link":"https:\/\/serbiantimes.info\/en\/cordon-surrounded-students-and-citizens-gendarmerie-wont-let-the-crowd-pass-to-the-military-parade-video\/","title":{"rendered":"CORDON SURROUNDED STUDENTS AND CITIZENS: Gendarmerie won&#8217;t let the crowd pass to the Military parade! (VIDEO)"},"content":{"rendered":"\n<p><strong><em>Today from 11 a.m. the &#8220;Strength of Unity&#8221; Military Parade is being held in Novi Beograd, and according to the Ministry of Defense, 10,000 participants are expected. Students in blockade announced earlier that they will show support for the soldiers by gathering, to show them that they are with them.<\/em><\/strong><\/p>\n\n\n\n<p>Students and citizens who went to the Military parade, are surrounded by a cordon of Gendarmerie in front of the Nova.rs media building in Bulevar Mihajla Pupina.<\/p>\n\n\n\n<blockquote class=\"twitter-tweet\"><p lang=\"und\" dir=\"ltr\">Policija ide oko stambenih zgrada i spre\u010dava studente i gra\u0111ane da se slobodno kre\u0107u ka ulazu na vojnu paradu koja u ovom trenutku po\u010dinje. <a href=\"https:\/\/t.co\/oXwSkt5qyn\">pic.twitter.com\/oXwSkt5qyn<\/a><\/p>&mdash; Ma\u0161ina (@MasinaRS) <a href=\"https:\/\/twitter.com\/MasinaRS\/status\/1969326342375133342?ref_src=twsrc%5Etfw\">September 20, 2025<\/a><\/blockquote> <script async src=\"https:\/\/platform.twitter.com\/widgets.js\" charset=\"utf-8\"><\/script>\n\n\n\n<p>According to Ma\u0161ina, an inspector in civilian clothes tells citizens and students that it is possible to leave individually, without banners. Other citizens who come to the parade in organized buses move freely in larger groups and columns.<\/p>\n\n\n\n<blockquote class=\"twitter-tweet\"><p lang=\"und\" dir=\"ltr\"><a href=\"https:\/\/twitter.com\/hashtag\/Repost?src=hash&amp;ref_src=twsrc%5Etfw\">#Repost<\/a> <a href=\"https:\/\/twitter.com\/masina?ref_src=twsrc%5Etfw\">@masina<\/a>.rs<br><br>&quot;Policija ne dozvoljava organizovani polazak studenata i gra\u0111ana ka ulazu na vojnu paradu. Inspektor u civilu gra\u0111anima govori da je mogu\u0107 polazak individualno, bez transparenata. <br><br>Drugi gra\u0111ani koji organizovano autobusima dolaze na paradu se nesmetano kre\u0107u\u2026 <a href=\"https:\/\/t.co\/liOPoNtIqD\">pic.twitter.com\/liOPoNtIqD<\/a><\/p>&mdash; \u017deljko Kisa (@ZeljkoKisa) <a href=\"https:\/\/twitter.com\/ZeljkoKisa\/status\/1969326168097616323?ref_src=twsrc%5Etfw\">September 20, 2025<\/a><\/blockquote> <script async src=\"https:\/\/platform.twitter.com\/widgets.js\" charset=\"utf-8\"><\/script>\n\n\n\n<p>Citizens and students are trying to reach the location where the Military parade is being held by alternative routes, but they are prevented by a police cordon.<\/p>\n\n\n\n<blockquote class=\"twitter-tweet\"><p lang=\"und\" dir=\"ltr\">Jurnjava sa pandurima po Novom Beogradu.<br>Podse\u0107am da policija ne dozvoljava studentima i gra\u0111anima prilaz ka vojnoj paradi&#8230; <a href=\"https:\/\/t.co\/ZdKshH642p\">pic.twitter.com\/ZdKshH642p<\/a><\/p>&mdash; Igor Mitrovic (@IgorMitrovic100) <a href=\"https:\/\/twitter.com\/IgorMitrovic100\/status\/1969323580035924211?ref_src=twsrc%5Etfw\">September 20, 2025<\/a><\/blockquote> <script async src=\"https:\/\/platform.twitter.com\/widgets.js\" charset=\"utf-8\"><\/script>\n\n\n\n<p>Citizens report that the police are &#8220;chasing&#8221; with the citizens and students.<\/p>\n\n\n\n<p>Professor Biljana Stojkovi\u0107 says that the police have forbidden the students and citizens who are at the roundabout in Novi Beograd to pass towards U\u0161\u0107e. She states that on the other hand, they are escorting citizens who came by bus.<\/p>\n\n\n\n<blockquote class=\"twitter-tweet\"><p lang=\"und\" dir=\"ltr\">Pa dobro, vijamo se jer narod ne mo\u017ee na paradu sopstvene vojske <a href=\"https:\/\/t.co\/mBsDYcwOzz\">pic.twitter.com\/mBsDYcwOzz<\/a><\/p>&mdash; Ivona (@otrovni_brsljen) <a href=\"https:\/\/twitter.com\/otrovni_brsljen\/status\/1969323765495398780?ref_src=twsrc%5Etfw\">September 20, 2025<\/a><\/blockquote> <script async src=\"https:\/\/platform.twitter.com\/widgets.js\" charset=\"utf-8\"><\/script>\n\n\n\n<p>&#8220;They don&#8217;t allow us to pass either on the streets or on the sidewalks. We will try an alternative route,&#8221; she says.<\/p>\n\n\n\n<blockquote class=\"twitter-tweet\"><p lang=\"und\" dir=\"ltr\">Policija, gra\u0111ani i studenti se &quot;jure&quot; po bloku <a href=\"https:\/\/t.co\/x0Z3H5cDD4\">pic.twitter.com\/x0Z3H5cDD4<\/a><\/p>&mdash; Ma\u0161ina (@MasinaRS) <a href=\"https:\/\/twitter.com\/MasinaRS\/status\/1969325539467952244?ref_src=twsrc%5Etfw\">September 20, 2025<\/a><\/blockquote> <script async src=\"https:\/\/platform.twitter.com\/widgets.js\" charset=\"utf-8\"><\/script>\n\n\n\n<p>The atmosphere is tense, reports the N1 television reporter, because the police do not allow the students and citizens who are with them to pass towards U\u0161\u0107e.<\/p>\n\n\n\n<h4 class=\"wp-block-heading\"><mark style=\"background-color:#FFFFFF;color:#d21414\" class=\"has-inline-color\">MORE TOPICS:<\/mark><\/h4>\n\n\n\n<p><strong><a href=\"https:\/\/serbiantimes.info\/en\/trump-issued-an-order-another-ship-sunk-in-international-waters-pentagon-claims-it-was-carrying-narcotics\/\" target=\"_blank\" rel=\"noopener\" title=\"\">TRUMP ISSUED AN ORDER: Another ship sunk in international waters, Pentagon claims it was carrying narcotics!<\/a><\/strong><\/p>\n\n\n\n<p><strong><a href=\"https:\/\/serbiantimes.info\/en\/chaos-at-airports-across-europe-a-major-hack-caused-huge-delays-and-flight-postponements\/\" target=\"_blank\" rel=\"noopener\" title=\"\">CHAOS AT AIRPORTS ACROSS EUROPE: A major hack caused huge delays and flight postponements!<\/a><\/strong><\/p>\n\n\n\n<p><strong><a href=\"https:\/\/serbiantimes.info\/en\/dramatic-chase-in-austria-teenagers-ran-riot-on-the-highway-among-them-17-year-olds-from-serbia\/\" target=\"_blank\" rel=\"noopener\" title=\"\">DRAMATIC CHASE IN AUSTRIA: Teenagers drove wild on the highway, among them 17-year-olds from Serbia!<\/a><\/strong><\/p>\n\n\n\n<p><strong><a href=\"https:\/\/serbiantimes.info\/en\/the-military-parade-in-belgrade-has-ended-social-divisions-marked-the-strength-of-unity-video\/\" target=\"_blank\" rel=\"noopener\" title=\"\">THE MILITARY PARADE IN BELGRADE HAS ENDED: Social divisions marked \u201cThe strength of unity\u201d! (VIDEO)<\/a><\/strong><\/p>\n\n\n\n<p><strong><strong>Source<\/strong><\/strong>: Nova.rs; <strong>Photo<\/strong>: Printscreen X<\/p>\n","protected":false},"excerpt":{"rendered":"<p>Today from 11 a.m. the &#8220;Strength of Unity&#8221; Military Parade is being held in Novi Beograd, and according to the Ministry of Defense, 10,000 participants are expected. Students in blockade announced earlier that they will show support for the soldiers by gathering, to show them that they are with them. Students and citizens who went [&hellip;]<\/p>\n","protected":false},"author":2169,"featured_media":187976,"comment_status":"open","ping_status":"open","sticky":false,"template":"","format":"standard","meta":{"newspack_featured_image_position":"","newspack_post_subtitle":"","newspack_article_summary_title":"Overview:","newspack_article_summary":"","newspack_hide_updated_date":false,"newspack_show_updated_date":false,"footnotes":""},"categories":[7],"tags":[5536,113,4837,15,6456,5634,4225],"class_list":["post-187975","post","type-post","status-publish","format-standard","has-post-thumbnail","hentry","category-serbia","tag-protesti-u-srbiji","tag-srbija","tag-studenti-u-blokadi","tag-video","tag-vojna-parada","tag-vojska-srbije","tag-zandarmerija-2","entry"],"aioseo_notices":[],"distributor_meta":false,"distributor_terms":false,"distributor_media":false,"distributor_original_site_name":"Serbiantimes.info EN","distributor_original_site_url":"https:\/\/serbiantimes.info\/en","push-errors":false,"_links":{"self":[{"href":"https:\/\/serbiantimes.info\/en\/wp-json\/wp\/v2\/posts\/187975","targetHints":{"allow":["GET"]}}],"collection":[{"href":"https:\/\/serbiantimes.info\/en\/wp-json\/wp\/v2\/posts"}],"about":[{"href":"https:\/\/serbiantimes.info\/en\/wp-json\/wp\/v2\/types\/post"}],"author":[{"embeddable":true,"href":"https:\/\/serbiantimes.info\/en\/wp-json\/wp\/v2\/users\/2169"}],"replies":[{"embeddable":true,"href":"https:\/\/serbiantimes.info\/en\/wp-json\/wp\/v2\/comments?post=187975"}],"version-history":[{"count":2,"href":"https:\/\/serbiantimes.info\/en\/wp-json\/wp\/v2\/posts\/187975\/revisions"}],"predecessor-version":[{"id":188005,"href":"https:\/\/serbiantimes.info\/en\/wp-json\/wp\/v2\/posts\/187975\/revisions\/188005"}],"wp:featuredmedia":[{"embeddable":true,"href":"https:\/\/serbiantimes.info\/en\/wp-json\/wp\/v2\/media\/187976"}],"wp:attachment":[{"href":"https:\/\/serbiantimes.info\/en\/wp-json\/wp\/v2\/media?parent=187975"}],"wp:term":[{"taxonomy":"category","embeddable":true,"href":"https:\/\/serbiantimes.info\/en\/wp-json\/wp\/v2\/categories?post=187975"},{"taxonomy":"post_tag","embeddable":true,"href":"https:\/\/serbiantimes.info\/en\/wp-json\/wp\/v2\/tags?post=187975"}],"curies":[{"name":"wp","href":"https:\/\/api.w.org\/{rel}","templated":true}]}}