{"id":187938,"date":"2025-09-19T20:12:26","date_gmt":"2025-09-19T18:12:26","guid":{"rendered":"https:\/\/serbiantimes.info\/en\/?p=187938"},"modified":"2025-09-19T20:12:28","modified_gmt":"2025-09-19T18:12:28","slug":"the-court-announced-the-dismissal-of-dr-dugalic-i-am-overjoyed-to-return-to-my-team-and-my-patients","status":"publish","type":"post","link":"https:\/\/serbiantimes.info\/en\/the-court-announced-the-dismissal-of-dr-dugalic-i-am-overjoyed-to-return-to-my-team-and-my-patients\/","title":{"rendered":"THE COURT ANNOUNCED THE DISMISSAL OF DR DUGALI\u0106: &#8220;I am overjoyed to return to my team and my patients&#8221;"},"content":{"rendered":"\n<p class=\"wp-block-paragraph\">The First Basic Court in Belgrade annulled the annex to the contract by which Dr. Vladimir Dugali\u0107 was dismissed from the position of head of the First Surgical Clinic as illegal, said lawyer Mila Tomanovi\u0107.<\/p>\n\n\n\n<p class=\"wp-block-paragraph\">&#8220;The result of this decision will be the return of Dr. Dugali\u0107 to the position of head, after the judgment becomes final. The existence of judges who put the law above political power games and thus protect the legal security of all citizens of Serbia is encouraging,&#8221; the statement said, as reported by N1.<\/p>\n\n\n\n<p class=\"wp-block-paragraph\">Dr. Vladimir Dugali\u0107, commenting on the verdict, said that after everything, he is overjoyed to return to his team and his patients.<\/p>\n\n\n\n<p class=\"wp-block-paragraph\">&#8220;I am glad that it turned out that there are still honorable judges who put social and citizens&#8217; interests above political ones. I am overjoyed to return to my team and my patients, who daily seek my help, which for well-known reasons I have not been able to provide them in the past 10 months. A proof that one should fight for the truth regardless of the sacrifice,&#8221; he pointed out.<\/p>\n\n\n\n<p class=\"wp-block-paragraph\">We remind you that the eminent professor Dr. Vladimir Dugali\u0107, one of the most respected experts in liver surgery in the region, who publicly criticized the Minister of Health Zlatibor Lon\u010dar and was among the first to support students, was dismissed at the end of last year from the position of head of the department of the First Surgical Clinic of the UKC.<\/p>\n\n\n\n<h4 class=\"wp-block-heading\"><mark style=\"background-color:#FFFFFF;color:#d21414\" class=\"has-inline-color\">MORE TOPICS:<\/mark><\/h4>\n\n\n\n<p class=\"wp-block-paragraph\"><strong><a href=\"https:\/\/serbiantimes.info\/en\/fled-in-a-car-with-belgrade-license-plates-during-the-night-the-house-of-an-activist-farmer-was-attacked\/\" target=\"_blank\" rel=\"noopener\" title=\"\">FLED IN A CAR WITH BELGRADE LICENSE PLATES: During the night, the house of an activist farmer was attacked!<\/a><\/strong><\/p>\n\n\n\n<p class=\"wp-block-paragraph\"><strong><a href=\"https:\/\/serbiantimes.info\/en\/raduljica-continues-his-sports-career-former-basketball-representative-signed-with-a-football-club\/\" target=\"_blank\" rel=\"noopener\" title=\"\">RADULJICA CONTINUES HIS SPORTS CAREER: Former basketball representative signed with a football club!<\/a><\/strong><\/p>\n\n\n\n<p class=\"wp-block-paragraph\"><strong><a href=\"https:\/\/serbiantimes.info\/en\/there-is-nothing-new-there-vucic-claims-that-he-knows-the-names-on-the-student-list-and-that-the-opposition-will-suffer-a-heavier-defeat-than-last-time\/\" target=\"_blank\" rel=\"noopener\" title=\"\">\u201cTHERE IS NOTHING NEW THERE\u201d: Vu\u010di\u0107 claims that he knows the names on the student list and that \u201cthe opposition will suffer a heavier defeat than last time\u201d!<\/a><\/strong><\/p>\n\n\n\n<p class=\"wp-block-paragraph\"><strong><a href=\"https:\/\/serbiantimes.info\/en\/tragic-news-from-vienna-the-24-year-old-girl-whose-father-nenad-shot-in-the-head-succumbed-to-her-injuries\/\" target=\"_blank\" rel=\"noopener\" title=\"\">TRAGIC NEWS FROM VIENNA: The 24-year-old girl whose father Nenad shot in the head succumbed to her injuries!<\/a><\/strong><\/p>\n\n\n\n<p class=\"wp-block-paragraph\"><strong><a href=\"https:\/\/serbiantimes.info\/en\/vucic-threatened-students-and-citizens-there-is-no-more-conversation-the-color-revolution-is-over\/\" target=\"_blank\" rel=\"noopener\" title=\"\">VU\u010cI\u0106 THREATENED STUDENTS AND CITIZENS: There is no more conversation, the color revolution is over!<\/a><\/strong><\/p>\n\n\n\n<p class=\"wp-block-paragraph\"><strong><a href=\"https:\/\/serbiantimes.info\/en\/new-scandal-in-kosovo-vladica-from-gracanicas-car-with-serbian-license-plates-seized\/\" target=\"_blank\" rel=\"noopener\" title=\"\">NEW SCANDAL IN KOSOVO: Vladica from Gra\u010danica\u2019s car with Serbian license plates seized!<\/a><\/strong><\/p>\n\n\n\n<p class=\"wp-block-paragraph\"><strong><strong>Source<\/strong>: <\/strong>Nova.rs, <strong>Photo:<\/strong> Goran Srdanov \/Nova.rs<\/p>\n","protected":false},"excerpt":{"rendered":"<p>The First Basic Court in Belgrade annulled the annex to the contract by which Dr. Vladimir Dugali\u0107 was dismissed from the position of head of the First Surgical Clinic as illegal, said lawyer Mila Tomanovi\u0107. &#8220;The result of this decision will be the return of Dr. Dugali\u0107 to the position of head, after the judgment [&hellip;]<\/p>\n","protected":false},"author":2169,"featured_media":187939,"comment_status":"open","ping_status":"open","sticky":false,"template":"","format":"standard","meta":{"newspack_featured_image_position":"","newspack_post_subtitle":"","newspack_article_summary_title":"Overview:","newspack_article_summary":"","newspack_hide_updated_date":false,"newspack_show_updated_date":false,"footnotes":""},"categories":[7],"tags":[253,8704,8705,4320,8706,8707,113],"class_list":["post-187938","post","type-post","status-publish","format-standard","has-post-thumbnail","hentry","category-serbia","tag-beograd","tag-dr-vladimir-dugalic","tag-nacelnik","tag-odluka","tag-prvi-hiruska-klinika","tag-prvi-osnovni-sud","tag-srbija","entry"],"aioseo_notices":[],"aioseo_head":"\n\t\t<!-- All in One SEO 5.0.1.1 - aioseo.com -->\n\t<meta name=\"description\" content=\"The First Basic Court in Belgrade annulled the annex to the contract by which Dr. Vladimir Dugali\u0107 was dismissed from the position of head of the First Surgical Clinic as illegal, said lawyer Mila Tomanovi\u0107. &quot;The result of this decision will be the return of Dr. Dugali\u0107 to the position of head, after the judgment\" \/>\n\t<meta name=\"robots\" content=\"max-image-preview:large\" \/>\n\t<meta name=\"author\" content=\"Serbian Times\"\/>\n\t<link rel=\"canonical\" href=\"https:\/\/serbiantimes.info\/en\/the-court-announced-the-dismissal-of-dr-dugalic-i-am-overjoyed-to-return-to-my-team-and-my-patients\/\" \/>\n\t<meta name=\"generator\" content=\"All in One SEO (AIOSEO) 5.0.1.1\" \/>\n\t\t<meta property=\"og:locale\" content=\"en_US\" \/>\n\t\t<meta property=\"og:site_name\" content=\"Serbiantimes.info EN |\" \/>\n\t\t<meta property=\"og:type\" content=\"article\" \/>\n\t\t<meta property=\"og:title\" content=\"THE COURT ANNOUNCED THE DISMISSAL OF DR DUGALI\u0106: \u201cI am overjoyed to return to my team and my patients\u201d | Serbiantimes.info EN\" \/>\n\t\t<meta property=\"og:description\" content=\"The First Basic Court in Belgrade annulled the annex to the contract by which Dr. Vladimir Dugali\u0107 was dismissed from the position of head of the First Surgical Clinic as illegal, said lawyer Mila Tomanovi\u0107. &quot;The result of this decision will be the return of Dr. Dugali\u0107 to the position of head, after the judgment\" \/>\n\t\t<meta property=\"og:url\" content=\"https:\/\/serbiantimes.info\/en\/the-court-announced-the-dismissal-of-dr-dugalic-i-am-overjoyed-to-return-to-my-team-and-my-patients\/\" \/>\n\t\t<meta property=\"og:image\" content=\"https:\/\/serbiantimes.info\/en\/wp-content\/uploads\/sites\/2\/2025\/09\/image-1200x750-2-13.png\" \/>\n\t\t<meta property=\"og:image:secure_url\" content=\"https:\/\/serbiantimes.info\/en\/wp-content\/uploads\/sites\/2\/2025\/09\/image-1200x750-2-13.png\" \/>\n\t\t<meta property=\"og:image:width\" content=\"1200\" \/>\n\t\t<meta property=\"og:image:height\" content=\"750\" \/>\n\t\t<meta property=\"article:published_time\" content=\"2025-09-19T18:12:26+00:00\" \/>\n\t\t<meta property=\"article:modified_time\" content=\"2025-09-19T18:12:28+00:00\" \/>\n\t\t<meta name=\"twitter:card\" content=\"summary_large_image\" \/>\n\t\t<meta name=\"twitter:title\" content=\"THE COURT ANNOUNCED THE DISMISSAL OF DR DUGALI\u0106: \u201cI am overjoyed to return to my team and my patients\u201d | Serbiantimes.info EN\" \/>\n\t\t<meta name=\"twitter:description\" content=\"The First Basic Court in Belgrade annulled the annex to the contract by which Dr. Vladimir Dugali\u0107 was dismissed from the position of head of the First Surgical Clinic as illegal, said lawyer Mila Tomanovi\u0107. &quot;The result of this decision will be the return of Dr. Dugali\u0107 to the position of head, after the judgment\" \/>\n\t\t<meta name=\"twitter:image\" content=\"https:\/\/serbiantimes.info\/en\/wp-content\/uploads\/sites\/2\/2025\/09\/image-1200x750-2-13.png\" \/>\n\t\t<script type=\"application\/ld+json\" class=\"aioseo-schema\">\n\t\t\t{\"@context\":\"https:\\\/\\\/schema.org\",\"@graph\":[{\"@type\":\"BlogPosting\",\"@id\":\"https:\\\/\\\/serbiantimes.info\\\/en\\\/the-court-announced-the-dismissal-of-dr-dugalic-i-am-overjoyed-to-return-to-my-team-and-my-patients\\\/#blogposting\",\"name\":\"THE COURT ANNOUNCED THE DISMISSAL OF DR DUGALI\\u0106: \\u201cI am overjoyed to return to my team and my patients\\u201d | Serbiantimes.info EN\",\"headline\":\"THE COURT ANNOUNCED THE DISMISSAL OF DR DUGALI\\u0106: &#8220;I am overjoyed to return to my team and my patients&#8221;\",\"author\":{\"@id\":\"https:\\\/\\\/serbiantimes.info\\\/en\\\/author\\\/serbiantimes-portal\\\/#author\"},\"publisher\":{\"@id\":\"https:\\\/\\\/serbiantimes.info\\\/en\\\/#organization\"},\"image\":{\"@type\":\"ImageObject\",\"url\":\"https:\\\/\\\/serbiantimes.info\\\/en\\\/wp-content\\\/uploads\\\/sites\\\/2\\\/2025\\\/09\\\/image-1200x750-2-13.png\",\"width\":1200,\"height\":750},\"datePublished\":\"2025-09-19T20:12:26+02:00\",\"dateModified\":\"2025-09-19T20:12:28+02:00\",\"inLanguage\":\"en-US\",\"mainEntityOfPage\":{\"@id\":\"https:\\\/\\\/serbiantimes.info\\\/en\\\/the-court-announced-the-dismissal-of-dr-dugalic-i-am-overjoyed-to-return-to-my-team-and-my-patients\\\/#webpage\"},\"isPartOf\":{\"@id\":\"https:\\\/\\\/serbiantimes.info\\\/en\\\/the-court-announced-the-dismissal-of-dr-dugalic-i-am-overjoyed-to-return-to-my-team-and-my-patients\\\/#webpage\"},\"articleSection\":\"SERBIA, Beograd, dr Vladimir Dugali\\u0107, na\\u010delnik, odluka, prvi hiru\\u0161ka klinika, prvi osnovni sud, Srbija\"},{\"@type\":\"BreadcrumbList\",\"@id\":\"https:\\\/\\\/serbiantimes.info\\\/en\\\/the-court-announced-the-dismissal-of-dr-dugalic-i-am-overjoyed-to-return-to-my-team-and-my-patients\\\/#breadcrumblist\",\"itemListElement\":[{\"@type\":\"ListItem\",\"@id\":\"https:\\\/\\\/serbiantimes.info\\\/en#listItem\",\"position\":1,\"name\":\"Home\",\"item\":\"https:\\\/\\\/serbiantimes.info\\\/en\",\"nextItem\":{\"@type\":\"ListItem\",\"@id\":\"https:\\\/\\\/serbiantimes.info\\\/en\\\/category\\\/serbia\\\/#listItem\",\"name\":\"SERBIA\"}},{\"@type\":\"ListItem\",\"@id\":\"https:\\\/\\\/serbiantimes.info\\\/en\\\/category\\\/serbia\\\/#listItem\",\"position\":2,\"name\":\"SERBIA\",\"item\":\"https:\\\/\\\/serbiantimes.info\\\/en\\\/category\\\/serbia\\\/\",\"nextItem\":{\"@type\":\"ListItem\",\"@id\":\"https:\\\/\\\/serbiantimes.info\\\/en\\\/the-court-announced-the-dismissal-of-dr-dugalic-i-am-overjoyed-to-return-to-my-team-and-my-patients\\\/#listItem\",\"name\":\"THE COURT ANNOUNCED THE DISMISSAL OF DR DUGALI\\u0106: &#8220;I am overjoyed to return to my team and my patients&#8221;\"},\"previousItem\":{\"@type\":\"ListItem\",\"@id\":\"https:\\\/\\\/serbiantimes.info\\\/en#listItem\",\"name\":\"Home\"}},{\"@type\":\"ListItem\",\"@id\":\"https:\\\/\\\/serbiantimes.info\\\/en\\\/the-court-announced-the-dismissal-of-dr-dugalic-i-am-overjoyed-to-return-to-my-team-and-my-patients\\\/#listItem\",\"position\":3,\"name\":\"THE COURT ANNOUNCED THE DISMISSAL OF DR DUGALI\\u0106: &#8220;I am overjoyed to return to my team and my patients&#8221;\",\"previousItem\":{\"@type\":\"ListItem\",\"@id\":\"https:\\\/\\\/serbiantimes.info\\\/en\\\/category\\\/serbia\\\/#listItem\",\"name\":\"SERBIA\"}}]},{\"@type\":\"Organization\",\"@id\":\"https:\\\/\\\/serbiantimes.info\\\/en\\\/#organization\",\"name\":\"Serbiantimes.info EN\",\"url\":\"https:\\\/\\\/serbiantimes.info\\\/en\\\/\",\"logo\":{\"@type\":\"ImageObject\",\"url\":\"https:\\\/\\\/serbiantimes.info\\\/en\\\/wp-content\\\/uploads\\\/sites\\\/2\\\/2024\\\/10\\\/cropped-cropped-Serbian-Times-Header-Logo-1.png\",\"@id\":\"https:\\\/\\\/serbiantimes.info\\\/en\\\/the-court-announced-the-dismissal-of-dr-dugalic-i-am-overjoyed-to-return-to-my-team-and-my-patients\\\/#organizationLogo\",\"width\":480,\"height\":100},\"image\":{\"@id\":\"https:\\\/\\\/serbiantimes.info\\\/en\\\/the-court-announced-the-dismissal-of-dr-dugalic-i-am-overjoyed-to-return-to-my-team-and-my-patients\\\/#organizationLogo\"}},{\"@type\":\"Person\",\"@id\":\"https:\\\/\\\/serbiantimes.info\\\/en\\\/author\\\/serbiantimes-portal\\\/#author\",\"url\":\"https:\\\/\\\/serbiantimes.info\\\/en\\\/author\\\/serbiantimes-portal\\\/\",\"name\":\"Serbian Times\",\"image\":{\"@type\":\"ImageObject\",\"@id\":\"https:\\\/\\\/serbiantimes.info\\\/en\\\/the-court-announced-the-dismissal-of-dr-dugalic-i-am-overjoyed-to-return-to-my-team-and-my-patients\\\/#authorImage\",\"url\":\"https:\\\/\\\/secure.gravatar.com\\\/avatar\\\/ea76e009769270b4193e2bc7e032c096b4ae135483ec03b396fd0f520bc3dcfd?s=96&d=mm&r=g\",\"width\":96,\"height\":96,\"caption\":\"Serbian Times\"}},{\"@type\":\"WebPage\",\"@id\":\"https:\\\/\\\/serbiantimes.info\\\/en\\\/the-court-announced-the-dismissal-of-dr-dugalic-i-am-overjoyed-to-return-to-my-team-and-my-patients\\\/#webpage\",\"url\":\"https:\\\/\\\/serbiantimes.info\\\/en\\\/the-court-announced-the-dismissal-of-dr-dugalic-i-am-overjoyed-to-return-to-my-team-and-my-patients\\\/\",\"name\":\"THE COURT ANNOUNCED THE DISMISSAL OF DR DUGALI\\u0106: \\u201cI am overjoyed to return to my team and my patients\\u201d | Serbiantimes.info EN\",\"description\":\"The First Basic Court in Belgrade annulled the annex to the contract by which Dr. Vladimir Dugali\\u0107 was dismissed from the position of head of the First Surgical Clinic as illegal, said lawyer Mila Tomanovi\\u0107. \\\"The result of this decision will be the return of Dr. Dugali\\u0107 to the position of head, after the judgment\",\"inLanguage\":\"en-US\",\"isPartOf\":{\"@id\":\"https:\\\/\\\/serbiantimes.info\\\/en\\\/#website\"},\"breadcrumb\":{\"@id\":\"https:\\\/\\\/serbiantimes.info\\\/en\\\/the-court-announced-the-dismissal-of-dr-dugalic-i-am-overjoyed-to-return-to-my-team-and-my-patients\\\/#breadcrumblist\"},\"author\":{\"@id\":\"https:\\\/\\\/serbiantimes.info\\\/en\\\/author\\\/serbiantimes-portal\\\/#author\"},\"creator\":{\"@id\":\"https:\\\/\\\/serbiantimes.info\\\/en\\\/author\\\/serbiantimes-portal\\\/#author\"},\"image\":{\"@type\":\"ImageObject\",\"url\":\"https:\\\/\\\/serbiantimes.info\\\/en\\\/wp-content\\\/uploads\\\/sites\\\/2\\\/2025\\\/09\\\/image-1200x750-2-13.png\",\"@id\":\"https:\\\/\\\/serbiantimes.info\\\/en\\\/the-court-announced-the-dismissal-of-dr-dugalic-i-am-overjoyed-to-return-to-my-team-and-my-patients\\\/#mainImage\",\"width\":1200,\"height\":750},\"primaryImageOfPage\":{\"@id\":\"https:\\\/\\\/serbiantimes.info\\\/en\\\/the-court-announced-the-dismissal-of-dr-dugalic-i-am-overjoyed-to-return-to-my-team-and-my-patients\\\/#mainImage\"},\"datePublished\":\"2025-09-19T20:12:26+02:00\",\"dateModified\":\"2025-09-19T20:12:28+02:00\"},{\"@type\":\"WebSite\",\"@id\":\"https:\\\/\\\/serbiantimes.info\\\/en\\\/#website\",\"url\":\"https:\\\/\\\/serbiantimes.info\\\/en\\\/\",\"name\":\"Serbiantimes.info EN\",\"inLanguage\":\"en-US\",\"publisher\":{\"@id\":\"https:\\\/\\\/serbiantimes.info\\\/en\\\/#organization\"}}]}\n\t\t<\/script>\n\t\t<!-- All in One SEO -->\n\n","aioseo_head_json":{"title":"THE COURT ANNOUNCED THE DISMISSAL OF DR DUGALI\u0106: \u201cI am overjoyed to return to my team and my patients\u201d | Serbiantimes.info EN","description":"The First Basic Court in Belgrade annulled the annex to the contract by which Dr. Vladimir Dugali\u0107 was dismissed from the position of head of the First Surgical Clinic as illegal, said lawyer Mila Tomanovi\u0107. \"The result of this decision will be the return of Dr. Dugali\u0107 to the position of head, after the judgment","canonical_url":"https:\/\/serbiantimes.info\/en\/the-court-announced-the-dismissal-of-dr-dugalic-i-am-overjoyed-to-return-to-my-team-and-my-patients\/","robots":"max-image-preview:large","keywords":"","webmasterTools":{"miscellaneous":""},"schema":{"@context":"https:\/\/schema.org","@graph":[{"@type":"BlogPosting","@id":"https:\/\/serbiantimes.info\/en\/the-court-announced-the-dismissal-of-dr-dugalic-i-am-overjoyed-to-return-to-my-team-and-my-patients\/#blogposting","name":"THE COURT ANNOUNCED THE DISMISSAL OF DR DUGALI\u0106: \u201cI am overjoyed to return to my team and my patients\u201d | Serbiantimes.info EN","headline":"THE COURT ANNOUNCED THE DISMISSAL OF DR DUGALI\u0106: &#8220;I am overjoyed to return to my team and my patients&#8221;","author":{"@id":"https:\/\/serbiantimes.info\/en\/author\/serbiantimes-portal\/#author"},"publisher":{"@id":"https:\/\/serbiantimes.info\/en\/#organization"},"image":{"@type":"ImageObject","url":"https:\/\/serbiantimes.info\/en\/wp-content\/uploads\/sites\/2\/2025\/09\/image-1200x750-2-13.png","width":1200,"height":750},"datePublished":"2025-09-19T20:12:26+02:00","dateModified":"2025-09-19T20:12:28+02:00","inLanguage":"en-US","mainEntityOfPage":{"@id":"https:\/\/serbiantimes.info\/en\/the-court-announced-the-dismissal-of-dr-dugalic-i-am-overjoyed-to-return-to-my-team-and-my-patients\/#webpage"},"isPartOf":{"@id":"https:\/\/serbiantimes.info\/en\/the-court-announced-the-dismissal-of-dr-dugalic-i-am-overjoyed-to-return-to-my-team-and-my-patients\/#webpage"},"articleSection":"SERBIA, Beograd, dr Vladimir Dugali\u0107, na\u010delnik, odluka, prvi hiru\u0161ka klinika, prvi osnovni sud, Srbija"},{"@type":"BreadcrumbList","@id":"https:\/\/serbiantimes.info\/en\/the-court-announced-the-dismissal-of-dr-dugalic-i-am-overjoyed-to-return-to-my-team-and-my-patients\/#breadcrumblist","itemListElement":[{"@type":"ListItem","@id":"https:\/\/serbiantimes.info\/en#listItem","position":1,"name":"Home","item":"https:\/\/serbiantimes.info\/en","nextItem":{"@type":"ListItem","@id":"https:\/\/serbiantimes.info\/en\/category\/serbia\/#listItem","name":"SERBIA"}},{"@type":"ListItem","@id":"https:\/\/serbiantimes.info\/en\/category\/serbia\/#listItem","position":2,"name":"SERBIA","item":"https:\/\/serbiantimes.info\/en\/category\/serbia\/","nextItem":{"@type":"ListItem","@id":"https:\/\/serbiantimes.info\/en\/the-court-announced-the-dismissal-of-dr-dugalic-i-am-overjoyed-to-return-to-my-team-and-my-patients\/#listItem","name":"THE COURT ANNOUNCED THE DISMISSAL OF DR DUGALI\u0106: &#8220;I am overjoyed to return to my team and my patients&#8221;"},"previousItem":{"@type":"ListItem","@id":"https:\/\/serbiantimes.info\/en#listItem","name":"Home"}},{"@type":"ListItem","@id":"https:\/\/serbiantimes.info\/en\/the-court-announced-the-dismissal-of-dr-dugalic-i-am-overjoyed-to-return-to-my-team-and-my-patients\/#listItem","position":3,"name":"THE COURT ANNOUNCED THE DISMISSAL OF DR DUGALI\u0106: &#8220;I am overjoyed to return to my team and my patients&#8221;","previousItem":{"@type":"ListItem","@id":"https:\/\/serbiantimes.info\/en\/category\/serbia\/#listItem","name":"SERBIA"}}]},{"@type":"Organization","@id":"https:\/\/serbiantimes.info\/en\/#organization","name":"Serbiantimes.info EN","url":"https:\/\/serbiantimes.info\/en\/","logo":{"@type":"ImageObject","url":"https:\/\/serbiantimes.info\/en\/wp-content\/uploads\/sites\/2\/2024\/10\/cropped-cropped-Serbian-Times-Header-Logo-1.png","@id":"https:\/\/serbiantimes.info\/en\/the-court-announced-the-dismissal-of-dr-dugalic-i-am-overjoyed-to-return-to-my-team-and-my-patients\/#organizationLogo","width":480,"height":100},"image":{"@id":"https:\/\/serbiantimes.info\/en\/the-court-announced-the-dismissal-of-dr-dugalic-i-am-overjoyed-to-return-to-my-team-and-my-patients\/#organizationLogo"}},{"@type":"Person","@id":"https:\/\/serbiantimes.info\/en\/author\/serbiantimes-portal\/#author","url":"https:\/\/serbiantimes.info\/en\/author\/serbiantimes-portal\/","name":"Serbian Times","image":{"@type":"ImageObject","@id":"https:\/\/serbiantimes.info\/en\/the-court-announced-the-dismissal-of-dr-dugalic-i-am-overjoyed-to-return-to-my-team-and-my-patients\/#authorImage","url":"https:\/\/secure.gravatar.com\/avatar\/ea76e009769270b4193e2bc7e032c096b4ae135483ec03b396fd0f520bc3dcfd?s=96&d=mm&r=g","width":96,"height":96,"caption":"Serbian Times"}},{"@type":"WebPage","@id":"https:\/\/serbiantimes.info\/en\/the-court-announced-the-dismissal-of-dr-dugalic-i-am-overjoyed-to-return-to-my-team-and-my-patients\/#webpage","url":"https:\/\/serbiantimes.info\/en\/the-court-announced-the-dismissal-of-dr-dugalic-i-am-overjoyed-to-return-to-my-team-and-my-patients\/","name":"THE COURT ANNOUNCED THE DISMISSAL OF DR DUGALI\u0106: \u201cI am overjoyed to return to my team and my patients\u201d | Serbiantimes.info EN","description":"The First Basic Court in Belgrade annulled the annex to the contract by which Dr. Vladimir Dugali\u0107 was dismissed from the position of head of the First Surgical Clinic as illegal, said lawyer Mila Tomanovi\u0107. \"The result of this decision will be the return of Dr. Dugali\u0107 to the position of head, after the judgment","inLanguage":"en-US","isPartOf":{"@id":"https:\/\/serbiantimes.info\/en\/#website"},"breadcrumb":{"@id":"https:\/\/serbiantimes.info\/en\/the-court-announced-the-dismissal-of-dr-dugalic-i-am-overjoyed-to-return-to-my-team-and-my-patients\/#breadcrumblist"},"author":{"@id":"https:\/\/serbiantimes.info\/en\/author\/serbiantimes-portal\/#author"},"creator":{"@id":"https:\/\/serbiantimes.info\/en\/author\/serbiantimes-portal\/#author"},"image":{"@type":"ImageObject","url":"https:\/\/serbiantimes.info\/en\/wp-content\/uploads\/sites\/2\/2025\/09\/image-1200x750-2-13.png","@id":"https:\/\/serbiantimes.info\/en\/the-court-announced-the-dismissal-of-dr-dugalic-i-am-overjoyed-to-return-to-my-team-and-my-patients\/#mainImage","width":1200,"height":750},"primaryImageOfPage":{"@id":"https:\/\/serbiantimes.info\/en\/the-court-announced-the-dismissal-of-dr-dugalic-i-am-overjoyed-to-return-to-my-team-and-my-patients\/#mainImage"},"datePublished":"2025-09-19T20:12:26+02:00","dateModified":"2025-09-19T20:12:28+02:00"},{"@type":"WebSite","@id":"https:\/\/serbiantimes.info\/en\/#website","url":"https:\/\/serbiantimes.info\/en\/","name":"Serbiantimes.info EN","inLanguage":"en-US","publisher":{"@id":"https:\/\/serbiantimes.info\/en\/#organization"}}]},"og:locale":"en_US","og:site_name":"Serbiantimes.info EN |","og:type":"article","og:title":"THE COURT ANNOUNCED THE DISMISSAL OF DR DUGALI\u0106: \u201cI am overjoyed to return to my team and my patients\u201d | Serbiantimes.info EN","og:description":"The First Basic Court in Belgrade annulled the annex to the contract by which Dr. Vladimir Dugali\u0107 was dismissed from the position of head of the First Surgical Clinic as illegal, said lawyer Mila Tomanovi\u0107. &quot;The result of this decision will be the return of Dr. Dugali\u0107 to the position of head, after the judgment","og:url":"https:\/\/serbiantimes.info\/en\/the-court-announced-the-dismissal-of-dr-dugalic-i-am-overjoyed-to-return-to-my-team-and-my-patients\/","og:image":"https:\/\/serbiantimes.info\/en\/wp-content\/uploads\/sites\/2\/2025\/09\/image-1200x750-2-13.png","og:image:secure_url":"https:\/\/serbiantimes.info\/en\/wp-content\/uploads\/sites\/2\/2025\/09\/image-1200x750-2-13.png","og:image:width":1200,"og:image:height":750,"article:published_time":"2025-09-19T18:12:26+00:00","article:modified_time":"2025-09-19T18:12:28+00:00","twitter:card":"summary_large_image","twitter:title":"THE COURT ANNOUNCED THE DISMISSAL OF DR DUGALI\u0106: \u201cI am overjoyed to return to my team and my patients\u201d | Serbiantimes.info EN","twitter:description":"The First Basic Court in Belgrade annulled the annex to the contract by which Dr. Vladimir Dugali\u0107 was dismissed from the position of head of the First Surgical Clinic as illegal, said lawyer Mila Tomanovi\u0107. &quot;The result of this decision will be the return of Dr. Dugali\u0107 to the position of head, after the judgment","twitter:image":"https:\/\/serbiantimes.info\/en\/wp-content\/uploads\/sites\/2\/2025\/09\/image-1200x750-2-13.png"},"aioseo_meta_data":{"post_id":"187938","title":null,"description":null,"keywords":null,"keyphrases":{"focus":{"keyphrase":"","score":0,"analysis":{"keyphraseInTitle":{"score":0,"maxScore":9,"error":1}}},"additional":[]},"primary_term":null,"canonical_url":null,"og_title":null,"og_description":null,"og_object_type":"default","og_image_type":"default","og_image_url":null,"og_image_width":null,"og_image_height":null,"og_image_custom_url":null,"og_image_custom_fields":null,"og_video":"","og_custom_url":null,"og_article_section":null,"og_article_tags":null,"twitter_use_og":false,"twitter_card":"default","twitter_image_type":"default","twitter_image_url":null,"twitter_image_custom_url":null,"twitter_image_custom_fields":null,"twitter_title":null,"twitter_description":null,"schema":{"blockGraphs":[],"customGraphs":[],"default":{"data":{"Article":[],"Course":[],"Dataset":[],"FAQPage":[],"Movie":[],"Person":[],"Product":[],"ProductReview":[],"Car":[],"Recipe":[],"Service":[],"SoftwareApplication":[],"WebPage":[]},"graphName":"BlogPosting","isEnabled":true},"graphs":[]},"schema_type":"default","schema_type_options":null,"pillar_content":false,"robots_default":true,"robots_noindex":false,"robots_noarchive":false,"robots_nosnippet":false,"robots_nofollow":false,"robots_noimageindex":false,"robots_noodp":false,"robots_notranslate":false,"robots_max_snippet":"-1","robots_max_videopreview":"-1","robots_max_imagepreview":"large","priority":null,"frequency":"default","local_seo":null,"breadcrumb_settings":null,"limit_modified_date":false,"ai":{"faqs":[],"keyPoints":[],"titles":[],"descriptions":[],"socialPosts":{"email":[],"linkedin":[],"twitter":[],"facebook":[],"instagram":[]}},"created":"2025-09-19 18:12:28","updated":"2025-09-19 18:24:00","focus_keyword":null,"additional_keywords":null,"truseo_locale":null,"seo_analyzer_scan_date":null},"aioseo_breadcrumb":"<div class=\"aioseo-breadcrumbs\"><span class=\"aioseo-breadcrumb\">\n\t\t\t<a href=\"https:\/\/serbiantimes.info\/en\" title=\"Home\">Home<\/a>\n\t\t<\/span><span class=\"aioseo-breadcrumb-separator\">&raquo;<\/span><span class=\"aioseo-breadcrumb\">\n\t\t\t<a href=\"https:\/\/serbiantimes.info\/en\/category\/serbia\/\" title=\"SERBIA\">SERBIA<\/a>\n\t\t<\/span><span class=\"aioseo-breadcrumb-separator\">&raquo;<\/span><span class=\"aioseo-breadcrumb\">\n\t\t\tTHE COURT ANNOUNCED THE DISMISSAL OF DR DUGALI\u0106: \u201cI am overjoyed to return to my team and my patients\u201d\n\t\t<\/span><\/div>","aioseo_breadcrumb_json":[{"label":"Home","link":"https:\/\/serbiantimes.info\/en"},{"label":"SERBIA","link":"https:\/\/serbiantimes.info\/en\/category\/serbia\/"},{"label":"THE COURT ANNOUNCED THE DISMISSAL OF DR DUGALI\u0106: &#8220;I am overjoyed to return to my team and my patients&#8221;","link":"https:\/\/serbiantimes.info\/en\/the-court-announced-the-dismissal-of-dr-dugalic-i-am-overjoyed-to-return-to-my-team-and-my-patients\/"}],"distributor_meta":false,"distributor_terms":false,"distributor_media":false,"distributor_original_site_name":"Serbiantimes.info EN","distributor_original_site_url":"https:\/\/serbiantimes.info\/en","push-errors":false,"_links":{"self":[{"href":"https:\/\/serbiantimes.info\/en\/wp-json\/wp\/v2\/posts\/187938","targetHints":{"allow":["GET"]}}],"collection":[{"href":"https:\/\/serbiantimes.info\/en\/wp-json\/wp\/v2\/posts"}],"about":[{"href":"https:\/\/serbiantimes.info\/en\/wp-json\/wp\/v2\/types\/post"}],"author":[{"embeddable":true,"href":"https:\/\/serbiantimes.info\/en\/wp-json\/wp\/v2\/users\/2169"}],"replies":[{"embeddable":true,"href":"https:\/\/serbiantimes.info\/en\/wp-json\/wp\/v2\/comments?post=187938"}],"version-history":[{"count":1,"href":"https:\/\/serbiantimes.info\/en\/wp-json\/wp\/v2\/posts\/187938\/revisions"}],"predecessor-version":[{"id":187947,"href":"https:\/\/serbiantimes.info\/en\/wp-json\/wp\/v2\/posts\/187938\/revisions\/187947"}],"wp:featuredmedia":[{"embeddable":true,"href":"https:\/\/serbiantimes.info\/en\/wp-json\/wp\/v2\/media\/187939"}],"wp:attachment":[{"href":"https:\/\/serbiantimes.info\/en\/wp-json\/wp\/v2\/media?parent=187938"}],"wp:term":[{"taxonomy":"category","embeddable":true,"href":"https:\/\/serbiantimes.info\/en\/wp-json\/wp\/v2\/categories?post=187938"},{"taxonomy":"post_tag","embeddable":true,"href":"https:\/\/serbiantimes.info\/en\/wp-json\/wp\/v2\/tags?post=187938"}],"curies":[{"name":"wp","href":"https:\/\/api.w.org\/{rel}","templated":true}]}}