{"id":187892,"date":"2025-09-19T14:26:17","date_gmt":"2025-09-19T12:26:17","guid":{"rendered":"https:\/\/serbiantimes.info\/en\/?p=187892"},"modified":"2025-09-19T14:27:41","modified_gmt":"2025-09-19T12:27:41","slug":"new-scandal-in-kosovo-vladica-from-gracanicas-car-with-serbian-license-plates-seized","status":"publish","type":"post","link":"https:\/\/serbiantimes.info\/en\/new-scandal-in-kosovo-vladica-from-gracanicas-car-with-serbian-license-plates-seized\/","title":{"rendered":"NEW SCANDAL IN KOSOVO: Vladica from Gra\u010danica&#8217;s car with Serbian license plates seized!"},"content":{"rendered":"\n<p><strong><em>The so-called Kosovo customs seized a car from Vladica \u0106irkovi\u0107 from Gra\u010danica, on the Pri\u0161tina &#8211; Mitrovica road, Radio-televizija Gra\u010danica announced.<\/em><\/strong><\/p>\n\n\n\n<p>\u0106irkovi\u0107 states that he was driving a car he borrowed from his sister and says he was told that by law he cannot drive with a power of attorney and that, after paying the fine, he should report to customs where they will tell him what will happen to the vehicle and the documents that were also confiscated from him.<\/p>\n\n\n\n<p>\u0106irkovi\u0107 stated that he knows that such a measure was announced from November 1st, but that he does not know why at this moment his vehicle, which he had been using every day for eight years, was confiscated.<\/p>\n\n\n\n<p>&#8220;Today I went to Kosovska Mitrovica to enroll my child in the Faculty of Medicine. When I was returning from Kosovska Mitrovica to Gra\u010danica, a customs vehicle stopped me and asked for my documents, where I stopped and gave them the documents, a Serbian power of attorney, a permit and Kosovo documents, a driver&#8217;s license and an ID card. The police told me that from today I cannot drive with a power of attorney,&#8221; said \u0106irkovi\u0107.<\/p>\n\n\n\n<p>He told the customs officers, as he stated, that he did not know that, and that he would not have left if he had known.<\/p>\n\n\n\n<p>&#8220;I heard on television that this measure comes into force on November 1st, and I thought I had a period of time to re-register the vehicle and whatever else is needed. However, they told me to follow them. My daughter was with me, and she was terribly scared, I&#8217;ve already taken her to the doctor twice,&#8221; said \u0106irkovi\u0107.<\/p>\n\n\n\n<p>He said that the owner of the vehicle is his sister and that she also has Kosovo documents.<\/p>\n\n\n\n<p>&#8220;Today they took my car, will they take my child tomorrow? I live on the territory of Kosovo, I work here, I have an eight-member family. I used that vehicle for my personal purposes, for my family, I have a sick sister who has seven stents, if her condition worsens I have to turn to my neighbors. A sick mother, three children, a wife, I really don&#8217;t know what this is leading to, does anyone see this, does anyone know about this, I don&#8217;t know what else to tell you,&#8221; said \u0106irkovi\u0107.<\/p>\n\n\n\n<p>RTV Gra\u010danica notes that \u0106irkovi\u0107&#8217;s car with Belgrade license plates was confiscated.<\/p>\n\n\n\n<h4 class=\"wp-block-heading\"><mark style=\"background-color:#FFFFFF;color:#d21414\" class=\"has-inline-color\">MORE TOPICS:<\/mark><\/h4>\n\n\n\n<p><strong><a href=\"https:\/\/serbiantimes.info\/en\/fled-in-a-car-with-belgrade-license-plates-during-the-night-the-house-of-an-activist-farmer-was-attacked\/\" target=\"_blank\" rel=\"noopener\" title=\"\">FLED IN A CAR WITH BELGRADE LICENSE PLATES: During the night, the house of an activist farmer was attacked!<\/a><\/strong><\/p>\n\n\n\n<p><strong><a href=\"https:\/\/serbiantimes.info\/en\/raduljica-continues-his-sports-career-former-basketball-representative-signed-with-a-football-club\/\" target=\"_blank\" rel=\"noopener\" title=\"\">RADULJICA CONTINUES HIS SPORTS CAREER: Former basketball representative signed with a football club!<\/a><\/strong><\/p>\n\n\n\n<p><strong><a href=\"https:\/\/serbiantimes.info\/en\/there-is-nothing-new-there-vucic-claims-that-he-knows-the-names-on-the-student-list-and-that-the-opposition-will-suffer-a-heavier-defeat-than-last-time\/\" target=\"_blank\" rel=\"noopener\" title=\"\">\u201cTHERE IS NOTHING NEW THERE\u201d: Vu\u010di\u0107 claims that he knows the names on the student list and that \u201cthe opposition will suffer a heavier defeat than last time\u201d!<\/a><\/strong><\/p>\n\n\n\n<p><strong><a href=\"https:\/\/serbiantimes.info\/en\/tragic-news-from-vienna-the-24-year-old-girl-whose-father-nenad-shot-in-the-head-succumbed-to-her-injuries\/\" target=\"_blank\" rel=\"noopener\" title=\"\">TRAGIC NEWS FROM VIENNA: The 24-year-old girl whose father Nenad shot in the head succumbed to her injuries!<\/a><\/strong><\/p>\n\n\n\n<p><strong><a href=\"https:\/\/serbiantimes.info\/en\/vucic-threatened-students-and-citizens-there-is-no-more-conversation-the-color-revolution-is-over\/\" target=\"_blank\" rel=\"noopener\" title=\"\">VU\u010cI\u0106 THREATENED STUDENTS AND CITIZENS: There is no more conversation, the color revolution is over!<\/a><\/strong><\/p>\n\n\n\n<p><strong>Source<\/strong>: Euronews; <strong>Photo<\/strong>: Printscreen Tanjug Video<\/p>\n","protected":false},"excerpt":{"rendered":"<p>The so-called Kosovo customs seized a car from Vladica \u0106irkovi\u0107 from Gra\u010danica, on the Pri\u0161tina &#8211; Mitrovica road, Radio-televizija Gra\u010danica announced. \u0106irkovi\u0107 states that he was driving a car he borrowed from his sister and says he was told that by law he cannot drive with a power of attorney and that, after paying the [&hellip;]<\/p>\n","protected":false},"author":2169,"featured_media":187893,"comment_status":"open","ping_status":"open","sticky":false,"template":"","format":"standard","meta":{"newspack_featured_image_position":"","newspack_post_subtitle":"","newspack_article_summary_title":"Overview:","newspack_article_summary":"","newspack_hide_updated_date":false,"newspack_show_updated_date":false,"footnotes":""},"categories":[7],"tags":[1757,108,109,1198,1199,3677,113],"class_list":["post-187892","post","type-post","status-publish","format-standard","has-post-thumbnail","hentry","category-serbia","tag-kosmet","tag-kosovo","tag-kosovo-i-metohija","tag-kosovska-policija","tag-nasilje-nad-srbima","tag-srbi-na-kosovu","tag-srbija","entry"],"aioseo_notices":[],"distributor_meta":false,"distributor_terms":false,"distributor_media":false,"distributor_original_site_name":"Serbiantimes.info EN","distributor_original_site_url":"https:\/\/serbiantimes.info\/en","push-errors":false,"_links":{"self":[{"href":"https:\/\/serbiantimes.info\/en\/wp-json\/wp\/v2\/posts\/187892","targetHints":{"allow":["GET"]}}],"collection":[{"href":"https:\/\/serbiantimes.info\/en\/wp-json\/wp\/v2\/posts"}],"about":[{"href":"https:\/\/serbiantimes.info\/en\/wp-json\/wp\/v2\/types\/post"}],"author":[{"embeddable":true,"href":"https:\/\/serbiantimes.info\/en\/wp-json\/wp\/v2\/users\/2169"}],"replies":[{"embeddable":true,"href":"https:\/\/serbiantimes.info\/en\/wp-json\/wp\/v2\/comments?post=187892"}],"version-history":[{"count":2,"href":"https:\/\/serbiantimes.info\/en\/wp-json\/wp\/v2\/posts\/187892\/revisions"}],"predecessor-version":[{"id":187915,"href":"https:\/\/serbiantimes.info\/en\/wp-json\/wp\/v2\/posts\/187892\/revisions\/187915"}],"wp:featuredmedia":[{"embeddable":true,"href":"https:\/\/serbiantimes.info\/en\/wp-json\/wp\/v2\/media\/187893"}],"wp:attachment":[{"href":"https:\/\/serbiantimes.info\/en\/wp-json\/wp\/v2\/media?parent=187892"}],"wp:term":[{"taxonomy":"category","embeddable":true,"href":"https:\/\/serbiantimes.info\/en\/wp-json\/wp\/v2\/categories?post=187892"},{"taxonomy":"post_tag","embeddable":true,"href":"https:\/\/serbiantimes.info\/en\/wp-json\/wp\/v2\/tags?post=187892"}],"curies":[{"name":"wp","href":"https:\/\/api.w.org\/{rel}","templated":true}]}}