{"id":186683,"date":"2025-09-05T14:19:00","date_gmt":"2025-09-05T12:19:00","guid":{"rendered":"https:\/\/serbiantimes.info\/en\/?p=186683"},"modified":"2025-09-05T15:25:39","modified_gmt":"2025-09-05T13:25:39","slug":"attack-at-a-german-school-student-stabs-professor-with-a-knife-in-essen-now-on-the-run","status":"publish","type":"post","link":"https:\/\/serbiantimes.info\/en\/attack-at-a-german-school-student-stabs-professor-with-a-knife-in-essen-now-on-the-run\/","title":{"rendered":"ATTACK AT A GERMAN SCHOOL: Student Stabs Professor with a Knife in Essen, Now on the Run!"},"content":{"rendered":"\n<p>A knife attack has occurred at a vocational school in Essen, Germany, and police and emergency services are already at the scene of the attack, writes the German newspaper Bild.<\/p>\n\n\n\n<p>According to information from the Bild newspaper, a student attacked a professor with a knife at an educational center in the Nordviertel district of Essen (North Rhine-Westphalia).<\/p>\n\n\n\n<p>The stab wound was reportedly in the stomach area. The victim is seriously injured and is currently being treated. She is expected to undergo emergency surgery at a university clinic soon. It is not yet known whether her life is in danger.<\/p>\n\n\n\n<hr class=\"wp-block-separator has-alpha-channel-opacity\"\/>\n\n\n\n<h3 class=\"wp-block-heading\">ATTACKER ON THE RUN &#8211; SPECIAL UNITS SEARCHING THE SCHOOL<\/h3>\n\n\n\n<p>The perpetrator is on the run, and it is currently unclear whether he attacked any other people. Police have been on the scene since around 9:30 AM, and the building has been surrounded by heavily armed officers in protective gear.<\/p>\n\n\n\n<p>&#8220;We are on-site with a strong force,&#8221; a police spokesperson stated.<\/p>\n\n\n\n<p>Special units (<strong>SEK<\/strong>), who have just arrived, are expected to search the school premises soon. A police helicopter is also currently circling the complex.<\/p>\n\n\n\n<p>The Essen police have appealed to citizens to widely avoid that part of the city. It is still unclear whether there is a danger of the incident spreading.<\/p>\n\n\n\n<p>The vocational school is located in an educational complex between Bl\u00fccherstrasse, Unzurstrasse, and Altenessenerstrasse in the northern part of Essen. Other schools and educational institutions are also nearby.<\/p>\n\n\n\n<h4 class=\"wp-block-heading\"><mark style=\"background-color:#FFFFFF;color:#d21414\" class=\"has-inline-color\">MORE TOPICS:<\/mark><\/h4>\n\n\n\n<p><strong><a href=\"https:\/\/serbiantimes.info\/en\/basketball-association-spoke-out-here-is-the-condition-of-avramovic-and-vukcevic-after-injuries\/\" target=\"_blank\" rel=\"noopener\" title=\"\">BASKETBALL ASSOCIATION SPOKE OUT: Here is the condition of Avramovi\u0107 and Vuk\u010devi\u0107 after injuries!<\/a><\/strong><\/p>\n\n\n\n<p><strong><a href=\"https:\/\/serbiantimes.info\/en\/ten-people-beat-up-four-because-of-this-clip-masked-thugs-beat-up-war-veterans-video\/\" target=\"_blank\" rel=\"noopener\" title=\"\">TEN PEOPLE BEAT UP FOUR: Because of this clip, masked thugs beat up war veterans! (VIDEO)<\/a><\/strong><\/p>\n\n\n\n<p><strong><a href=\"https:\/\/serbiantimes.info\/en\/nikola-jokic-is-the-best-in-the-world-alperen-sengun-bowed-to-the-serbian-ace-after-an-unreal-game\/\" target=\"_blank\" rel=\"noopener\" title=\"\">\u201cNIKOLA JOKI\u0106 IS THE BEST IN THE WORLD\u201d: Alperen \u015eeng\u00fcn bowed to the Serbian ace after an unreal game!<\/a><\/strong><\/p>\n\n\n\n<p><strong><a href=\"https:\/\/serbiantimes.info\/en\/vice-president-of-america-denied-trump-there-are-no-plans-to-deploy-the-national-guard-in-chicago\/\" target=\"_blank\" rel=\"noopener\" title=\"\">VICE PRESIDENT OF AMERICA DENIED TRUMP: There are no plans to deploy the national guard in Chicago!<\/a><\/strong><\/p>\n\n\n\n<p><strong><a href=\"https:\/\/serbiantimes.info\/en\/vucic-met-with-xi-jinping-you-were-with-us-when-it-was-difficult-for-us-in-the-political-economic-and-medical-sense\/\" target=\"_blank\" rel=\"noopener\" title=\"\">VU\u010cI\u0106 MET WITH XI JINPING: You were with us when it was difficult for us in the political, economic, and medical sense!<\/a><\/strong><\/p>\n\n\n\n<p><strong>Source<\/strong>: Kurir, <strong>Foto:<\/strong> EPA \/ HANNIBAL HANSCHKE<\/p>\n","protected":false},"excerpt":{"rendered":"<p>A knife attack has occurred at a vocational school in Essen, Germany, and police and emergency services are already at the scene of the attack, writes the German newspaper Bild. According to information from the Bild newspaper, a student attacked a professor with a knife at an educational center in the Nordviertel district of Essen [&hellip;]<\/p>\n","protected":false},"author":2169,"featured_media":186684,"comment_status":"open","ping_status":"open","sticky":false,"template":"","format":"standard","meta":{"newspack_featured_image_position":"","newspack_post_subtitle":"","newspack_article_summary_title":"Overview:","newspack_article_summary":"","newspack_hide_updated_date":false,"newspack_show_updated_date":false,"footnotes":""},"categories":[4],"tags":[4949,3764,90,478,8508,1026,262,3024],"class_list":["post-186683","post","type-post","status-publish","format-standard","has-post-thumbnail","hentry","category-breaking","tag-bekstvo","tag-napad-nozem","tag-nemacka","tag-policija","tag-profesorka","tag-skola","tag-tragedija","tag-ucenik","entry"],"aioseo_notices":[],"distributor_meta":false,"distributor_terms":false,"distributor_media":false,"distributor_original_site_name":"Serbiantimes.info EN","distributor_original_site_url":"https:\/\/serbiantimes.info\/en","push-errors":false,"_links":{"self":[{"href":"https:\/\/serbiantimes.info\/en\/wp-json\/wp\/v2\/posts\/186683","targetHints":{"allow":["GET"]}}],"collection":[{"href":"https:\/\/serbiantimes.info\/en\/wp-json\/wp\/v2\/posts"}],"about":[{"href":"https:\/\/serbiantimes.info\/en\/wp-json\/wp\/v2\/types\/post"}],"author":[{"embeddable":true,"href":"https:\/\/serbiantimes.info\/en\/wp-json\/wp\/v2\/users\/2169"}],"replies":[{"embeddable":true,"href":"https:\/\/serbiantimes.info\/en\/wp-json\/wp\/v2\/comments?post=186683"}],"version-history":[{"count":2,"href":"https:\/\/serbiantimes.info\/en\/wp-json\/wp\/v2\/posts\/186683\/revisions"}],"predecessor-version":[{"id":186712,"href":"https:\/\/serbiantimes.info\/en\/wp-json\/wp\/v2\/posts\/186683\/revisions\/186712"}],"wp:featuredmedia":[{"embeddable":true,"href":"https:\/\/serbiantimes.info\/en\/wp-json\/wp\/v2\/media\/186684"}],"wp:attachment":[{"href":"https:\/\/serbiantimes.info\/en\/wp-json\/wp\/v2\/media?parent=186683"}],"wp:term":[{"taxonomy":"category","embeddable":true,"href":"https:\/\/serbiantimes.info\/en\/wp-json\/wp\/v2\/categories?post=186683"},{"taxonomy":"post_tag","embeddable":true,"href":"https:\/\/serbiantimes.info\/en\/wp-json\/wp\/v2\/tags?post=186683"}],"curies":[{"name":"wp","href":"https:\/\/api.w.org\/{rel}","templated":true}]}}