{"id":186680,"date":"2025-09-05T15:27:55","date_gmt":"2025-09-05T13:27:55","guid":{"rendered":"https:\/\/serbiantimes.info\/en\/?p=186680"},"modified":"2025-09-05T15:27:56","modified_gmt":"2025-09-05T13:27:56","slug":"rector-dokic-and-deans-stand-with-students-they-demand-an-end-to-the-media-lynching-of-the-university-and-an-investigation-into-police-brutality","status":"publish","type":"post","link":"https:\/\/serbiantimes.info\/en\/rector-dokic-and-deans-stand-with-students-they-demand-an-end-to-the-media-lynching-of-the-university-and-an-investigation-into-police-brutality\/","title":{"rendered":"RECTOR \u0110OKI\u0106 AND DEANS STAND WITH STUDENTS: They Demand an End to the Media Lynching of the University and an Investigation into Police Brutality!"},"content":{"rendered":"\n<p>The Rector of the University of Belgrade, <strong>Vladan \u0110oki\u0107<\/strong>, as well as the Deans of the Faculty of Political Sciences and the Faculty of Physics, <strong>Maja Kova\u010devi\u0107<\/strong> and <strong>Voja Radovanovi\u0107<\/strong>, have demanded an end to the media lynching of the university community and that peace, tolerance, and dignity be returned to lecture halls and daily life.<\/p>\n\n\n\n<p>In a message published on the Instagram account of the students from the Faculty of Electrical Engineering in blockade, \u0110oki\u0107, Kova\u010devi\u0107, and Radovanovi\u0107 reminded the public that an unprecedented witch hunt against students and professors has been ongoing for months.<\/p>\n\n\n\n<p>Students have been subjected to harassment, attacks, and arrests without cause, the professors added, stating that the university&#8217;s autonomy was brutally violated by the incursion of gendarmes and the deployment of tear gas inside the faculty.<\/p>\n\n\n\n<h4 class=\"wp-block-heading\"><mark style=\"background-color:#FFFFFF;color:#d21414\" class=\"has-inline-color\">READ MORE: <\/mark><\/h4>\n\n\n\n<figure class=\"wp-block-embed is-type-wp-embed is-provider-serbiantimes-info wp-block-embed-serbiantimes-info\"><div class=\"wp-block-embed__wrapper\">\n<blockquote class=\"wp-embedded-content\" data-secret=\"gWricM9pNz\"><a href=\"https:\/\/serbiantimes.info\/heroj-u-prosveti-direktor-skole-iz-rusnja-spasio-skoro-20-nastavnika-od-otkaza-produzio-im-ugovore-pred-smenu\/\">HEROJ U PROSVETI: Direktor \u0161kole iz Ru\u0161nja spasio skoro 20 nastavnika od otkaza, produ\u017eio im ugovore pred smenu!<\/a><\/blockquote><iframe loading=\"lazy\" class=\"wp-embedded-content\" sandbox=\"allow-scripts\" security=\"restricted\" style=\"position: absolute; visibility: hidden;\" title=\"&#132;HEROJ U PROSVETI: Direktor \u0161kole iz Ru\u0161nja spasio skoro 20 nastavnika od otkaza, produ\u017eio im ugovore pred smenu!&#147; &#8212; Serbiantimes.info\" src=\"https:\/\/serbiantimes.info\/heroj-u-prosveti-direktor-skole-iz-rusnja-spasio-skoro-20-nastavnika-od-otkaza-produzio-im-ugovore-pred-smenu\/embed\/#?secret=ZETL7uzVrf#?secret=gWricM9pNz\" data-secret=\"gWricM9pNz\" width=\"500\" height=\"282\" frameborder=\"0\" marginwidth=\"0\" marginheight=\"0\" scrolling=\"no\"><\/iframe>\n<\/div><\/figure>\n\n\n\n<p>We demand an end to the media lynching. We demand an end to the violence. We demand that all cases of police brutality be investigated and that those responsible be sanctioned. We demand that peace, tolerance, and dignity be returned to our lecture halls and our lives, the message concludes.<\/p>\n\n\n\n<h4 class=\"wp-block-heading\"><mark style=\"background-color:#FFFFFF;color:#d21414\" class=\"has-inline-color\">MORE TOPICS:<\/mark><\/h4>\n\n\n\n<p><strong><a href=\"https:\/\/serbiantimes.info\/en\/basketball-association-spoke-out-here-is-the-condition-of-avramovic-and-vukcevic-after-injuries\/\" target=\"_blank\" rel=\"noopener\" title=\"\">BASKETBALL ASSOCIATION SPOKE OUT: Here is the condition of Avramovi\u0107 and Vuk\u010devi\u0107 after injuries!<\/a><\/strong><\/p>\n\n\n\n<p><strong><a href=\"https:\/\/serbiantimes.info\/en\/ten-people-beat-up-four-because-of-this-clip-masked-thugs-beat-up-war-veterans-video\/\" target=\"_blank\" rel=\"noopener\" title=\"\">TEN PEOPLE BEAT UP FOUR: Because of this clip, masked thugs beat up war veterans! (VIDEO)<\/a><\/strong><\/p>\n\n\n\n<p><strong><a href=\"https:\/\/serbiantimes.info\/en\/nikola-jokic-is-the-best-in-the-world-alperen-sengun-bowed-to-the-serbian-ace-after-an-unreal-game\/\" target=\"_blank\" rel=\"noopener\" title=\"\">\u201cNIKOLA JOKI\u0106 IS THE BEST IN THE WORLD\u201d: Alperen \u015eeng\u00fcn bowed to the Serbian ace after an unreal game!<\/a><\/strong><\/p>\n\n\n\n<p><strong><a href=\"https:\/\/serbiantimes.info\/en\/vice-president-of-america-denied-trump-there-are-no-plans-to-deploy-the-national-guard-in-chicago\/\" target=\"_blank\" rel=\"noopener\" title=\"\">VICE PRESIDENT OF AMERICA DENIED TRUMP: There are no plans to deploy the national guard in Chicago!<\/a><\/strong><\/p>\n\n\n\n<p><strong><a href=\"https:\/\/serbiantimes.info\/en\/vucic-met-with-xi-jinping-you-were-with-us-when-it-was-difficult-for-us-in-the-political-economic-and-medical-sense\/\" target=\"_blank\" rel=\"noopener\" title=\"\">VU\u010cI\u0106 MET WITH XI JINPING: You were with us when it was difficult for us in the political, economic, and medical sense!<\/a><\/strong><\/p>\n\n\n\n<p><strong>Source<\/strong>: N1, <strong>Foto:<\/strong> A.K.\/ATAImages&nbsp;<\/p>\n","protected":false},"excerpt":{"rendered":"<p>The Rector of the University of Belgrade, Vladan \u0110oki\u0107, as well as the Deans of the Faculty of Political Sciences and the Faculty of Physics, Maja Kova\u010devi\u0107 and Voja Radovanovi\u0107, have demanded an end to the media lynching of the university community and that peace, tolerance, and dignity be returned to lecture halls and daily [&hellip;]<\/p>\n","protected":false},"author":2169,"featured_media":186681,"comment_status":"open","ping_status":"open","sticky":false,"template":"","format":"standard","meta":{"newspack_featured_image_position":"","newspack_post_subtitle":"","newspack_article_summary_title":"Overview:","newspack_article_summary":"","newspack_hide_updated_date":false,"newspack_show_updated_date":false,"footnotes":""},"categories":[7],"tags":[253,819,8507,319,478,113,2490,3034,6164],"class_list":["post-186680","post","type-post","status-publish","format-standard","has-post-thumbnail","hentry","category-serbia","tag-beograd","tag-fakultet","tag-medijski-linc","tag-nasilje","tag-policija","tag-srbija","tag-studenti","tag-univerzitet","tag-vladan-djokic","entry"],"aioseo_notices":[],"distributor_meta":false,"distributor_terms":false,"distributor_media":false,"distributor_original_site_name":"Serbiantimes.info EN","distributor_original_site_url":"https:\/\/serbiantimes.info\/en","push-errors":false,"_links":{"self":[{"href":"https:\/\/serbiantimes.info\/en\/wp-json\/wp\/v2\/posts\/186680","targetHints":{"allow":["GET"]}}],"collection":[{"href":"https:\/\/serbiantimes.info\/en\/wp-json\/wp\/v2\/posts"}],"about":[{"href":"https:\/\/serbiantimes.info\/en\/wp-json\/wp\/v2\/types\/post"}],"author":[{"embeddable":true,"href":"https:\/\/serbiantimes.info\/en\/wp-json\/wp\/v2\/users\/2169"}],"replies":[{"embeddable":true,"href":"https:\/\/serbiantimes.info\/en\/wp-json\/wp\/v2\/comments?post=186680"}],"version-history":[{"count":3,"href":"https:\/\/serbiantimes.info\/en\/wp-json\/wp\/v2\/posts\/186680\/revisions"}],"predecessor-version":[{"id":186718,"href":"https:\/\/serbiantimes.info\/en\/wp-json\/wp\/v2\/posts\/186680\/revisions\/186718"}],"wp:featuredmedia":[{"embeddable":true,"href":"https:\/\/serbiantimes.info\/en\/wp-json\/wp\/v2\/media\/186681"}],"wp:attachment":[{"href":"https:\/\/serbiantimes.info\/en\/wp-json\/wp\/v2\/media?parent=186680"}],"wp:term":[{"taxonomy":"category","embeddable":true,"href":"https:\/\/serbiantimes.info\/en\/wp-json\/wp\/v2\/categories?post=186680"},{"taxonomy":"post_tag","embeddable":true,"href":"https:\/\/serbiantimes.info\/en\/wp-json\/wp\/v2\/tags?post=186680"}],"curies":[{"name":"wp","href":"https:\/\/api.w.org\/{rel}","templated":true}]}}