{"id":186182,"date":"2025-08-30T14:40:17","date_gmt":"2025-08-30T12:40:17","guid":{"rendered":"https:\/\/serbiantimes.info\/en\/?p=186182"},"modified":"2025-08-30T14:40:18","modified_gmt":"2025-08-30T12:40:18","slug":"latest-details-regarding-bogdans-injury-a-scan-great-danger-but-also-this-important-factor-that-is-encouraging-to-everyone","status":"publish","type":"post","link":"https:\/\/serbiantimes.info\/en\/latest-details-regarding-bogdans-injury-a-scan-great-danger-but-also-this-important-factor-that-is-encouraging-to-everyone\/","title":{"rendered":"LATEST DETAILS REGARDING BOGDAN&#8217;S INJURY: A scan, great danger, but also this important factor that is encouraging to everyone!"},"content":{"rendered":"\n<p><strong><em>Will Bogdan Bogdanovi\u0107 be ready for the rest of EuroBasket? These are the latest details about his injury.<\/em><\/strong><\/p>\n\n\n\n<p>Bogdan Bogdanovi\u0107 is scheduled for a scan (magnetic resonance imaging) this morning in Riga, after which the extent of his injury will be known, and consequently, his further participation in EuroBasket. Of course, this is not a &#8220;field&#8221; where any predictions should be made, so everything will be known in the next few hours.<\/p>\n\n\n\n<p>What is positive in the whole story is the fact that Bogdan did not go for an emergency examination. That would mean that the condition is extremely serious and that a severe injury is suspected. The decision to do everything the next morning offers hope; at the same time, it was all done to get a more precise picture of the hamstring&#8217;s condition.<\/p>\n\n\n\n<p>There is no need to waste words on the importance of Bogdanovi\u0107 for the Serbian team. The captain is a leader on the court, someone with incredible energy, a winner&#8217;s heart, a fighter to the last ounce of strength\u2026 It is clear to everyone that Serbia is not the same national team with Bogdan and without him. That is why we all hope for the most beautiful possible news from Riga, which is expected already during the morning.<\/p>\n\n\n\n<p>We remind you that Serbia is playing its 3rd round match against the EuroBasket host &#8211; Latvia at 5 p.m.<\/p>\n\n\n\n<h4 class=\"wp-block-heading\"><mark style=\"background-color:#FFFFFF;color:#d21414\" class=\"has-inline-color\">MORE TOPICS:<\/mark><\/h4>\n\n\n\n<p><strong><a href=\"https:\/\/serbiantimes.info\/en\/trump-jr-among-serbs-again-our-businessmen-from-chicago-sponsored-a-gala-event-where-the-son-of-the-american-president-spoke-video\/\" target=\"_blank\" rel=\"noopener\" title=\"\">TRUMP JR. AMONG SERBS AGAIN: Our businessmen from Chicago sponsored a gala event where the son of the American president spoke! (VIDEO)<\/a><\/strong><\/p>\n\n\n\n<p><strong><a href=\"https:\/\/serbiantimes.info\/en\/this-was-unexpected-pesic-made-a-decision-before-the-match-with-latvia-that-surprised-everyone-no-one-knows-the-reason\/\" target=\"_blank\" rel=\"noopener\" title=\"\">THIS WAS UNEXPECTED: Pe\u0161i\u0107 made a decision before the match with Latvia that surprised everyone, no one knows the reason!<\/a><\/strong><\/p>\n\n\n\n<p><strong><a href=\"https:\/\/serbiantimes.info\/en\/dokovics-routine-victory-the-serb-easily-defeated-his-regular-opponent-the-briton-norrie-and-broke-his-own-record-along-the-way\/\" target=\"_blank\" rel=\"noopener\" title=\"\">\u0110OKOVI\u0106\u2019S ROUTINE VICTORY: The Serb easily defeated his regular opponent, the Briton Norrie, and broke his own record along the way!<\/a><\/strong><\/p>\n\n\n\n<p><strong><a href=\"https:\/\/serbiantimes.info\/en\/martyrdom-of-a-great-painter-on-this-day-the-ustase-executed-sava-sumanovic\/\" target=\"_blank\" rel=\"noopener\" title=\"\">MARTYRDOM OF A GREAT PAINTER: On this day, the Usta\u0161e executed Sava \u0160umanovi\u0107!<\/a><\/strong><\/p>\n\n\n\n<p><strong><strong>Source<\/strong>: <\/strong>Kurir, <strong>Photo<\/strong>: Ata images<\/p>\n","protected":false},"excerpt":{"rendered":"<p>Will Bogdan Bogdanovi\u0107 be ready for the rest of EuroBasket? These are the latest details about his injury. Bogdan Bogdanovi\u0107 is scheduled for a scan (magnetic resonance imaging) this morning in Riga, after which the extent of his injury will be known, and consequently, his further participation in EuroBasket. Of course, this is not a [&hellip;]<\/p>\n","protected":false},"author":2169,"featured_media":186183,"comment_status":"open","ping_status":"open","sticky":false,"template":"","format":"standard","meta":{"newspack_featured_image_position":"","newspack_post_subtitle":"","newspack_article_summary_title":"Overview:","newspack_article_summary":"","newspack_hide_updated_date":false,"newspack_show_updated_date":false,"footnotes":""},"categories":[10],"tags":[1487,2867,2391,249,188,8436],"class_list":["post-186182","post","type-post","status-publish","format-standard","has-post-thumbnail","hentry","category-sport","tag-bogdan-bogdanovic","tag-evrobasket","tag-evropsko-prvenstvo","tag-kosarka-2","tag-povreda","tag-snimanje","entry"],"aioseo_notices":[],"distributor_meta":false,"distributor_terms":false,"distributor_media":false,"distributor_original_site_name":"Serbiantimes.info EN","distributor_original_site_url":"https:\/\/serbiantimes.info\/en","push-errors":false,"_links":{"self":[{"href":"https:\/\/serbiantimes.info\/en\/wp-json\/wp\/v2\/posts\/186182","targetHints":{"allow":["GET"]}}],"collection":[{"href":"https:\/\/serbiantimes.info\/en\/wp-json\/wp\/v2\/posts"}],"about":[{"href":"https:\/\/serbiantimes.info\/en\/wp-json\/wp\/v2\/types\/post"}],"author":[{"embeddable":true,"href":"https:\/\/serbiantimes.info\/en\/wp-json\/wp\/v2\/users\/2169"}],"replies":[{"embeddable":true,"href":"https:\/\/serbiantimes.info\/en\/wp-json\/wp\/v2\/comments?post=186182"}],"version-history":[{"count":2,"href":"https:\/\/serbiantimes.info\/en\/wp-json\/wp\/v2\/posts\/186182\/revisions"}],"predecessor-version":[{"id":186212,"href":"https:\/\/serbiantimes.info\/en\/wp-json\/wp\/v2\/posts\/186182\/revisions\/186212"}],"wp:featuredmedia":[{"embeddable":true,"href":"https:\/\/serbiantimes.info\/en\/wp-json\/wp\/v2\/media\/186183"}],"wp:attachment":[{"href":"https:\/\/serbiantimes.info\/en\/wp-json\/wp\/v2\/media?parent=186182"}],"wp:term":[{"taxonomy":"category","embeddable":true,"href":"https:\/\/serbiantimes.info\/en\/wp-json\/wp\/v2\/categories?post=186182"},{"taxonomy":"post_tag","embeddable":true,"href":"https:\/\/serbiantimes.info\/en\/wp-json\/wp\/v2\/tags?post=186182"}],"curies":[{"name":"wp","href":"https:\/\/api.w.org\/{rel}","templated":true}]}}