{"id":186139,"date":"2025-08-29T22:19:54","date_gmt":"2025-08-29T20:19:54","guid":{"rendered":"https:\/\/serbiantimes.info\/en\/?p=186139"},"modified":"2025-08-29T22:19:55","modified_gmt":"2025-08-29T20:19:55","slug":"the-entire-city-of-nis-covered-in-smoke-50-hectares-of-forest-are-burning-two-helicopters-are-extinguishing-the-fire-its-hard-to-breathe-in-the-city","status":"publish","type":"post","link":"https:\/\/serbiantimes.info\/en\/the-entire-city-of-nis-covered-in-smoke-50-hectares-of-forest-are-burning-two-helicopters-are-extinguishing-the-fire-its-hard-to-breathe-in-the-city\/","title":{"rendered":"THE ENTIRE CITY OF NI\u0160 COVERED IN SMOKE: 50 hectares of forest are burning, two helicopters are extinguishing the fire, it&#8217;s hard to breathe in the city!"},"content":{"rendered":"\n<p><strong><em>A large fire broke out today a little before 2 p.m. in the village of Jasenovik near Ni\u0161.<\/em><\/strong><\/p>\n\n\n\n<p>The fire started in a pine forest and quickly spread to an area of 50 hectares. Extinguishing the fire is made difficult by the fact that the fire has engulfed an inaccessible terrain with poor access roads, so helicopter units were called for help.<\/p>\n\n\n\n<p>The fire is being fought by 17 firefighter-rescuers from the VSJ Ni\u0161 with seven vehicles, the &#8220;Stevan Sin\u0111eli\u0107&#8221; Volunteer Fire Department, four firefighters with a vehicle, and three workers from &#8220;Srbija \u0161ume.&#8221;<\/p>\n\n\n\n<p>The firefighters have also set up a temporary pool so that the helicopters can get water from it because there are no bodies of water or running water anywhere nearby. One helicopter has arrived at the scene, and a second one is also expected. The firefighters are making great efforts to get the fire under control, but the strong wind is making their job difficult.<\/p>\n\n\n\n<p>The smoke has reached Ni\u0161 and has led to significant air pollution, making it hard to breathe in a large part of the city.<\/p>\n\n\n\n<h4 class=\"wp-block-heading\"><mark style=\"background-color:#FFFFFF;color:#d21414\" class=\"has-inline-color\">MORE TOPICS:<\/mark><\/h4>\n\n\n\n<p><strong><a href=\"https:\/\/serbiantimes.info\/en\/serbian-diaspora-reacted-to-vucics-letter-to-the-financial-times-police-brutality-is-a-constant-feature-of-his-rule\/\" target=\"_blank\" rel=\"noopener\" title=\"\">SERBIAN DIASPORA REACTED TO VU\u010cI\u0106\u2019S LETTER TO THE FINANCIAL TIMES: \u201cPolice brutality is a constant feature of his rule\u201d<\/a><\/strong><\/p>\n\n\n\n<p><strong><a href=\"https:\/\/serbiantimes.info\/en\/column-kovacevic-kari-and-12-avengers-in-pursuit-of-the-first-serbian-gold-since-indianapolis\/\" target=\"_blank\" rel=\"noopener\" title=\"\">COLUMN, KOVA\u010cEVI\u0106: Kari and 12 Avengers in pursuit of the first Serbian gold since Indianapolis!<\/a><\/strong><\/p>\n\n\n\n<p><strong><a href=\"https:\/\/serbiantimes.info\/en\/because-of-love-and-basketball-he-became-a-serb-a-german-from-hamburg-converted-to-orthodoxy-speaks-serbian-perfectly\/\" target=\"_blank\" rel=\"noopener\" title=\"\">BECAUSE OF LOVE AND BASKETBALL, HE BECAME A SERB: A German from Hamburg converted to Orthodoxy, speaks Serbian perfectly!<\/a><\/strong><\/p>\n\n\n\n<p><strong><a href=\"https:\/\/serbiantimes.info\/en\/they-broke-all-records-leskovac-residents-made-a-90-kilogram-pljeskavica-at-rostiljijada-foto\/\" target=\"_blank\" rel=\"noopener\" title=\"\">THEY BROKE ALL RECORDS: Leskovac residents made a 90-kilogram pljeskavica at Ro\u0161tiljijada! (FOTO)<\/a><\/strong><\/p>\n\n\n\n<p><strong><a href=\"https:\/\/serbiantimes.info\/en\/serbia-rejoice-adriana-vilagos-is-the-vice-champion-of-the-diamond-league-in-zurich\/\" target=\"_blank\" rel=\"noopener\" title=\"\">SERBIA, REJOICE! Adriana Vilago\u0161 is the vice-champion of the Diamond League in Zurich!<\/a><\/strong><\/p>\n\n\n\n<p><strong><a href=\"https:\/\/serbiantimes.info\/en\/truth-always-finds-a-way-misa-baculov-released-sent-a-clear-message-video\/\" target=\"_blank\" rel=\"noopener\" title=\"\">\u201cTRUTH ALWAYS FINDS A WAY\u201d: Mi\u0161a Ba\u010dulov released, sent a clear message! (VIDEO)<\/a><\/strong><\/p>\n\n\n\n<p><strong><strong>Source<\/strong><\/strong>: Nova.rs; <strong>Photo<\/strong>: Printscreen YouTube<\/p>\n","protected":false},"excerpt":{"rendered":"<p>A large fire broke out today a little before 2 p.m. in the village of Jasenovik near Ni\u0161. The fire started in a pine forest and quickly spread to an area of 50 hectares. Extinguishing the fire is made difficult by the fact that the fire has engulfed an inaccessible terrain with poor access roads, [&hellip;]<\/p>\n","protected":false},"author":2169,"featured_media":186140,"comment_status":"open","ping_status":"open","sticky":false,"template":"","format":"standard","meta":{"newspack_featured_image_position":"","newspack_post_subtitle":"","newspack_article_summary_title":"Overview:","newspack_article_summary":"","newspack_hide_updated_date":false,"newspack_show_updated_date":false,"footnotes":""},"categories":[7],"tags":[1060,2853,113,6339,1157],"class_list":["post-186139","post","type-post","status-publish","format-standard","has-post-thumbnail","hentry","category-serbia","tag-nis","tag-pozar","tag-srbija","tag-sumski-pozar","tag-vatrogasci","entry"],"aioseo_notices":[],"distributor_meta":false,"distributor_terms":false,"distributor_media":false,"distributor_original_site_name":"Serbiantimes.info EN","distributor_original_site_url":"https:\/\/serbiantimes.info\/en","push-errors":false,"_links":{"self":[{"href":"https:\/\/serbiantimes.info\/en\/wp-json\/wp\/v2\/posts\/186139","targetHints":{"allow":["GET"]}}],"collection":[{"href":"https:\/\/serbiantimes.info\/en\/wp-json\/wp\/v2\/posts"}],"about":[{"href":"https:\/\/serbiantimes.info\/en\/wp-json\/wp\/v2\/types\/post"}],"author":[{"embeddable":true,"href":"https:\/\/serbiantimes.info\/en\/wp-json\/wp\/v2\/users\/2169"}],"replies":[{"embeddable":true,"href":"https:\/\/serbiantimes.info\/en\/wp-json\/wp\/v2\/comments?post=186139"}],"version-history":[{"count":1,"href":"https:\/\/serbiantimes.info\/en\/wp-json\/wp\/v2\/posts\/186139\/revisions"}],"predecessor-version":[{"id":186149,"href":"https:\/\/serbiantimes.info\/en\/wp-json\/wp\/v2\/posts\/186139\/revisions\/186149"}],"wp:featuredmedia":[{"embeddable":true,"href":"https:\/\/serbiantimes.info\/en\/wp-json\/wp\/v2\/media\/186140"}],"wp:attachment":[{"href":"https:\/\/serbiantimes.info\/en\/wp-json\/wp\/v2\/media?parent=186139"}],"wp:term":[{"taxonomy":"category","embeddable":true,"href":"https:\/\/serbiantimes.info\/en\/wp-json\/wp\/v2\/categories?post=186139"},{"taxonomy":"post_tag","embeddable":true,"href":"https:\/\/serbiantimes.info\/en\/wp-json\/wp\/v2\/tags?post=186139"}],"curies":[{"name":"wp","href":"https:\/\/api.w.org\/{rel}","templated":true}]}}