{"id":186114,"date":"2025-08-29T16:35:02","date_gmt":"2025-08-29T14:35:02","guid":{"rendered":"https:\/\/serbiantimes.info\/en\/?p=186114"},"modified":"2025-08-29T16:35:04","modified_gmt":"2025-08-29T14:35:04","slug":"serbian-diaspora-reacted-to-vucics-letter-to-the-financial-times-police-brutality-is-a-constant-feature-of-his-rule","status":"publish","type":"post","link":"https:\/\/serbiantimes.info\/en\/serbian-diaspora-reacted-to-vucics-letter-to-the-financial-times-police-brutality-is-a-constant-feature-of-his-rule\/","title":{"rendered":"SERBIAN DIASPORA REACTED TO VU\u010cI\u0106&#8217;S LETTER TO THE FINANCIAL TIMES: &#8220;Police brutality is a constant feature of his rule&#8221;"},"content":{"rendered":"\n<p class=\"wp-block-paragraph\"><strong><em>Representatives of the Serbian diaspora who support the students in the blockade sent a response to the Financial Times to the letter from Serbian President Aleksandar Vu\u010di\u0107 to the British newspaper, stating that he made a series of untruths in an attempt to deceive the European public and stay in power.<\/em><\/strong><\/p>\n\n\n\n<p class=\"wp-block-paragraph\">In the letter, sent yesterday to the editorial board of the Financial Times, editors Roula Khalaf and Southeast Europe correspondent Marton Dunai, representatives of 18 Serbian diaspora groups stated that Vu\u010di\u0107&#8217;s letter to the Financial Times is &#8220;the latest attempt by a faltering autocrat to stay in power.&#8221;<\/p>\n\n\n\n<p class=\"wp-block-paragraph\">&#8220;Mr. Vu\u010di\u0107 has enjoyed the indulgence of European leaders for too long, many of whom are driven by fear of regional instability. Since 2012, Vu\u010di\u0107 has played both the role of a pyromaniac and the role of a firefighter. The citizens of Serbia hope that the European public now recognizes his authoritarian methods and stands with them in building a free, democratic, and modern Serbia,&#8221; the diaspora representatives stated.<\/p>\n\n\n\n<p class=\"wp-block-paragraph\">Regarding Vu\u010di\u0107&#8217;s letter, with which he responded to last week&#8217;s column in the Financial Times, the diaspora representatives, among other things, deny the Serbian president&#8217;s claim that his government &#8220;has always sought to negotiate in good faith.&#8221;<\/p>\n\n\n\n<p class=\"wp-block-paragraph\">&#8220;That claim is a great exaggeration, given that since coming to power in 2012, he has persistently refused open debate, suppressed parliamentary opposition, and silenced dissenting voices, through intimidation and almost complete control over the media structure in the country,&#8221; the letter from the united diaspora, published on the social network X, states.<\/p>\n\n\n\n<p class=\"wp-block-paragraph\">It adds that &#8220;the latest manifestation of the tightening of media control is Vu\u010di\u0107&#8217;s order, through the leadership of the state-owned company Telekom Serbia and United Group, to remove the director (of United Media, Aleksandra Suboti\u0107) who is in charge of several remaining independent media outlets, which was confirmed by a leaked audio recording.&#8221;<\/p>\n\n\n\n<p class=\"wp-block-paragraph\">&#8220;After 13 years of almost complete control over every institution and local community, the people of Serbia are rising again to say &#8216;Enough,&#8217; and what Vu\u010di\u0107 characterizes as efforts aimed at &#8216;inciting unrest and violence&#8217; are actually peaceful protests, whose participants have been repeatedly attacked by his loyalists, many of whom have criminal records,&#8221; the diaspora states in the letter.<\/p>\n\n\n\n<p class=\"wp-block-paragraph\">The diaspora groups that support the rebellious students point out to the Financial Times that &#8220;the Serbian police forces, which are far from protecting citizens, stand idly by, or even worse &#8211; actively participate in the repression.&#8221;<\/p>\n\n\n\n<p class=\"wp-block-paragraph\">&#8220;Police brutality has been a constant feature of his rule since 2012. All that time, Mr. Vu\u010di\u0107 has mobilized state security and intelligence forces to intimidate dissenters. The Security Information Agency (BIA) has summoned students and their parents for &#8216;informal&#8217; interrogations, detained dozens of young people on false charges of attempting to overthrow the constitutional order, and singled out individuals based on their religious or national identity,&#8221; it is stated.<\/p>\n\n\n\n<p class=\"wp-block-paragraph\">It adds that since December 2024, more than 1,000 people have been unlawfully detained, that many of them have been beaten and abused, and that some Serbs have fled abroad, seeking safety from persecution.<\/p>\n\n\n\n<p class=\"wp-block-paragraph\">Regarding Vu\u010di\u0107&#8217;s claim in the letter to the Financial Times that his government &#8220;took significant steps to address citizens&#8217; concerns after the tragedy in Novi Sad,&#8221; the diaspora points out that the collapse of the canopy on November 1, 2024, in which 16 people lost their lives, &#8220;is not just a tragedy, but the result of severe negligence and corruption at the highest levels, in which both Mr. Vu\u010di\u0107 and ministers in the Serbian Government participated.&#8221;<\/p>\n\n\n\n<p class=\"wp-block-paragraph\">&#8220;The only &#8216;steps&#8217; taken were the arrests of whistleblowers who exposed these corrupt practices. Moreover, Mr. Vu\u010di\u0107 pardoned individuals who attacked peaceful demonstrators, including a group that brutally beat and severely injured a female student in Novi Sad,&#8221; the diaspora representatives stated.<\/p>\n\n\n\n<p class=\"wp-block-paragraph\">The united Serbian diaspora adds at the end of the letter that Serbia is at a crossroads.<\/p>\n\n\n\n<p class=\"wp-block-paragraph\">&#8220;The citizens of Serbia have shown courage by demanding accountability; now it is up to everyone to recognize their struggle and to ensure that the country&#8217;s path is not defined by repression, but by the principles of democracy, freedom, and modern governance,&#8221; warns 18 Serbian diaspora groups.<\/p>\n\n\n\n<p class=\"wp-block-paragraph\">The letter to the Financial Times was signed by the following groups: Paris 11:52, London with the students, Berlin with the students, Blockade Vienna, Netherlands 11:52, Switzerland 11:52, Spain 11:52, Thumbs Up Belgium, Frankfurt with the students, New York with the students, Washington with the students, San Francisco with the students, Boston with the students, Los Angeles in support of the students, Citizens&#8217; Assembly Toronto, Montreal with the students, Perth with the students, and Svi\u0106e Diaspora.<\/p>\n\n\n\n<p class=\"wp-block-paragraph\">In last week&#8217;s column, to which Vu\u010di\u0107 reacted with a letter, the Financial Times stated that Europe &#8220;must increase pressure on the Serbian president to be more accountable and to hold truly fair elections, in order to avoid a deeper democratic backsliding.&#8221;<\/p>\n\n\n\n<p class=\"wp-block-paragraph\">While the U.S. appears to have left the Balkan area for now, the EU and Great Britain have not, but they have appeased Vu\u010di\u0107 for too long, the newspaper stated and added that Brussels and London should act and use their economic influence.<\/p>\n\n\n\n<p class=\"wp-block-paragraph\">&#8220;If they don&#8217;t, and Serbia continues on an authoritarian path, it will not only be Vu\u010di\u0107&#8217;s fault, but also his Western supporters who look away,&#8221; the London daily stated.<\/p>\n\n\n\n<p class=\"wp-block-paragraph\"><mark style=\"background-color:#FFFFFF;color:#d21414\" class=\"has-inline-color\">MORE TOPICS:<\/mark><\/p>\n\n\n\n<p class=\"wp-block-paragraph\"><strong><a href=\"https:\/\/serbiantimes.info\/en\/column-kovacevic-kari-and-12-avengers-in-pursuit-of-the-first-serbian-gold-since-indianapolis\/\" target=\"_blank\" rel=\"noopener\" title=\"\">COLUMN, KOVA\u010cEVI\u0106: Kari and 12 Avengers in pursuit of the first Serbian gold since Indianapolis!<\/a><\/strong><\/p>\n\n\n\n<p class=\"wp-block-paragraph\"><strong><a href=\"https:\/\/serbiantimes.info\/en\/because-of-love-and-basketball-he-became-a-serb-a-german-from-hamburg-converted-to-orthodoxy-speaks-serbian-perfectly\/\" target=\"_blank\" rel=\"noopener\" title=\"\">BECAUSE OF LOVE AND BASKETBALL, HE BECAME A SERB: A German from Hamburg converted to Orthodoxy, speaks Serbian perfectly!<\/a><\/strong><\/p>\n\n\n\n<p class=\"wp-block-paragraph\"><strong><a href=\"https:\/\/serbiantimes.info\/en\/they-broke-all-records-leskovac-residents-made-a-90-kilogram-pljeskavica-at-rostiljijada-foto\/\" target=\"_blank\" rel=\"noopener\" title=\"\">THEY BROKE ALL RECORDS: Leskovac residents made a 90-kilogram pljeskavica at Ro\u0161tiljijada! (FOTO)<\/a><\/strong><\/p>\n\n\n\n<p class=\"wp-block-paragraph\"><strong><a href=\"https:\/\/serbiantimes.info\/en\/serbia-rejoice-adriana-vilagos-is-the-vice-champion-of-the-diamond-league-in-zurich\/\" target=\"_blank\" rel=\"noopener\" title=\"\">SERBIA, REJOICE! Adriana Vilago\u0161 is the vice-champion of the Diamond League in Zurich!<\/a><\/strong><\/p>\n\n\n\n<p class=\"wp-block-paragraph\"><strong><a href=\"https:\/\/serbiantimes.info\/en\/drama-at-the-u-s-open-jelena-dokic-was-commentating-on-a-match-and-ended-up-in-the-hospital-she-needs-to-have-surgery-foto\/\" target=\"_blank\" rel=\"noopener\" title=\"\">DRAMA AT THE U.S. OPEN: Jelena Doki\u0107 was commentating on a match and ended up in the hospital, she needs to have surgery! (FOTO)<\/a><\/strong><a href=\"https:\/\/n1info.rs\/vesti\/foto-saslusavanja-trojice-privedenih-u-novom-sadu-skup-ispred-suda\/\" target=\"_blank\" rel=\"noreferrer noopener\"><\/a><\/p>\n\n\n\n<p class=\"wp-block-paragraph\"><strong><strong>Source<\/strong>:&nbsp;<\/strong>Nova.rs, <strong>Photo:<\/strong> F.S.\/ATAImages<\/p>\n","protected":false},"excerpt":{"rendered":"<p>Representatives of the Serbian diaspora who support the students in the blockade sent a response to the Financial Times to the letter from Serbian President Aleksandar Vu\u010di\u0107 to the British newspaper, stating that he made a series of untruths in an attempt to deceive the European public and stay in power. In the letter, sent [&hellip;]<\/p>\n","protected":false},"author":2169,"featured_media":185289,"comment_status":"open","ping_status":"open","sticky":false,"template":"","format":"standard","meta":{"newspack_featured_image_position":"","newspack_post_subtitle":"","newspack_article_summary_title":"Overview:","newspack_article_summary":"","newspack_hide_updated_date":false,"newspack_show_updated_date":false,"footnotes":""},"categories":[5],"tags":[856,8376,3228,876,674,113,295,4837],"class_list":["post-186114","post","type-post","status-publish","format-standard","has-post-thumbnail","hentry","category-diaspora","tag-aleksandar-vucic","tag-fajnensel-tajms","tag-pismo","tag-politika","tag-protesti","tag-srbija","tag-srpska-dijaspora","tag-studenti-u-blokadi","entry"],"aioseo_notices":[],"aioseo_head":"\n\t\t<!-- All in One SEO 5.0.1.1 - aioseo.com -->\n\t<meta name=\"description\" content=\"Representatives of the Serbian diaspora who support the students in the blockade sent a response to the Financial Times to the letter from Serbian President Aleksandar Vu\u010di\u0107 to the British newspaper, stating that he made a series of untruths in an attempt to deceive the European public and stay in power. In the letter, sent\" \/>\n\t<meta name=\"robots\" content=\"max-image-preview:large\" \/>\n\t<meta name=\"author\" content=\"Serbian Times\"\/>\n\t<link rel=\"canonical\" href=\"https:\/\/serbiantimes.info\/en\/serbian-diaspora-reacted-to-vucics-letter-to-the-financial-times-police-brutality-is-a-constant-feature-of-his-rule\/\" \/>\n\t<meta name=\"generator\" content=\"All in One SEO (AIOSEO) 5.0.1.1\" \/>\n\t\t<meta property=\"og:locale\" content=\"en_US\" \/>\n\t\t<meta property=\"og:site_name\" content=\"Serbiantimes.info EN |\" \/>\n\t\t<meta property=\"og:type\" content=\"article\" \/>\n\t\t<meta property=\"og:title\" content=\"SERBIAN DIASPORA REACTED TO VU\u010cI\u0106\u2019S LETTER TO THE FINANCIAL TIMES: \u201cPolice brutality is a constant feature of his rule\u201d | Serbiantimes.info EN\" \/>\n\t\t<meta property=\"og:description\" content=\"Representatives of the Serbian diaspora who support the students in the blockade sent a response to the Financial Times to the letter from Serbian President Aleksandar Vu\u010di\u0107 to the British newspaper, stating that he made a series of untruths in an attempt to deceive the European public and stay in power. In the letter, sent\" \/>\n\t\t<meta property=\"og:url\" content=\"https:\/\/serbiantimes.info\/en\/serbian-diaspora-reacted-to-vucics-letter-to-the-financial-times-police-brutality-is-a-constant-feature-of-his-rule\/\" \/>\n\t\t<meta property=\"og:image\" content=\"https:\/\/serbiantimes.info\/en\/wp-content\/uploads\/sites\/2\/2025\/08\/image-1200x750-7-9.png\" \/>\n\t\t<meta property=\"og:image:secure_url\" content=\"https:\/\/serbiantimes.info\/en\/wp-content\/uploads\/sites\/2\/2025\/08\/image-1200x750-7-9.png\" \/>\n\t\t<meta property=\"og:image:width\" content=\"1200\" \/>\n\t\t<meta property=\"og:image:height\" content=\"750\" \/>\n\t\t<meta property=\"article:published_time\" content=\"2025-08-29T14:35:02+00:00\" \/>\n\t\t<meta property=\"article:modified_time\" content=\"2025-08-29T14:35:04+00:00\" \/>\n\t\t<meta name=\"twitter:card\" content=\"summary_large_image\" \/>\n\t\t<meta name=\"twitter:title\" content=\"SERBIAN DIASPORA REACTED TO VU\u010cI\u0106\u2019S LETTER TO THE FINANCIAL TIMES: \u201cPolice brutality is a constant feature of his rule\u201d | Serbiantimes.info EN\" \/>\n\t\t<meta name=\"twitter:description\" content=\"Representatives of the Serbian diaspora who support the students in the blockade sent a response to the Financial Times to the letter from Serbian President Aleksandar Vu\u010di\u0107 to the British newspaper, stating that he made a series of untruths in an attempt to deceive the European public and stay in power. In the letter, sent\" \/>\n\t\t<meta name=\"twitter:image\" content=\"https:\/\/serbiantimes.info\/en\/wp-content\/uploads\/sites\/2\/2025\/08\/image-1200x750-7-9.png\" \/>\n\t\t<script type=\"application\/ld+json\" class=\"aioseo-schema\">\n\t\t\t{\"@context\":\"https:\\\/\\\/schema.org\",\"@graph\":[{\"@type\":\"BlogPosting\",\"@id\":\"https:\\\/\\\/serbiantimes.info\\\/en\\\/serbian-diaspora-reacted-to-vucics-letter-to-the-financial-times-police-brutality-is-a-constant-feature-of-his-rule\\\/#blogposting\",\"name\":\"SERBIAN DIASPORA REACTED TO VU\\u010cI\\u0106\\u2019S LETTER TO THE FINANCIAL TIMES: \\u201cPolice brutality is a constant feature of his rule\\u201d | Serbiantimes.info EN\",\"headline\":\"SERBIAN DIASPORA REACTED TO VU\\u010cI\\u0106&#8217;S LETTER TO THE FINANCIAL TIMES: &#8220;Police brutality is a constant feature of his rule&#8221;\",\"author\":{\"@id\":\"https:\\\/\\\/serbiantimes.info\\\/en\\\/author\\\/serbiantimes-portal\\\/#author\"},\"publisher\":{\"@id\":\"https:\\\/\\\/serbiantimes.info\\\/en\\\/#organization\"},\"image\":{\"@type\":\"ImageObject\",\"url\":\"https:\\\/\\\/serbiantimes.info\\\/en\\\/wp-content\\\/uploads\\\/sites\\\/2\\\/2025\\\/08\\\/image-1200x750-7-9.png\",\"width\":1200,\"height\":750},\"datePublished\":\"2025-08-29T16:35:02+02:00\",\"dateModified\":\"2025-08-29T16:35:04+02:00\",\"inLanguage\":\"en-US\",\"mainEntityOfPage\":{\"@id\":\"https:\\\/\\\/serbiantimes.info\\\/en\\\/serbian-diaspora-reacted-to-vucics-letter-to-the-financial-times-police-brutality-is-a-constant-feature-of-his-rule\\\/#webpage\"},\"isPartOf\":{\"@id\":\"https:\\\/\\\/serbiantimes.info\\\/en\\\/serbian-diaspora-reacted-to-vucics-letter-to-the-financial-times-police-brutality-is-a-constant-feature-of-his-rule\\\/#webpage\"},\"articleSection\":\"DIASPORA, Aleksandar Vu\\u010di\\u0107, fajnen\\u0161el tajms, pismo, politika, protesti, Srbija, srpska dijaspora, studenti u blokadi\"},{\"@type\":\"BreadcrumbList\",\"@id\":\"https:\\\/\\\/serbiantimes.info\\\/en\\\/serbian-diaspora-reacted-to-vucics-letter-to-the-financial-times-police-brutality-is-a-constant-feature-of-his-rule\\\/#breadcrumblist\",\"itemListElement\":[{\"@type\":\"ListItem\",\"@id\":\"https:\\\/\\\/serbiantimes.info\\\/en#listItem\",\"position\":1,\"name\":\"Home\",\"item\":\"https:\\\/\\\/serbiantimes.info\\\/en\",\"nextItem\":{\"@type\":\"ListItem\",\"@id\":\"https:\\\/\\\/serbiantimes.info\\\/en\\\/category\\\/diaspora\\\/#listItem\",\"name\":\"DIASPORA\"}},{\"@type\":\"ListItem\",\"@id\":\"https:\\\/\\\/serbiantimes.info\\\/en\\\/category\\\/diaspora\\\/#listItem\",\"position\":2,\"name\":\"DIASPORA\",\"item\":\"https:\\\/\\\/serbiantimes.info\\\/en\\\/category\\\/diaspora\\\/\",\"nextItem\":{\"@type\":\"ListItem\",\"@id\":\"https:\\\/\\\/serbiantimes.info\\\/en\\\/serbian-diaspora-reacted-to-vucics-letter-to-the-financial-times-police-brutality-is-a-constant-feature-of-his-rule\\\/#listItem\",\"name\":\"SERBIAN DIASPORA REACTED TO VU\\u010cI\\u0106&#8217;S LETTER TO THE FINANCIAL TIMES: &#8220;Police brutality is a constant feature of his rule&#8221;\"},\"previousItem\":{\"@type\":\"ListItem\",\"@id\":\"https:\\\/\\\/serbiantimes.info\\\/en#listItem\",\"name\":\"Home\"}},{\"@type\":\"ListItem\",\"@id\":\"https:\\\/\\\/serbiantimes.info\\\/en\\\/serbian-diaspora-reacted-to-vucics-letter-to-the-financial-times-police-brutality-is-a-constant-feature-of-his-rule\\\/#listItem\",\"position\":3,\"name\":\"SERBIAN DIASPORA REACTED TO VU\\u010cI\\u0106&#8217;S LETTER TO THE FINANCIAL TIMES: &#8220;Police brutality is a constant feature of his rule&#8221;\",\"previousItem\":{\"@type\":\"ListItem\",\"@id\":\"https:\\\/\\\/serbiantimes.info\\\/en\\\/category\\\/diaspora\\\/#listItem\",\"name\":\"DIASPORA\"}}]},{\"@type\":\"Organization\",\"@id\":\"https:\\\/\\\/serbiantimes.info\\\/en\\\/#organization\",\"name\":\"Serbiantimes.info EN\",\"url\":\"https:\\\/\\\/serbiantimes.info\\\/en\\\/\",\"logo\":{\"@type\":\"ImageObject\",\"url\":\"https:\\\/\\\/serbiantimes.info\\\/en\\\/wp-content\\\/uploads\\\/sites\\\/2\\\/2024\\\/10\\\/cropped-cropped-Serbian-Times-Header-Logo-1.png\",\"@id\":\"https:\\\/\\\/serbiantimes.info\\\/en\\\/serbian-diaspora-reacted-to-vucics-letter-to-the-financial-times-police-brutality-is-a-constant-feature-of-his-rule\\\/#organizationLogo\",\"width\":480,\"height\":100},\"image\":{\"@id\":\"https:\\\/\\\/serbiantimes.info\\\/en\\\/serbian-diaspora-reacted-to-vucics-letter-to-the-financial-times-police-brutality-is-a-constant-feature-of-his-rule\\\/#organizationLogo\"}},{\"@type\":\"Person\",\"@id\":\"https:\\\/\\\/serbiantimes.info\\\/en\\\/author\\\/serbiantimes-portal\\\/#author\",\"url\":\"https:\\\/\\\/serbiantimes.info\\\/en\\\/author\\\/serbiantimes-portal\\\/\",\"name\":\"Serbian Times\",\"image\":{\"@type\":\"ImageObject\",\"@id\":\"https:\\\/\\\/serbiantimes.info\\\/en\\\/serbian-diaspora-reacted-to-vucics-letter-to-the-financial-times-police-brutality-is-a-constant-feature-of-his-rule\\\/#authorImage\",\"url\":\"https:\\\/\\\/secure.gravatar.com\\\/avatar\\\/ea76e009769270b4193e2bc7e032c096b4ae135483ec03b396fd0f520bc3dcfd?s=96&d=mm&r=g\",\"width\":96,\"height\":96,\"caption\":\"Serbian Times\"}},{\"@type\":\"WebPage\",\"@id\":\"https:\\\/\\\/serbiantimes.info\\\/en\\\/serbian-diaspora-reacted-to-vucics-letter-to-the-financial-times-police-brutality-is-a-constant-feature-of-his-rule\\\/#webpage\",\"url\":\"https:\\\/\\\/serbiantimes.info\\\/en\\\/serbian-diaspora-reacted-to-vucics-letter-to-the-financial-times-police-brutality-is-a-constant-feature-of-his-rule\\\/\",\"name\":\"SERBIAN DIASPORA REACTED TO VU\\u010cI\\u0106\\u2019S LETTER TO THE FINANCIAL TIMES: \\u201cPolice brutality is a constant feature of his rule\\u201d | Serbiantimes.info EN\",\"description\":\"Representatives of the Serbian diaspora who support the students in the blockade sent a response to the Financial Times to the letter from Serbian President Aleksandar Vu\\u010di\\u0107 to the British newspaper, stating that he made a series of untruths in an attempt to deceive the European public and stay in power. In the letter, sent\",\"inLanguage\":\"en-US\",\"isPartOf\":{\"@id\":\"https:\\\/\\\/serbiantimes.info\\\/en\\\/#website\"},\"breadcrumb\":{\"@id\":\"https:\\\/\\\/serbiantimes.info\\\/en\\\/serbian-diaspora-reacted-to-vucics-letter-to-the-financial-times-police-brutality-is-a-constant-feature-of-his-rule\\\/#breadcrumblist\"},\"author\":{\"@id\":\"https:\\\/\\\/serbiantimes.info\\\/en\\\/author\\\/serbiantimes-portal\\\/#author\"},\"creator\":{\"@id\":\"https:\\\/\\\/serbiantimes.info\\\/en\\\/author\\\/serbiantimes-portal\\\/#author\"},\"image\":{\"@type\":\"ImageObject\",\"url\":\"https:\\\/\\\/serbiantimes.info\\\/en\\\/wp-content\\\/uploads\\\/sites\\\/2\\\/2025\\\/08\\\/image-1200x750-7-9.png\",\"@id\":\"https:\\\/\\\/serbiantimes.info\\\/en\\\/serbian-diaspora-reacted-to-vucics-letter-to-the-financial-times-police-brutality-is-a-constant-feature-of-his-rule\\\/#mainImage\",\"width\":1200,\"height\":750},\"primaryImageOfPage\":{\"@id\":\"https:\\\/\\\/serbiantimes.info\\\/en\\\/serbian-diaspora-reacted-to-vucics-letter-to-the-financial-times-police-brutality-is-a-constant-feature-of-his-rule\\\/#mainImage\"},\"datePublished\":\"2025-08-29T16:35:02+02:00\",\"dateModified\":\"2025-08-29T16:35:04+02:00\"},{\"@type\":\"WebSite\",\"@id\":\"https:\\\/\\\/serbiantimes.info\\\/en\\\/#website\",\"url\":\"https:\\\/\\\/serbiantimes.info\\\/en\\\/\",\"name\":\"Serbiantimes.info EN\",\"inLanguage\":\"en-US\",\"publisher\":{\"@id\":\"https:\\\/\\\/serbiantimes.info\\\/en\\\/#organization\"}}]}\n\t\t<\/script>\n\t\t<!-- All in One SEO -->\n\n","aioseo_head_json":{"title":"SERBIAN DIASPORA REACTED TO VU\u010cI\u0106\u2019S LETTER TO THE FINANCIAL TIMES: \u201cPolice brutality is a constant feature of his rule\u201d | Serbiantimes.info EN","description":"Representatives of the Serbian diaspora who support the students in the blockade sent a response to the Financial Times to the letter from Serbian President Aleksandar Vu\u010di\u0107 to the British newspaper, stating that he made a series of untruths in an attempt to deceive the European public and stay in power. In the letter, sent","canonical_url":"https:\/\/serbiantimes.info\/en\/serbian-diaspora-reacted-to-vucics-letter-to-the-financial-times-police-brutality-is-a-constant-feature-of-his-rule\/","robots":"max-image-preview:large","keywords":"","webmasterTools":{"miscellaneous":""},"schema":{"@context":"https:\/\/schema.org","@graph":[{"@type":"BlogPosting","@id":"https:\/\/serbiantimes.info\/en\/serbian-diaspora-reacted-to-vucics-letter-to-the-financial-times-police-brutality-is-a-constant-feature-of-his-rule\/#blogposting","name":"SERBIAN DIASPORA REACTED TO VU\u010cI\u0106\u2019S LETTER TO THE FINANCIAL TIMES: \u201cPolice brutality is a constant feature of his rule\u201d | Serbiantimes.info EN","headline":"SERBIAN DIASPORA REACTED TO VU\u010cI\u0106&#8217;S LETTER TO THE FINANCIAL TIMES: &#8220;Police brutality is a constant feature of his rule&#8221;","author":{"@id":"https:\/\/serbiantimes.info\/en\/author\/serbiantimes-portal\/#author"},"publisher":{"@id":"https:\/\/serbiantimes.info\/en\/#organization"},"image":{"@type":"ImageObject","url":"https:\/\/serbiantimes.info\/en\/wp-content\/uploads\/sites\/2\/2025\/08\/image-1200x750-7-9.png","width":1200,"height":750},"datePublished":"2025-08-29T16:35:02+02:00","dateModified":"2025-08-29T16:35:04+02:00","inLanguage":"en-US","mainEntityOfPage":{"@id":"https:\/\/serbiantimes.info\/en\/serbian-diaspora-reacted-to-vucics-letter-to-the-financial-times-police-brutality-is-a-constant-feature-of-his-rule\/#webpage"},"isPartOf":{"@id":"https:\/\/serbiantimes.info\/en\/serbian-diaspora-reacted-to-vucics-letter-to-the-financial-times-police-brutality-is-a-constant-feature-of-his-rule\/#webpage"},"articleSection":"DIASPORA, Aleksandar Vu\u010di\u0107, fajnen\u0161el tajms, pismo, politika, protesti, Srbija, srpska dijaspora, studenti u blokadi"},{"@type":"BreadcrumbList","@id":"https:\/\/serbiantimes.info\/en\/serbian-diaspora-reacted-to-vucics-letter-to-the-financial-times-police-brutality-is-a-constant-feature-of-his-rule\/#breadcrumblist","itemListElement":[{"@type":"ListItem","@id":"https:\/\/serbiantimes.info\/en#listItem","position":1,"name":"Home","item":"https:\/\/serbiantimes.info\/en","nextItem":{"@type":"ListItem","@id":"https:\/\/serbiantimes.info\/en\/category\/diaspora\/#listItem","name":"DIASPORA"}},{"@type":"ListItem","@id":"https:\/\/serbiantimes.info\/en\/category\/diaspora\/#listItem","position":2,"name":"DIASPORA","item":"https:\/\/serbiantimes.info\/en\/category\/diaspora\/","nextItem":{"@type":"ListItem","@id":"https:\/\/serbiantimes.info\/en\/serbian-diaspora-reacted-to-vucics-letter-to-the-financial-times-police-brutality-is-a-constant-feature-of-his-rule\/#listItem","name":"SERBIAN DIASPORA REACTED TO VU\u010cI\u0106&#8217;S LETTER TO THE FINANCIAL TIMES: &#8220;Police brutality is a constant feature of his rule&#8221;"},"previousItem":{"@type":"ListItem","@id":"https:\/\/serbiantimes.info\/en#listItem","name":"Home"}},{"@type":"ListItem","@id":"https:\/\/serbiantimes.info\/en\/serbian-diaspora-reacted-to-vucics-letter-to-the-financial-times-police-brutality-is-a-constant-feature-of-his-rule\/#listItem","position":3,"name":"SERBIAN DIASPORA REACTED TO VU\u010cI\u0106&#8217;S LETTER TO THE FINANCIAL TIMES: &#8220;Police brutality is a constant feature of his rule&#8221;","previousItem":{"@type":"ListItem","@id":"https:\/\/serbiantimes.info\/en\/category\/diaspora\/#listItem","name":"DIASPORA"}}]},{"@type":"Organization","@id":"https:\/\/serbiantimes.info\/en\/#organization","name":"Serbiantimes.info EN","url":"https:\/\/serbiantimes.info\/en\/","logo":{"@type":"ImageObject","url":"https:\/\/serbiantimes.info\/en\/wp-content\/uploads\/sites\/2\/2024\/10\/cropped-cropped-Serbian-Times-Header-Logo-1.png","@id":"https:\/\/serbiantimes.info\/en\/serbian-diaspora-reacted-to-vucics-letter-to-the-financial-times-police-brutality-is-a-constant-feature-of-his-rule\/#organizationLogo","width":480,"height":100},"image":{"@id":"https:\/\/serbiantimes.info\/en\/serbian-diaspora-reacted-to-vucics-letter-to-the-financial-times-police-brutality-is-a-constant-feature-of-his-rule\/#organizationLogo"}},{"@type":"Person","@id":"https:\/\/serbiantimes.info\/en\/author\/serbiantimes-portal\/#author","url":"https:\/\/serbiantimes.info\/en\/author\/serbiantimes-portal\/","name":"Serbian Times","image":{"@type":"ImageObject","@id":"https:\/\/serbiantimes.info\/en\/serbian-diaspora-reacted-to-vucics-letter-to-the-financial-times-police-brutality-is-a-constant-feature-of-his-rule\/#authorImage","url":"https:\/\/secure.gravatar.com\/avatar\/ea76e009769270b4193e2bc7e032c096b4ae135483ec03b396fd0f520bc3dcfd?s=96&d=mm&r=g","width":96,"height":96,"caption":"Serbian Times"}},{"@type":"WebPage","@id":"https:\/\/serbiantimes.info\/en\/serbian-diaspora-reacted-to-vucics-letter-to-the-financial-times-police-brutality-is-a-constant-feature-of-his-rule\/#webpage","url":"https:\/\/serbiantimes.info\/en\/serbian-diaspora-reacted-to-vucics-letter-to-the-financial-times-police-brutality-is-a-constant-feature-of-his-rule\/","name":"SERBIAN DIASPORA REACTED TO VU\u010cI\u0106\u2019S LETTER TO THE FINANCIAL TIMES: \u201cPolice brutality is a constant feature of his rule\u201d | Serbiantimes.info EN","description":"Representatives of the Serbian diaspora who support the students in the blockade sent a response to the Financial Times to the letter from Serbian President Aleksandar Vu\u010di\u0107 to the British newspaper, stating that he made a series of untruths in an attempt to deceive the European public and stay in power. In the letter, sent","inLanguage":"en-US","isPartOf":{"@id":"https:\/\/serbiantimes.info\/en\/#website"},"breadcrumb":{"@id":"https:\/\/serbiantimes.info\/en\/serbian-diaspora-reacted-to-vucics-letter-to-the-financial-times-police-brutality-is-a-constant-feature-of-his-rule\/#breadcrumblist"},"author":{"@id":"https:\/\/serbiantimes.info\/en\/author\/serbiantimes-portal\/#author"},"creator":{"@id":"https:\/\/serbiantimes.info\/en\/author\/serbiantimes-portal\/#author"},"image":{"@type":"ImageObject","url":"https:\/\/serbiantimes.info\/en\/wp-content\/uploads\/sites\/2\/2025\/08\/image-1200x750-7-9.png","@id":"https:\/\/serbiantimes.info\/en\/serbian-diaspora-reacted-to-vucics-letter-to-the-financial-times-police-brutality-is-a-constant-feature-of-his-rule\/#mainImage","width":1200,"height":750},"primaryImageOfPage":{"@id":"https:\/\/serbiantimes.info\/en\/serbian-diaspora-reacted-to-vucics-letter-to-the-financial-times-police-brutality-is-a-constant-feature-of-his-rule\/#mainImage"},"datePublished":"2025-08-29T16:35:02+02:00","dateModified":"2025-08-29T16:35:04+02:00"},{"@type":"WebSite","@id":"https:\/\/serbiantimes.info\/en\/#website","url":"https:\/\/serbiantimes.info\/en\/","name":"Serbiantimes.info EN","inLanguage":"en-US","publisher":{"@id":"https:\/\/serbiantimes.info\/en\/#organization"}}]},"og:locale":"en_US","og:site_name":"Serbiantimes.info EN |","og:type":"article","og:title":"SERBIAN DIASPORA REACTED TO VU\u010cI\u0106\u2019S LETTER TO THE FINANCIAL TIMES: \u201cPolice brutality is a constant feature of his rule\u201d | Serbiantimes.info EN","og:description":"Representatives of the Serbian diaspora who support the students in the blockade sent a response to the Financial Times to the letter from Serbian President Aleksandar Vu\u010di\u0107 to the British newspaper, stating that he made a series of untruths in an attempt to deceive the European public and stay in power. In the letter, sent","og:url":"https:\/\/serbiantimes.info\/en\/serbian-diaspora-reacted-to-vucics-letter-to-the-financial-times-police-brutality-is-a-constant-feature-of-his-rule\/","og:image":"https:\/\/serbiantimes.info\/en\/wp-content\/uploads\/sites\/2\/2025\/08\/image-1200x750-7-9.png","og:image:secure_url":"https:\/\/serbiantimes.info\/en\/wp-content\/uploads\/sites\/2\/2025\/08\/image-1200x750-7-9.png","og:image:width":1200,"og:image:height":750,"article:published_time":"2025-08-29T14:35:02+00:00","article:modified_time":"2025-08-29T14:35:04+00:00","twitter:card":"summary_large_image","twitter:title":"SERBIAN DIASPORA REACTED TO VU\u010cI\u0106\u2019S LETTER TO THE FINANCIAL TIMES: \u201cPolice brutality is a constant feature of his rule\u201d | Serbiantimes.info EN","twitter:description":"Representatives of the Serbian diaspora who support the students in the blockade sent a response to the Financial Times to the letter from Serbian President Aleksandar Vu\u010di\u0107 to the British newspaper, stating that he made a series of untruths in an attempt to deceive the European public and stay in power. In the letter, sent","twitter:image":"https:\/\/serbiantimes.info\/en\/wp-content\/uploads\/sites\/2\/2025\/08\/image-1200x750-7-9.png"},"aioseo_meta_data":{"post_id":"186114","title":null,"description":null,"keywords":null,"keyphrases":{"focus":{"keyphrase":"","score":0,"analysis":{"keyphraseInTitle":{"score":0,"maxScore":9,"error":1}}},"additional":[]},"primary_term":null,"canonical_url":null,"og_title":null,"og_description":null,"og_object_type":"default","og_image_type":"default","og_image_url":null,"og_image_width":null,"og_image_height":null,"og_image_custom_url":null,"og_image_custom_fields":null,"og_video":"","og_custom_url":null,"og_article_section":null,"og_article_tags":null,"twitter_use_og":false,"twitter_card":"default","twitter_image_type":"default","twitter_image_url":null,"twitter_image_custom_url":null,"twitter_image_custom_fields":null,"twitter_title":null,"twitter_description":null,"schema":{"blockGraphs":[],"customGraphs":[],"default":{"data":{"Article":[],"Course":[],"Dataset":[],"FAQPage":[],"Movie":[],"Person":[],"Product":[],"ProductReview":[],"Car":[],"Recipe":[],"Service":[],"SoftwareApplication":[],"WebPage":[]},"graphName":"BlogPosting","isEnabled":true},"graphs":[]},"schema_type":"default","schema_type_options":null,"pillar_content":false,"robots_default":true,"robots_noindex":false,"robots_noarchive":false,"robots_nosnippet":false,"robots_nofollow":false,"robots_noimageindex":false,"robots_noodp":false,"robots_notranslate":false,"robots_max_snippet":"-1","robots_max_videopreview":"-1","robots_max_imagepreview":"large","priority":null,"frequency":"default","local_seo":null,"breadcrumb_settings":null,"limit_modified_date":false,"ai":{"faqs":[],"keyPoints":[],"titles":[],"descriptions":[],"socialPosts":{"email":[],"linkedin":[],"twitter":[],"facebook":[],"instagram":[]}},"created":"2025-08-29 14:31:48","updated":"2025-08-29 14:42:37","focus_keyword":null,"additional_keywords":null,"truseo_locale":null,"seo_analyzer_scan_date":null},"aioseo_breadcrumb":"<div class=\"aioseo-breadcrumbs\"><span class=\"aioseo-breadcrumb\">\n\t\t\t<a href=\"https:\/\/serbiantimes.info\/en\" title=\"Home\">Home<\/a>\n\t\t<\/span><span class=\"aioseo-breadcrumb-separator\">&raquo;<\/span><span class=\"aioseo-breadcrumb\">\n\t\t\t<a href=\"https:\/\/serbiantimes.info\/en\/category\/diaspora\/\" title=\"DIASPORA\">DIASPORA<\/a>\n\t\t<\/span><span class=\"aioseo-breadcrumb-separator\">&raquo;<\/span><span class=\"aioseo-breadcrumb\">\n\t\t\tSERBIAN DIASPORA REACTED TO VU\u010cI\u0106\u2019S LETTER TO THE FINANCIAL TIMES: \u201cPolice brutality is a constant feature of his rule\u201d\n\t\t<\/span><\/div>","aioseo_breadcrumb_json":[{"label":"Home","link":"https:\/\/serbiantimes.info\/en"},{"label":"DIASPORA","link":"https:\/\/serbiantimes.info\/en\/category\/diaspora\/"},{"label":"SERBIAN DIASPORA REACTED TO VU\u010cI\u0106&#8217;S LETTER TO THE FINANCIAL TIMES: &#8220;Police brutality is a constant feature of his rule&#8221;","link":"https:\/\/serbiantimes.info\/en\/serbian-diaspora-reacted-to-vucics-letter-to-the-financial-times-police-brutality-is-a-constant-feature-of-his-rule\/"}],"distributor_meta":false,"distributor_terms":false,"distributor_media":false,"distributor_original_site_name":"Serbiantimes.info EN","distributor_original_site_url":"https:\/\/serbiantimes.info\/en","push-errors":false,"_links":{"self":[{"href":"https:\/\/serbiantimes.info\/en\/wp-json\/wp\/v2\/posts\/186114","targetHints":{"allow":["GET"]}}],"collection":[{"href":"https:\/\/serbiantimes.info\/en\/wp-json\/wp\/v2\/posts"}],"about":[{"href":"https:\/\/serbiantimes.info\/en\/wp-json\/wp\/v2\/types\/post"}],"author":[{"embeddable":true,"href":"https:\/\/serbiantimes.info\/en\/wp-json\/wp\/v2\/users\/2169"}],"replies":[{"embeddable":true,"href":"https:\/\/serbiantimes.info\/en\/wp-json\/wp\/v2\/comments?post=186114"}],"version-history":[{"count":2,"href":"https:\/\/serbiantimes.info\/en\/wp-json\/wp\/v2\/posts\/186114\/revisions"}],"predecessor-version":[{"id":186130,"href":"https:\/\/serbiantimes.info\/en\/wp-json\/wp\/v2\/posts\/186114\/revisions\/186130"}],"wp:featuredmedia":[{"embeddable":true,"href":"https:\/\/serbiantimes.info\/en\/wp-json\/wp\/v2\/media\/185289"}],"wp:attachment":[{"href":"https:\/\/serbiantimes.info\/en\/wp-json\/wp\/v2\/media?parent=186114"}],"wp:term":[{"taxonomy":"category","embeddable":true,"href":"https:\/\/serbiantimes.info\/en\/wp-json\/wp\/v2\/categories?post=186114"},{"taxonomy":"post_tag","embeddable":true,"href":"https:\/\/serbiantimes.info\/en\/wp-json\/wp\/v2\/tags?post=186114"}],"curies":[{"name":"wp","href":"https:\/\/api.w.org\/{rel}","templated":true}]}}