{"id":185749,"date":"2025-08-25T17:48:27","date_gmt":"2025-08-25T15:48:27","guid":{"rendered":"https:\/\/serbiantimes.info\/en\/?p=185749"},"modified":"2025-08-26T17:32:37","modified_gmt":"2025-08-26T15:32:37","slug":"cameroon-in-the-archive-worry-due-to-tijana-convincing-victory-of-serbian-volleyball-players-in-the-shadow-of-the-injury-of-the-best-player-in-the-world","status":"publish","type":"post","link":"https:\/\/serbiantimes.info\/en\/cameroon-in-the-archive-worry-due-to-tijana-convincing-victory-of-serbian-volleyball-players-in-the-shadow-of-the-injury-of-the-best-player-in-the-world\/","title":{"rendered":"CAMEROON IN THE ARCHIVE, WORRY DUE TO TIJANA: Convincing victory of Serbian volleyball players in the shadow of the injury of the best player in the world!"},"content":{"rendered":"\n<p><strong><em>The Serbian women&#8217;s volleyball national team defeated the selection of Cameroon with a score of 3:0 (25:16, 25:17, 25:12) in the second round of the World Championship.<\/em><\/strong><\/p>\n\n\n\n<p>However, what marked this duel was the injury of Tijana Bo\u0161kovi\u0107 in the middle of the second set.<\/p>\n\n\n\n<p>Unfortunately, Tijana injured her ankle, and it is still not known whether she will return to the court until the end of the championship.<\/p>\n\n\n\n<p>In the first round, our national team defeated Ukraine with a maximum score of &#8211; 3:0.<\/p>\n\n\n\n<h4 class=\"wp-block-heading\"><mark style=\"background-color:#FFFFFF;color:#d21414\" class=\"has-inline-color\">MORE TOPICS:<\/mark><\/h4>\n\n\n\n<p><strong><a href=\"https:\/\/serbiantimes.info\/en\/priznanje-u-pravim-rukama-branku-terzicu-srbinu-koji-je-bio-biran-od-dva-americka-predsednika-urucena-karadjordjeva-zvezda\/\" target=\"_blank\" rel=\"noopener\" title=\"\">RECOGNITION IN THE RIGHT HANDS: Branko Terzi\u0107, a Serb who was elected by two American presidents, was awarded the Kara\u0111or\u0111e Star!<\/a><\/strong><\/p>\n\n\n\n<p><strong><a href=\"https:\/\/serbiantimes.info\/en\/column-kovacevic-who-forced-vucic-to-invite-students-to-negotiations\/\" target=\"_blank\" rel=\"noopener\" title=\"\">COLUMN, KOVA\u010cEVI\u0106: Who Forced Vu\u010di\u0107 to Invite Students to Negotiations?<\/a><\/strong><\/p>\n\n\n\n<p><strong><a href=\"https:\/\/serbiantimes.info\/en\/first-challenge-over-the-quest-for-25-begins-djokovic-struggles-in-us-open-opener-blisters-a-bigger-problem-than-his-opponent\/\" target=\"_blank\" rel=\"noopener\" title=\"\">FIRST CHALLENGE OVER, THE QUEST FOR 25 BEGINS! Djokovic Struggles in US Open Opener, Blisters a Bigger Problem Than His Opponent!<\/a><\/strong><\/p>\n\n\n\n<p><strong><a href=\"https:\/\/serbiantimes.info\/en\/silver-shines-like-gold-the-young-serbian-water-polo-players-are-the-vice-champions-of-europe\/\" target=\"_blank\" rel=\"noopener\" title=\"\">SILVER SHINES LIKE GOLD: The young Serbian water polo players are the vice-champions of Europe!<\/a><\/strong><\/p>\n\n\n\n<p><strong><a href=\"https:\/\/serbiantimes.info\/en\/dokovic-after-the-triumph-i-still-have-the-desire-to-fight-i-must-be-grateful-for-a-brilliant-career-video\/\" target=\"_blank\" rel=\"noopener\" title=\"\">\u0110OKOVI\u0106 AFTER THE TRIUMPH: I still have the desire to fight, I must be grateful for a brilliant career! (VIDEO)<\/a><\/strong><\/p>\n\n\n\n<p><strong>Source:<\/strong> Mediji   <strong>Photo: <\/strong>ATA Images<strong><a href=\"https:\/\/serbiantimes.info\/ukrajinski-oligarh-dobio-drzavljanstvo-srbije-dok-je-bio-u-bekstvu-mup-tvrdi-da-je-presudio-nacionalni-interes\/\" title=\"\"><br><\/a><a href=\"https:\/\/serbiantimes.info\/nema-spasa-za-volsa-sud-odbio-brajanov-pokusaj-da-izbegne-sudjenje-za-svirepo-ubistvo-supruge-ane\/\" title=\"\"><br><\/a><a href=\"https:\/\/serbiantimes.info\/direktor-hitne-optuzuje-tehnicare-studenti-demantuju-nisu-odbili-da-pruze-pomoc-vec-da-odu-na-dezurstvo-u-sns-prostorije\/\" title=\"\"><br><\/a><a href=\"https:\/\/serbiantimes.info\/djokovic-nakon-trijumfa-jos-uvek-imam-zelju-da-se-borim-moram-biti-zahvalan-na-sjajnoj-karijeri-video\/\" title=\"\"><br><\/a><\/strong><\/p>\n","protected":false},"excerpt":{"rendered":"<p>The Serbian women&#8217;s volleyball national team defeated the selection of Cameroon with a score of 3:0 (25:16, 25:17, 25:12) in the second round of the World Championship. However, what marked this duel was the injury of Tijana Bo\u0161kovi\u0107 in the middle of the second set. Unfortunately, Tijana injured her ankle, and it is still not [&hellip;]<\/p>\n","protected":false},"author":8,"featured_media":185523,"comment_status":"open","ping_status":"open","sticky":false,"template":"","format":"standard","meta":{"newspack_featured_image_position":"","newspack_post_subtitle":"","newspack_article_summary_title":"Overview:","newspack_article_summary":"","newspack_hide_updated_date":false,"newspack_show_updated_date":false,"footnotes":""},"categories":[10],"tags":[8269,6698],"class_list":["post-185749","post","type-post","status-publish","format-standard","has-post-thumbnail","hentry","category-sport","tag-odbojkasice-srbije","tag-tijana-boskovic","entry"],"aioseo_notices":[],"distributor_meta":false,"distributor_terms":false,"distributor_media":false,"distributor_original_site_name":"Serbiantimes.info EN","distributor_original_site_url":"https:\/\/serbiantimes.info\/en","push-errors":false,"_links":{"self":[{"href":"https:\/\/serbiantimes.info\/en\/wp-json\/wp\/v2\/posts\/185749","targetHints":{"allow":["GET"]}}],"collection":[{"href":"https:\/\/serbiantimes.info\/en\/wp-json\/wp\/v2\/posts"}],"about":[{"href":"https:\/\/serbiantimes.info\/en\/wp-json\/wp\/v2\/types\/post"}],"author":[{"embeddable":true,"href":"https:\/\/serbiantimes.info\/en\/wp-json\/wp\/v2\/users\/8"}],"replies":[{"embeddable":true,"href":"https:\/\/serbiantimes.info\/en\/wp-json\/wp\/v2\/comments?post=185749"}],"version-history":[{"count":1,"href":"https:\/\/serbiantimes.info\/en\/wp-json\/wp\/v2\/posts\/185749\/revisions"}],"predecessor-version":[{"id":185756,"href":"https:\/\/serbiantimes.info\/en\/wp-json\/wp\/v2\/posts\/185749\/revisions\/185756"}],"wp:featuredmedia":[{"embeddable":true,"href":"https:\/\/serbiantimes.info\/en\/wp-json\/wp\/v2\/media\/185523"}],"wp:attachment":[{"href":"https:\/\/serbiantimes.info\/en\/wp-json\/wp\/v2\/media?parent=185749"}],"wp:term":[{"taxonomy":"category","embeddable":true,"href":"https:\/\/serbiantimes.info\/en\/wp-json\/wp\/v2\/categories?post=185749"},{"taxonomy":"post_tag","embeddable":true,"href":"https:\/\/serbiantimes.info\/en\/wp-json\/wp\/v2\/tags?post=185749"}],"curies":[{"name":"wp","href":"https:\/\/api.w.org\/{rel}","templated":true}]}}