{"id":185727,"date":"2025-08-25T15:47:12","date_gmt":"2025-08-25T13:47:12","guid":{"rendered":"https:\/\/serbiantimes.info\/en\/?p=185727"},"modified":"2025-08-25T15:47:15","modified_gmt":"2025-08-25T13:47:15","slug":"no-salvation-for-walshe-court-rejected-brians-attempt-to-avoid-trial-for-the-brutal-murder-of-his-wife-ana","status":"publish","type":"post","link":"https:\/\/serbiantimes.info\/en\/no-salvation-for-walshe-court-rejected-brians-attempt-to-avoid-trial-for-the-brutal-murder-of-his-wife-ana\/","title":{"rendered":"NO SALVATION FOR WALSHE: Court rejected Brian&#8217;s attempt to avoid trial for the brutal murder of his wife Ana!"},"content":{"rendered":"\n<p><strong><em>A Norfolk County Superior Court judge rejected an attempt by Brian Walshe&#8217;s legal team to dismiss the most serious charge against him for the disappearance and alleged murder of his wife in Cohasset, Massachusetts.<\/em><\/strong><\/p>\n\n\n\n<p>Walshe&#8217;s request to dismiss the first-degree murder indictment was denied by Judge Diane Freniere in a decision issued on Tuesday.<\/p>\n\n\n\n<p>Defense attorneys, Larry Tipton and Kelly Porges, argued that the prosecution did not present enough evidence to support the first-degree murder indictment. However, Freniere concluded that the Commonwealth had indeed provided enough reasonable suspicion to justify the indictment. Walshe&#8217;s trial is scheduled for October, almost three years after Ana disappeared and was allegedly killed and dismembered.<\/p>\n\n\n\n<p>Walshe pleaded not guilty to the charges brought against him in connection with his wife&#8217;s disappearance.<\/p>\n\n\n\n<h4 class=\"wp-block-heading\"><mark style=\"background-color:#FFFFFF;color:#d21414\" class=\"has-inline-color\">MORE TOPICS:<\/mark><\/h4>\n\n\n\n<p><strong><a href=\"https:\/\/serbiantimes.info\/en\/priznanje-u-pravim-rukama-branku-terzicu-srbinu-koji-je-bio-biran-od-dva-americka-predsednika-urucena-karadjordjeva-zvezda\/\" target=\"_blank\" rel=\"noopener\" title=\"\">RECOGNITION IN THE RIGHT HANDS: Branko Terzi\u0107, a Serb who was elected by two American presidents, was awarded the Kara\u0111or\u0111e Star!<\/a><\/strong><\/p>\n\n\n\n<p><strong><a href=\"https:\/\/serbiantimes.info\/en\/column-kovacevic-who-forced-vucic-to-invite-students-to-negotiations\/\" target=\"_blank\" rel=\"noopener\" title=\"\">COLUMN, KOVA\u010cEVI\u0106: Who Forced Vu\u010di\u0107 to Invite Students to Negotiations?<\/a><\/strong><\/p>\n\n\n\n<p><strong><a href=\"https:\/\/serbiantimes.info\/en\/first-challenge-over-the-quest-for-25-begins-djokovic-struggles-in-us-open-opener-blisters-a-bigger-problem-than-his-opponent\/\" target=\"_blank\" rel=\"noopener\" title=\"\">FIRST CHALLENGE OVER, THE QUEST FOR 25 BEGINS! Djokovic Struggles in US Open Opener, Blisters a Bigger Problem Than His Opponent!<\/a><\/strong><\/p>\n\n\n\n<p><strong><a href=\"https:\/\/serbiantimes.info\/en\/silver-shines-like-gold-the-young-serbian-water-polo-players-are-the-vice-champions-of-europe\/\" target=\"_blank\" rel=\"noopener\" title=\"\">SILVER SHINES LIKE GOLD: The young Serbian water polo players are the vice-champions of Europe!<\/a><\/strong><\/p>\n\n\n\n<p><strong><a href=\"https:\/\/serbiantimes.info\/en\/dokovic-after-the-triumph-i-still-have-the-desire-to-fight-i-must-be-grateful-for-a-brilliant-career-video\/\" target=\"_blank\" rel=\"noopener\" title=\"\">\u0110OKOVI\u0106 AFTER THE TRIUMPH: I still have the desire to fight, I must be grateful for a brilliant career! (VIDEO)<\/a><\/strong><\/p>\n\n\n\n<p><strong>Source:\u00a0<\/strong><a href=\"https:\/\/www.nbcboston.com\/news\/local\/walshe-motion-to-dismiss-denied\/3794617\/\" target=\"_blank\" rel=\"noopener\" title=\"\">NBC Boston<\/a>, <strong>Photo:<\/strong> Printscreen News Boston<\/p>\n","protected":false},"excerpt":{"rendered":"<p>A Norfolk County Superior Court judge rejected an attempt by Brian Walshe&#8217;s legal team to dismiss the most serious charge against him for the disappearance and alleged murder of his wife in Cohasset, Massachusetts. Walshe&#8217;s request to dismiss the first-degree murder indictment was denied by Judge Diane Freniere in a decision issued on Tuesday. Defense [&hellip;]<\/p>\n","protected":false},"author":2169,"featured_media":185728,"comment_status":"open","ping_status":"open","sticky":false,"template":"","format":"standard","meta":{"newspack_featured_image_position":"","newspack_post_subtitle":"","newspack_article_summary_title":"Overview:","newspack_article_summary":"","newspack_hide_updated_date":false,"newspack_show_updated_date":false,"footnotes":""},"categories":[6],"tags":[71,7992,7993,23,259,260,115],"class_list":["post-185727","post","type-post","status-publish","format-standard","has-post-thumbnail","hentry","category-america","tag-amerika","tag-ana-vols","tag-brajan-vols","tag-sad","tag-sud","tag-sudenje","tag-ubistvo","entry"],"aioseo_notices":[],"distributor_meta":false,"distributor_terms":false,"distributor_media":false,"distributor_original_site_name":"Serbiantimes.info EN","distributor_original_site_url":"https:\/\/serbiantimes.info\/en","push-errors":false,"_links":{"self":[{"href":"https:\/\/serbiantimes.info\/en\/wp-json\/wp\/v2\/posts\/185727","targetHints":{"allow":["GET"]}}],"collection":[{"href":"https:\/\/serbiantimes.info\/en\/wp-json\/wp\/v2\/posts"}],"about":[{"href":"https:\/\/serbiantimes.info\/en\/wp-json\/wp\/v2\/types\/post"}],"author":[{"embeddable":true,"href":"https:\/\/serbiantimes.info\/en\/wp-json\/wp\/v2\/users\/2169"}],"replies":[{"embeddable":true,"href":"https:\/\/serbiantimes.info\/en\/wp-json\/wp\/v2\/comments?post=185727"}],"version-history":[{"count":1,"href":"https:\/\/serbiantimes.info\/en\/wp-json\/wp\/v2\/posts\/185727\/revisions"}],"predecessor-version":[{"id":185732,"href":"https:\/\/serbiantimes.info\/en\/wp-json\/wp\/v2\/posts\/185727\/revisions\/185732"}],"wp:featuredmedia":[{"embeddable":true,"href":"https:\/\/serbiantimes.info\/en\/wp-json\/wp\/v2\/media\/185728"}],"wp:attachment":[{"href":"https:\/\/serbiantimes.info\/en\/wp-json\/wp\/v2\/media?parent=185727"}],"wp:term":[{"taxonomy":"category","embeddable":true,"href":"https:\/\/serbiantimes.info\/en\/wp-json\/wp\/v2\/categories?post=185727"},{"taxonomy":"post_tag","embeddable":true,"href":"https:\/\/serbiantimes.info\/en\/wp-json\/wp\/v2\/tags?post=185727"}],"curies":[{"name":"wp","href":"https:\/\/api.w.org\/{rel}","templated":true}]}}