{"id":185666,"date":"2025-08-25T14:10:52","date_gmt":"2025-08-25T12:10:52","guid":{"rendered":"https:\/\/serbiantimes.info\/en\/?p=185666"},"modified":"2025-08-25T14:10:54","modified_gmt":"2025-08-25T12:10:54","slug":"priznanje-u-pravim-rukama-branku-terzicu-srbinu-koji-je-bio-biran-od-dva-americka-predsednika-urucena-karadjordjeva-zvezda","status":"publish","type":"post","link":"https:\/\/serbiantimes.info\/en\/priznanje-u-pravim-rukama-branku-terzicu-srbinu-koji-je-bio-biran-od-dva-americka-predsednika-urucena-karadjordjeva-zvezda\/","title":{"rendered":"RECOGNITION IN THE RIGHT HANDS: Branko Terzi\u0107, a Serb who was elected by two American presidents, was awarded the Kara\u0111or\u0111e Star!"},"content":{"rendered":"\n<p><strong><em>The Serbian-American community has always represented one of the pillars of the relationship between Serbia and the United States of America. On this occasion, in recognition of his decades-long work and contribution in the field of energy, public utility systems, and infrastructure, the President of the Republic of Serbia, Aleksandar Vu\u010di\u0107, awarded Branko Terzi\u0107 with the Order of the Kara\u0111or\u0111e Star. The decoration was solemnly presented to him on behalf of the president by the Serbian ambassador to the USA, Dragan \u0160utanovac.<\/em><\/strong><\/p>\n\n\n\n<p>Branko Terzi\u0107 is an internationally recognized regulator, consultant, and expert, with more than four decades of experience in the electric power sector, gas and oil industries, hydropower, and water supply. During his rich career, he served as a commissioner of the Public Service Commission of the state of Wisconsin and the federal Federal Energy Regulatory Commission in the USA.<\/p>\n\n\n\n<p>He was also the president, director, and chief executive officer of a holding company listed on the New York Stock Exchange, as well as a regional partner of a renowned international consulting firm in Central and Eastern Europe. On the international stage, he led the Committee of Experts on Clean Energy at the United Nations Economic Commission for Europe.<\/p>\n\n\n\n<p>The decoration of Branko Terzi\u0107 once again confirms the importance of the contribution of the Serbian-American community to strengthening friendly relations between the two countries.<\/p>\n\n\n\n<h4 class=\"wp-block-heading\"><mark style=\"background-color:#FFFFFF;color:#d21414\" class=\"has-inline-color\">MORE TOPICS:<\/mark><\/h4>\n\n\n\n<p><strong><a href=\"https:\/\/serbiantimes.info\/en\/column-kovacevic-who-forced-vucic-to-invite-students-to-negotiations\/\" target=\"_blank\" rel=\"noopener\" title=\"\">COLUMN, KOVA\u010cEVI\u0106: Who Forced Vu\u010di\u0107 to Invite Students to Negotiations?<\/a><\/strong><\/p>\n\n\n\n<p><strong><a href=\"https:\/\/serbiantimes.info\/en\/first-challenge-over-the-quest-for-25-begins-djokovic-struggles-in-us-open-opener-blisters-a-bigger-problem-than-his-opponent\/\" target=\"_blank\" rel=\"noopener\" title=\"\">FIRST CHALLENGE OVER, THE QUEST FOR 25 BEGINS! Djokovic Struggles in US Open Opener, Blisters a Bigger Problem Than His Opponent!<\/a><\/strong><\/p>\n\n\n\n<p><strong><a href=\"https:\/\/serbiantimes.info\/en\/new-arrest-in-kosmet-a-serb-from-zvecan-is-behind-bars-for-an-event-that-took-place-in-may-2023\/\" target=\"_blank\" rel=\"noopener\" title=\"\">NEW ARREST IN KOSMET: A Serb from Zve\u010dan is behind bars for an event that took place in May 2023!<\/a><\/strong><\/p>\n\n\n\n<p><strong><a href=\"https:\/\/serbiantimes.info\/en\/stop-the-privatization-of-national-parks-nis-students-are-organizing-a-protest-serbia-llc\/\" target=\"_blank\" rel=\"noopener\" title=\"\">STOP THE PRIVATIZATION OF NATIONAL PARKS: Ni\u0161 students are organizing a protest \u201cSerbia LLC\u201d!<\/a><\/strong><\/p>\n\n\n\n<p><strong>Source<\/strong>: Politika,\u00a0<strong>Photo:<\/strong>\u00a0Ata images<\/p>\n","protected":false},"excerpt":{"rendered":"<p>The Serbian-American community has always represented one of the pillars of the relationship between Serbia and the United States of America. On this occasion, in recognition of his decades-long work and contribution in the field of energy, public utility systems, and infrastructure, the President of the Republic of Serbia, Aleksandar Vu\u010di\u0107, awarded Branko Terzi\u0107 with [&hellip;]<\/p>\n","protected":false},"author":2169,"featured_media":185667,"comment_status":"open","ping_status":"open","sticky":false,"template":"","format":"standard","meta":{"newspack_featured_image_position":"","newspack_post_subtitle":"","newspack_article_summary_title":"Overview:","newspack_article_summary":"","newspack_hide_updated_date":false,"newspack_show_updated_date":false,"footnotes":""},"categories":[6],"tags":[856,8320,8321,4378,8322,2734,8323],"class_list":["post-185666","post","type-post","status-publish","format-standard","has-post-thumbnail","hentry","category-america","tag-aleksandar-vucic","tag-ambasada-srbije-u-sad","tag-branko-terzic","tag-dragan-sutanovac","tag-karadordeva-zvezda","tag-odlikovanje","tag-potus","entry"],"aioseo_notices":[],"distributor_meta":false,"distributor_terms":false,"distributor_media":false,"distributor_original_site_name":"Serbiantimes.info EN","distributor_original_site_url":"https:\/\/serbiantimes.info\/en","push-errors":false,"_links":{"self":[{"href":"https:\/\/serbiantimes.info\/en\/wp-json\/wp\/v2\/posts\/185666","targetHints":{"allow":["GET"]}}],"collection":[{"href":"https:\/\/serbiantimes.info\/en\/wp-json\/wp\/v2\/posts"}],"about":[{"href":"https:\/\/serbiantimes.info\/en\/wp-json\/wp\/v2\/types\/post"}],"author":[{"embeddable":true,"href":"https:\/\/serbiantimes.info\/en\/wp-json\/wp\/v2\/users\/2169"}],"replies":[{"embeddable":true,"href":"https:\/\/serbiantimes.info\/en\/wp-json\/wp\/v2\/comments?post=185666"}],"version-history":[{"count":1,"href":"https:\/\/serbiantimes.info\/en\/wp-json\/wp\/v2\/posts\/185666\/revisions"}],"predecessor-version":[{"id":185698,"href":"https:\/\/serbiantimes.info\/en\/wp-json\/wp\/v2\/posts\/185666\/revisions\/185698"}],"wp:featuredmedia":[{"embeddable":true,"href":"https:\/\/serbiantimes.info\/en\/wp-json\/wp\/v2\/media\/185667"}],"wp:attachment":[{"href":"https:\/\/serbiantimes.info\/en\/wp-json\/wp\/v2\/media?parent=185666"}],"wp:term":[{"taxonomy":"category","embeddable":true,"href":"https:\/\/serbiantimes.info\/en\/wp-json\/wp\/v2\/categories?post=185666"},{"taxonomy":"post_tag","embeddable":true,"href":"https:\/\/serbiantimes.info\/en\/wp-json\/wp\/v2\/tags?post=185666"}],"curies":[{"name":"wp","href":"https:\/\/api.w.org\/{rel}","templated":true}]}}