{"id":185603,"date":"2025-08-24T14:23:10","date_gmt":"2025-08-24T12:23:10","guid":{"rendered":"https:\/\/serbiantimes.info\/en\/?p=185603"},"modified":"2025-08-24T14:23:11","modified_gmt":"2025-08-24T12:23:11","slug":"albanians-do-whatever-they-want-in-north-mitrovica-the-murals-of-patriarch-pavle-and-metropolitan-amfilohije-have-been-painted-over","status":"publish","type":"post","link":"https:\/\/serbiantimes.info\/en\/albanians-do-whatever-they-want-in-north-mitrovica-the-murals-of-patriarch-pavle-and-metropolitan-amfilohije-have-been-painted-over\/","title":{"rendered":"ALBANIANS DO WHATEVER THEY WANT: In North Mitrovica, the murals of Patriarch Pavle and Metropolitan Amfilohije have been painted over!"},"content":{"rendered":"\n<p><strong><em>The graffiti and murals that had stood for years on the walls of some buildings in North Mitrovica and Zve\u010dan disappeared this morning. The repainting action was carried out by municipal leaders, with police assistance, KoSSev has confirmed.<\/em><\/strong><\/p>\n\n\n\n<p>In the city center, near the roundabout, murals dedicated to Patriarch Pavle and Metropolitan Amfilohije were painted over this morning.<\/p>\n\n\n\n<p>On the same building, on another wall, graffiti with the messages &#8220;Because from here there is no going back, Kosovska Mitrovica,&#8221; as well as graffiti dedicated to the fighters from Ko\u0161are, were also painted over.<\/p>\n\n\n\n<p>This graffiti was also repainted in November of last year.<\/p>\n\n\n\n<p>At that time, the faces and bodies of members of the Army of Serbia and Montenegro from Ko\u0161are were covered with black paint, but the message &#8220;This country is worth dying for&#8221; remained, with the new word &#8220;peace&#8221; added.<\/p>\n\n\n\n<p>This morning, some graffiti in Zve\u010dan was also painted over.<\/p>\n\n\n\n<p>The Kosovo Police for the North region confirmed to KoSSev that the action of repainting the graffiti and murals in North Mitrovica was organized by the Municipality. On the other hand, we were told that police officers assisted the hired workers.<\/p>\n\n\n\n<h4 class=\"wp-block-heading\"><mark style=\"background-color:#FFFFFF;color:#d21414\" class=\"has-inline-color\">MORE TOPICS:<\/mark><\/h4>\n\n\n\n<p><strong><a href=\"https:\/\/serbiantimes.info\/en\/column-kovacevic-who-forced-vucic-to-invite-students-to-negotiations\/\" target=\"_blank\" rel=\"noopener\" title=\"\">COLUMN, KOVA\u010cEVI\u0106: Who Forced Vu\u010di\u0107 to Invite Students to Negotiations?<\/a><\/strong><\/p>\n\n\n\n<p><strong><a href=\"https:\/\/serbiantimes.info\/en\/an-american-married-a-serbian-woman-and-moved-to-belgrade-i-found-happiness-and-family-support-here-video\/\" target=\"_blank\" rel=\"noopener\" title=\"\">AN AMERICAN MARRIED A SERBIAN WOMAN AND MOVED TO BELGRADE: \u201cI found happiness and family support here!\u201d (VIDEO)<\/a><\/strong><\/p>\n\n\n\n<p><strong><a href=\"https:\/\/serbiantimes.info\/en\/serbian-director-triumphed-in-sarajevo-i-dedicate-this-award-to-all-the-mothers-of-students-in-serbia\/\" target=\"_blank\" rel=\"noopener\" title=\"\">SERBIAN DIRECTOR TRIUMPHED IN SARAJEVO: \u201cI dedicate this award to all the mothers of students in Serbia!\u201d<\/a><\/strong><\/p>\n\n\n\n<p><strong><a href=\"https:\/\/serbiantimes.info\/en\/forbes-published-the-annual-list-of-the-highest-paid-tennis-players-dokovic-is-the-only-veteran-among-the-young-ones\/\" target=\"_blank\" rel=\"noopener\" title=\"\">FORBES PUBLISHED THE ANNUAL LIST OF THE HIGHEST-PAID TENNIS PLAYERS: \u0110okovi\u0107 is the only veteran among the young ones!<\/a><\/strong><\/p>\n\n\n\n<p><strong><strong>Source<\/strong>:\u00a0<\/strong>Kossev,\u00a0<strong>Photo:\u00a0<\/strong>Kossev<\/p>\n","protected":false},"excerpt":{"rendered":"<p>The graffiti and murals that had stood for years on the walls of some buildings in North Mitrovica and Zve\u010dan disappeared this morning. The repainting action was carried out by municipal leaders, with police assistance, KoSSev has confirmed. In the city center, near the roundabout, murals dedicated to Patriarch Pavle and Metropolitan Amfilohije were painted [&hellip;]<\/p>\n","protected":false},"author":2169,"featured_media":185604,"comment_status":"open","ping_status":"open","sticky":false,"template":"","format":"standard","meta":{"newspack_featured_image_position":"","newspack_post_subtitle":"","newspack_article_summary_title":"Overview:","newspack_article_summary":"","newspack_hide_updated_date":false,"newspack_show_updated_date":false,"footnotes":""},"categories":[7],"tags":[3019,8302,8303,8304,8305,3075],"class_list":["post-185603","post","type-post","status-publish","format-standard","has-post-thumbnail","hentry","category-serbia","tag-albanci","tag-amfilohije","tag-murali","tag-patrijarh-pavle","tag-provokacija","tag-severna-mitrovica","entry"],"aioseo_notices":[],"distributor_meta":false,"distributor_terms":false,"distributor_media":false,"distributor_original_site_name":"Serbiantimes.info EN","distributor_original_site_url":"https:\/\/serbiantimes.info\/en","push-errors":false,"_links":{"self":[{"href":"https:\/\/serbiantimes.info\/en\/wp-json\/wp\/v2\/posts\/185603","targetHints":{"allow":["GET"]}}],"collection":[{"href":"https:\/\/serbiantimes.info\/en\/wp-json\/wp\/v2\/posts"}],"about":[{"href":"https:\/\/serbiantimes.info\/en\/wp-json\/wp\/v2\/types\/post"}],"author":[{"embeddable":true,"href":"https:\/\/serbiantimes.info\/en\/wp-json\/wp\/v2\/users\/2169"}],"replies":[{"embeddable":true,"href":"https:\/\/serbiantimes.info\/en\/wp-json\/wp\/v2\/comments?post=185603"}],"version-history":[{"count":1,"href":"https:\/\/serbiantimes.info\/en\/wp-json\/wp\/v2\/posts\/185603\/revisions"}],"predecessor-version":[{"id":185630,"href":"https:\/\/serbiantimes.info\/en\/wp-json\/wp\/v2\/posts\/185603\/revisions\/185630"}],"wp:featuredmedia":[{"embeddable":true,"href":"https:\/\/serbiantimes.info\/en\/wp-json\/wp\/v2\/media\/185604"}],"wp:attachment":[{"href":"https:\/\/serbiantimes.info\/en\/wp-json\/wp\/v2\/media?parent=185603"}],"wp:term":[{"taxonomy":"category","embeddable":true,"href":"https:\/\/serbiantimes.info\/en\/wp-json\/wp\/v2\/categories?post=185603"},{"taxonomy":"post_tag","embeddable":true,"href":"https:\/\/serbiantimes.info\/en\/wp-json\/wp\/v2\/tags?post=185603"}],"curies":[{"name":"wp","href":"https:\/\/api.w.org\/{rel}","templated":true}]}}