{"id":185309,"date":"2025-08-20T18:30:04","date_gmt":"2025-08-20T16:30:04","guid":{"rendered":"https:\/\/serbiantimes.info\/en\/?p=185309"},"modified":"2025-08-20T18:30:06","modified_gmt":"2025-08-20T16:30:06","slug":"student-from-valjevo-beaten-up-five-police-officers-beat-me-brutally-thugs-intimidated-my-mother-video","status":"publish","type":"post","link":"https:\/\/serbiantimes.info\/en\/student-from-valjevo-beaten-up-five-police-officers-beat-me-brutally-thugs-intimidated-my-mother-video\/","title":{"rendered":"STUDENT FROM VALJEVO BEATEN UP: Five police officers beat me brutally, thugs intimidated my mother! (VIDEO)"},"content":{"rendered":"\n<p><strong><em>Student Vladimir \u0110or\u0111evi\u0107 from Valjevo was beaten and arrested during a protest in his city, and today he sent a video message from the hospital, describing the details of the brutal attack.<\/em><\/strong><\/p>\n\n\n\n<p>&#8220;This is what happens when you go out to protest to support students and their demands. A group of five guys from Priboj beat me brutally in my hometown. I also told the prosecutor that I grew up with a single mother and worked for a daily wage since I was 13, and I have had two jobs since I was 18. I had neither the time, nor the company, nor the money to participate in any fights. Those guys insulted me, then beat me for two minutes like a carcass until an inspector came to pick me up,&#8221; \u0110or\u0111evi\u0107 said. After the incident, he adds, he was transferred to the police station, where he vomited due to his health condition and asked for help.<\/p>\n\n\n\n<p>&#8220;They gave it to me, I can&#8217;t be ungrateful, but they transferred me to jail afterward. They are charging me with assaulting an official, as well as who knows how many other people they pulled out of bakeries and taxis,&#8221; the student said.<\/p>\n\n\n\n<p>\u0110or\u0111evi\u0107 particularly emphasized the brutality he saw during the arrest.<\/p>\n\n\n\n<figure class=\"wp-block-embed is-type-video is-provider-youtube wp-block-embed-youtube wp-embed-aspect-16-9 wp-has-aspect-ratio\"><div class=\"wp-block-embed__wrapper\">\n<iframe loading=\"lazy\" title=\"Vladimir \u0110or\u0111evi\u0107 student iz Valjeva nam se obratio iz bolnice.Poslu\u0161ajte \u0161ta se de\u0161avalo &quot;one no\u0107i&quot;\" width=\"500\" height=\"281\" src=\"https:\/\/www.youtube.com\/embed\/57-hOD6JNko?feature=oembed\" frameborder=\"0\" allow=\"accelerometer; autoplay; clipboard-write; encrypted-media; gyroscope; picture-in-picture; web-share\" referrerpolicy=\"strict-origin-when-cross-origin\" allowfullscreen><\/iframe>\n<\/div><\/figure>\n\n\n\n<p>&#8220;I have never in my life witnessed such police brutality. There was also a guy who was pulled out of a taxi. They beat him like a horse and wrote down assault on an official. I was driven and transferred to the hospital because of my health condition. All those who beat people in Valjevo will not go unpunished,&#8221; he said.<\/p>\n\n\n\n<p>The student also appealed for the protection of his family, especially his mother.<\/p>\n\n\n\n<p>&#8220;My mother is a single parent and lives in an apartment we took out a loan for five years ago. Now she is there alone, and thugs came to visit and intimidate her. To all of you who think you will succeed in intimidating us with fear and beatings &#8211; you won&#8217;t. The fight continues. The country will be free, sooner or later,&#8221; he said.<\/p>\n\n\n\n<p>The incident in Valjevo caused reactions from the public and the media, while students and citizens continue to demand the protection of their rights and safety at protests.<\/p>\n\n\n\n<h4 class=\"wp-block-heading\"><mark style=\"background-color:#FFFFFF;color:#d21414\" class=\"has-inline-color\">MORE TOPICS:<\/mark><\/h4>\n\n\n\n<p><strong><a href=\"https:\/\/serbiantimes.info\/en\/not-only-a-student-but-also-a-pillar-of-the-family-andrej-tanko-works-and-takes-care-of-his-sick-grandfather-and-mother-arrested-the-day-before-the-exam-video\/\" target=\"_blank\" rel=\"noopener\" title=\"\">NOT ONLY A STUDENT, BUT ALSO A PILLAR OF THE FAMILY: Andrej Tanko works and takes care of his sick grandfather and mother, arrested the day before the exam! (VIDEO)<\/a><\/strong><\/p>\n\n\n\n<p><strong><a href=\"https:\/\/serbiantimes.info\/en\/andela-graduated-in-london-the-serbian-woman-came-to-the-diploma-ceremony-in-folk-costume-with-nemanjic-ducats-video\/\" target=\"_blank\" rel=\"noopener\" title=\"\">AN\u0110ELA GRADUATED IN LONDON: The Serbian woman came to the diploma ceremony in folk costume with Nemanji\u0107 ducats! (VIDEO)<\/a><\/strong><\/p>\n\n\n\n<p><strong><a href=\"https:\/\/serbiantimes.info\/en\/the-mep-addressed-the-serbian-authorities-mr-vucic-learn-that-a-change-of-government-is-part-of-democracy\/\" target=\"_blank\" rel=\"noopener\" title=\"\">THE MEP ADDRESSED THE SERBIAN AUTHORITIES: Mr. Vu\u010di\u0107, learn that a change of government is part of democracy!<\/a><\/strong><\/p>\n\n\n\n<p><strong><a href=\"https:\/\/serbiantimes.info\/en\/dodiks-diplomatic-passport-will-be-confiscated-he-has-15-days-to-return-it\/\" target=\"_blank\" rel=\"noopener\" title=\"\">DODIK\u2019S DIPLOMATIC PASSPORT WILL BE CONFISCATED: He has 15 days to return it!<\/a><\/strong><\/p>\n\n\n\n<p><a href=\"https:\/\/serbiantimes.info\/en\/rector-dokic-sent-a-letter-to-zagorka-dolovac-establishing-the-truth-about-the-students-testimony-is-a-legal-and-moral-obligation\/\"><strong>RECTOR \u0110OKI\u0106 SENT A LETTER TO ZAGORKA DOLOVAC: Establishing the truth about the students\u2019 testimony is a legal and moral obligation!<\/strong><\/a><\/p>\n\n\n\n<p><strong>Source:\u00a0<\/strong>N1, <strong>Photo:<\/strong> Printscreen YouTube \/ Politi\u010dki Globus Srbije<\/p>\n","protected":false},"excerpt":{"rendered":"<p>Student Vladimir \u0110or\u0111evi\u0107 from Valjevo was beaten and arrested during a protest in his city, and today he sent a video message from the hospital, describing the details of the brutal attack. &#8220;This is what happens when you go out to protest to support students and their demands. A group of five guys from Priboj [&hellip;]<\/p>\n","protected":false},"author":2169,"featured_media":185310,"comment_status":"open","ping_status":"open","sticky":false,"template":"","format":"standard","meta":{"newspack_featured_image_position":"","newspack_post_subtitle":"","newspack_article_summary_title":"Overview:","newspack_article_summary":"","newspack_hide_updated_date":false,"newspack_show_updated_date":false,"footnotes":""},"categories":[7],"tags":[478,1495,642,113,1257,1251,6245,15],"class_list":["post-185309","post","type-post","status-publish","format-standard","has-post-thumbnail","hentry","category-serbia","tag-policija","tag-pretnje","tag-protest","tag-srbija","tag-student","tag-tuca","tag-valjevo","tag-video","entry"],"aioseo_notices":[],"distributor_meta":false,"distributor_terms":false,"distributor_media":false,"distributor_original_site_name":"Serbiantimes.info EN","distributor_original_site_url":"https:\/\/serbiantimes.info\/en","push-errors":false,"_links":{"self":[{"href":"https:\/\/serbiantimes.info\/en\/wp-json\/wp\/v2\/posts\/185309","targetHints":{"allow":["GET"]}}],"collection":[{"href":"https:\/\/serbiantimes.info\/en\/wp-json\/wp\/v2\/posts"}],"about":[{"href":"https:\/\/serbiantimes.info\/en\/wp-json\/wp\/v2\/types\/post"}],"author":[{"embeddable":true,"href":"https:\/\/serbiantimes.info\/en\/wp-json\/wp\/v2\/users\/2169"}],"replies":[{"embeddable":true,"href":"https:\/\/serbiantimes.info\/en\/wp-json\/wp\/v2\/comments?post=185309"}],"version-history":[{"count":1,"href":"https:\/\/serbiantimes.info\/en\/wp-json\/wp\/v2\/posts\/185309\/revisions"}],"predecessor-version":[{"id":185314,"href":"https:\/\/serbiantimes.info\/en\/wp-json\/wp\/v2\/posts\/185309\/revisions\/185314"}],"wp:featuredmedia":[{"embeddable":true,"href":"https:\/\/serbiantimes.info\/en\/wp-json\/wp\/v2\/media\/185310"}],"wp:attachment":[{"href":"https:\/\/serbiantimes.info\/en\/wp-json\/wp\/v2\/media?parent=185309"}],"wp:term":[{"taxonomy":"category","embeddable":true,"href":"https:\/\/serbiantimes.info\/en\/wp-json\/wp\/v2\/categories?post=185309"},{"taxonomy":"post_tag","embeddable":true,"href":"https:\/\/serbiantimes.info\/en\/wp-json\/wp\/v2\/tags?post=185309"}],"curies":[{"name":"wp","href":"https:\/\/api.w.org\/{rel}","templated":true}]}}