{"id":185243,"date":"2025-08-20T13:05:22","date_gmt":"2025-08-20T11:05:22","guid":{"rendered":"https:\/\/serbiantimes.info\/en\/?p=185243"},"modified":"2025-08-20T13:05:24","modified_gmt":"2025-08-20T11:05:24","slug":"the-mep-addressed-the-serbian-authorities-mr-vucic-learn-that-a-change-of-government-is-part-of-democracy","status":"publish","type":"post","link":"https:\/\/serbiantimes.info\/en\/the-mep-addressed-the-serbian-authorities-mr-vucic-learn-that-a-change-of-government-is-part-of-democracy\/","title":{"rendered":"THE MEP ADDRESSED THE SERBIAN AUTHORITIES: Mr. Vu\u010di\u0107, learn that a change of government is part of democracy!"},"content":{"rendered":"\n<p><strong><em>MEP Helmut Brandst\u00e4tter says he is made very sad by the images coming from Serbia in recent days, which are characterized by police brutality and clashes with protesters.<\/em><\/strong><\/p>\n\n\n\n<p>He also states that he is disappointed that there was not a sharp enough reaction from the EU to what Serbian President Aleksandar Vu\u010di\u0107 is doing and that this is not fair to either the country or the people.<\/p>\n\n\n\n<p>He pointed out that he sees Vu\u010di\u0107 not trying to unite people, but dividing them, which, according to him, is a characteristic of authoritarian regimes.<\/p>\n\n\n\n<p>&#8220;Students are very important for Serbia; they play a very important role in building democracy. If you are not satisfied with the situation, it means the situation is not good. Students want to fight against corruption and they want the rule of law. I think President Vu\u010di\u0107 is intelligent enough to understand the situation, to do something good for his country, to talk to the students, to invite them to be part of society, and not to divide society. That&#8217;s what authoritarian leaders do, and I think that&#8217;s a big mistake Vu\u010di\u0107 is making right now,&#8221; Brandst\u00e4tter assessed in a statement to N1.<\/p>\n\n\n\n<p>He added that he will talk to the European Council in early September, and that he is in very good contact with the Commissioner for Enlargement, Marta Kosa, who, he says, often speaks very openly about Serbia.<\/p>\n\n\n\n<p>&#8220;I am not saying that the EU is excellent, there is corruption in all countries, but we are fighting against it and it must be very clear that you are fighting against corruption,&#8221; he pointed out.<\/p>\n\n\n\n<p>He told Vu\u010di\u0107 that &#8220;he cannot throw members of parliament in prison.&#8221;<\/p>\n\n\n\n<p>&#8220;That is something that is not done in a democracy. A change of government is part of democracy, and Mr. Vu\u010di\u0107, learn that it is a part of democracy, because we want a democratic Serbia to be a part of the EU,&#8221; Brandst\u00e4tter stated.<\/p>\n\n\n\n<h4 class=\"wp-block-heading\"><mark style=\"background-color:#FFFFFF;color:#d21414\" class=\"has-inline-color\">MORE TOPICS:<\/mark><\/h4>\n\n\n\n<p><strong><a href=\"https:\/\/serbiantimes.info\/en\/the-judge-from-pirot-stood-with-the-demonstrators-he-called-on-prosecutors-to-open-an-investigation-into-police-brutality\/\" target=\"_blank\" rel=\"noopener\" title=\"\">THE JUDGE FROM PIROT STOOD WITH THE DEMONSTRATORS: He called on prosecutors to open an investigation into police brutality!<\/a><\/strong><\/p>\n\n\n\n<p><strong><a href=\"https:\/\/serbiantimes.info\/en\/pesic-on-the-team-spirit-of-the-eagles-this-is-not-the-team-of-jokic-and-bogdanovic-but-ten-players-plus-the-two-of-them\/\" target=\"_blank\" rel=\"noopener\" title=\"\">PE\u0160I\u0106 ON THE TEAM SPIRIT OF THE EAGLES: This is not the team of Joki\u0107 and Bogdanovi\u0107, but ten players plus the two of them!<\/a><\/strong><\/p>\n\n\n\n<p><strong><a href=\"https:\/\/serbiantimes.info\/en\/trump-revealed-details-of-the-plan-for-ukraine-america-will-not-send-soldiers-to-ukraine-despite-the-guarantees\/\" target=\"_blank\" rel=\"noopener\" title=\"\">TRUMP REVEALED DETAILS OF THE PLAN FOR UKRAINE: America will not send soldiers to Ukraine, despite the guarantees!<\/a><\/strong><\/p>\n\n\n\n<p><strong><strong>Source<\/strong>:\u00a0<\/strong>N1, <strong>Photo:<\/strong> Printscreen X<\/p>\n","protected":false},"excerpt":{"rendered":"<p>MEP Helmut Brandst\u00e4tter says he is made very sad by the images coming from Serbia in recent days, which are characterized by police brutality and clashes with protesters. He also states that he is disappointed that there was not a sharp enough reaction from the EU to what Serbian President Aleksandar Vu\u010di\u0107 is doing and [&hellip;]<\/p>\n","protected":false},"author":2169,"featured_media":185244,"comment_status":"open","ping_status":"open","sticky":false,"template":"","format":"standard","meta":{"newspack_featured_image_position":"","newspack_post_subtitle":"","newspack_article_summary_title":"Overview:","newspack_article_summary":"","newspack_hide_updated_date":false,"newspack_show_updated_date":false,"footnotes":""},"categories":[4],"tags":[856,351,7574,73,8216,674,2490],"class_list":["post-185243","post","type-post","status-publish","format-standard","has-post-thumbnail","hentry","category-breaking","tag-aleksandar-vucic","tag-eu","tag-evroposlanik","tag-evropska-unija","tag-helmut-brandsteter","tag-protesti","tag-studenti","entry"],"aioseo_notices":[],"distributor_meta":false,"distributor_terms":false,"distributor_media":false,"distributor_original_site_name":"Serbiantimes.info EN","distributor_original_site_url":"https:\/\/serbiantimes.info\/en","push-errors":false,"_links":{"self":[{"href":"https:\/\/serbiantimes.info\/en\/wp-json\/wp\/v2\/posts\/185243","targetHints":{"allow":["GET"]}}],"collection":[{"href":"https:\/\/serbiantimes.info\/en\/wp-json\/wp\/v2\/posts"}],"about":[{"href":"https:\/\/serbiantimes.info\/en\/wp-json\/wp\/v2\/types\/post"}],"author":[{"embeddable":true,"href":"https:\/\/serbiantimes.info\/en\/wp-json\/wp\/v2\/users\/2169"}],"replies":[{"embeddable":true,"href":"https:\/\/serbiantimes.info\/en\/wp-json\/wp\/v2\/comments?post=185243"}],"version-history":[{"count":1,"href":"https:\/\/serbiantimes.info\/en\/wp-json\/wp\/v2\/posts\/185243\/revisions"}],"predecessor-version":[{"id":185268,"href":"https:\/\/serbiantimes.info\/en\/wp-json\/wp\/v2\/posts\/185243\/revisions\/185268"}],"wp:featuredmedia":[{"embeddable":true,"href":"https:\/\/serbiantimes.info\/en\/wp-json\/wp\/v2\/media\/185244"}],"wp:attachment":[{"href":"https:\/\/serbiantimes.info\/en\/wp-json\/wp\/v2\/media?parent=185243"}],"wp:term":[{"taxonomy":"category","embeddable":true,"href":"https:\/\/serbiantimes.info\/en\/wp-json\/wp\/v2\/categories?post=185243"},{"taxonomy":"post_tag","embeddable":true,"href":"https:\/\/serbiantimes.info\/en\/wp-json\/wp\/v2\/tags?post=185243"}],"curies":[{"name":"wp","href":"https:\/\/api.w.org\/{rel}","templated":true}]}}