{"id":185181,"date":"2025-08-19T13:28:50","date_gmt":"2025-08-19T11:28:50","guid":{"rendered":"https:\/\/serbiantimes.info\/en\/?p=185181"},"modified":"2025-08-19T13:28:51","modified_gmt":"2025-08-19T11:28:51","slug":"the-judge-from-pirot-stood-with-the-demonstrators-he-called-on-prosecutors-to-open-an-investigation-into-police-brutality","status":"publish","type":"post","link":"https:\/\/serbiantimes.info\/en\/the-judge-from-pirot-stood-with-the-demonstrators-he-called-on-prosecutors-to-open-an-investigation-into-police-brutality\/","title":{"rendered":"THE JUDGE FROM PIROT STOOD WITH THE DEMONSTRATORS: He called on prosecutors to open an investigation into police brutality!"},"content":{"rendered":"\n<p><strong><em>The judge of the Basic Court in Pirot, Danijela Kosti\u0107, reacted to the police brutality that the public in Serbia has been witnessing in recent days and shared a photo on social media showing a police officer beating a man lying on the concrete. On the social network Facebook, she wrote that the prosecutor is obliged to react and open a case.<\/em><\/strong><\/p>\n\n\n\n<p>&#8220;Prosecutor, this man lying on the asphalt, handcuffed, is a citizen of this country. You are obligated by law to open a case and investigate. The people pay you, not a political party. A police officer who hits a man who is lying helplessly on the ground is no longer a police officer, but a common bully who has no place among the people who wear the coat of arms of the Republic of Serbia on their chest,&#8221; she wrote.<\/p>\n\n\n\n<p>Let&#8217;s recall, the public has been witnessing scenes of police brutality in recent days. The police are beating and arresting citizens on the streets and trying to break up the protests, even though citizens have the right to peaceful assembly.<\/p>\n\n\n\n<iframe loading=\"lazy\" src=\"https:\/\/www.facebook.com\/plugins\/post.php?href=https%3A%2F%2Fwww.facebook.com%2Fdanijela.kostic.176942%2Fposts%2Fpfbid02sE94xtUCmW6aY2nbVZvPGDne1rpDU1uyv1d71V35bvYjQ8N1UHcoeqBWpM1F2KBXl&#038;show_text=true&#038;width=500\" width=\"500\" height=\"534\" style=\"border:none;overflow:hidden\" scrolling=\"no\" frameborder=\"0\" allowfullscreen=\"true\" allow=\"autoplay; clipboard-write; encrypted-media; picture-in-picture; web-share\"><\/iframe>\n\n\n\n<h3 class=\"wp-block-heading\">What was the reason for citizens taking to the streets?<\/h3>\n\n\n\n<p>The protests started again after, last week, SNS supporters threw pyrotechnics at citizens in Vrbas.<\/p>\n\n\n\n<p>Then, citizens in all cities took to the streets, and there were conflicts between citizens and the police.<\/p>\n\n\n\n<p>There are many videos on social media showing the police beating citizens, even minors, and using excessive force.<\/p>\n\n\n\n<p>Videos of police violence have shocked the public in the region.<\/p>\n\n\n\n<h4 class=\"wp-block-heading\"><mark style=\"background-color:#FFFFFF;color:#d21414\" class=\"has-inline-color\">MORE TOPICS:<\/mark><\/h4>\n\n\n\n<p><strong><a href=\"https:\/\/serbiantimes.info\/en\/pesic-on-the-team-spirit-of-the-eagles-this-is-not-the-team-of-jokic-and-bogdanovic-but-ten-players-plus-the-two-of-them\/\" target=\"_blank\" rel=\"noopener\" title=\"\">PE\u0160I\u0106 ON THE TEAM SPIRIT OF THE EAGLES: This is not the team of Joki\u0107 and Bogdanovi\u0107, but ten players plus the two of them!<\/a><\/strong><\/p>\n\n\n\n<p><strong><a href=\"https:\/\/serbiantimes.info\/en\/a-total-of-19-people-in-custody-three-more-people-arrested-for-demolishing-sns-premises-in-belgrade\/\" target=\"_blank\" rel=\"noopener\" title=\"\">A TOTAL OF 19 PEOPLE IN CUSTODY: Three more people arrested for demolishing SNS premises in Belgrade!<\/a><\/strong><\/p>\n\n\n\n<p><strong><a href=\"https:\/\/serbiantimes.info\/en\/citizens-blocked-the-court-building-in-novi-sad-they-are-demanding-the-release-of-arrested-demonstrators\/\" target=\"_blank\" rel=\"noopener\" title=\"\">CITIZENS BLOCKED THE COURT BUILDING IN NOVI SAD: They are demanding the release of arrested demonstrators!<\/a><\/strong><\/p>\n\n\n\n<p><strong><a href=\"https:\/\/serbiantimes.info\/en\/today-we-celebrate-the-transfiguration-of-the-lord-one-of-the-12-great-christs-feasts-we-all-must-respect-this\/\" target=\"_blank\" rel=\"noopener\" title=\"\">TODAY WE CELEBRATE THE TRANSFIGURATION OF THE LORD: One of the 12 great Christ\u2019s feasts, we all must respect this!<\/a><\/strong><\/p>\n\n\n\n<p><strong><strong>Source<\/strong><\/strong>: Nova.rs; <strong>Photo<\/strong>: ATA Images<\/p>\n","protected":false},"excerpt":{"rendered":"<p>The judge of the Basic Court in Pirot, Danijela Kosti\u0107, reacted to the police brutality that the public in Serbia has been witnessing in recent days and shared a photo on social media showing a police officer beating a man lying on the concrete. On the social network Facebook, she wrote that the prosecutor is [&hellip;]<\/p>\n","protected":false},"author":2169,"featured_media":185182,"comment_status":"open","ping_status":"open","sticky":false,"template":"","format":"standard","meta":{"newspack_featured_image_position":"","newspack_post_subtitle":"","newspack_article_summary_title":"Overview:","newspack_article_summary":"","newspack_hide_updated_date":false,"newspack_show_updated_date":false,"footnotes":""},"categories":[7],"tags":[319,478,8208,5536,113,2490,4837],"class_list":["post-185181","post","type-post","status-publish","format-standard","has-post-thumbnail","hentry","category-serbia","tag-nasilje","tag-policija","tag-policijska-brutalnost","tag-protesti-u-srbiji","tag-srbija","tag-studenti","tag-studenti-u-blokadi","entry"],"aioseo_notices":[],"distributor_meta":false,"distributor_terms":false,"distributor_media":false,"distributor_original_site_name":"Serbiantimes.info EN","distributor_original_site_url":"https:\/\/serbiantimes.info\/en","push-errors":false,"_links":{"self":[{"href":"https:\/\/serbiantimes.info\/en\/wp-json\/wp\/v2\/posts\/185181","targetHints":{"allow":["GET"]}}],"collection":[{"href":"https:\/\/serbiantimes.info\/en\/wp-json\/wp\/v2\/posts"}],"about":[{"href":"https:\/\/serbiantimes.info\/en\/wp-json\/wp\/v2\/types\/post"}],"author":[{"embeddable":true,"href":"https:\/\/serbiantimes.info\/en\/wp-json\/wp\/v2\/users\/2169"}],"replies":[{"embeddable":true,"href":"https:\/\/serbiantimes.info\/en\/wp-json\/wp\/v2\/comments?post=185181"}],"version-history":[{"count":1,"href":"https:\/\/serbiantimes.info\/en\/wp-json\/wp\/v2\/posts\/185181\/revisions"}],"predecessor-version":[{"id":185202,"href":"https:\/\/serbiantimes.info\/en\/wp-json\/wp\/v2\/posts\/185181\/revisions\/185202"}],"wp:featuredmedia":[{"embeddable":true,"href":"https:\/\/serbiantimes.info\/en\/wp-json\/wp\/v2\/media\/185182"}],"wp:attachment":[{"href":"https:\/\/serbiantimes.info\/en\/wp-json\/wp\/v2\/media?parent=185181"}],"wp:term":[{"taxonomy":"category","embeddable":true,"href":"https:\/\/serbiantimes.info\/en\/wp-json\/wp\/v2\/categories?post=185181"},{"taxonomy":"post_tag","embeddable":true,"href":"https:\/\/serbiantimes.info\/en\/wp-json\/wp\/v2\/tags?post=185181"}],"curies":[{"name":"wp","href":"https:\/\/api.w.org\/{rel}","templated":true}]}}