{"id":184809,"date":"2025-08-15T15:20:50","date_gmt":"2025-08-15T13:20:50","guid":{"rendered":"https:\/\/serbiantimes.info\/en\/?p=184809"},"modified":"2025-08-15T15:20:51","modified_gmt":"2025-08-15T13:20:51","slug":"big-problem-for-serbia-pesic-worried-if-one-of-the-best-players-will-be-ready-for-eurobasket","status":"publish","type":"post","link":"https:\/\/serbiantimes.info\/en\/big-problem-for-serbia-pesic-worried-if-one-of-the-best-players-will-be-ready-for-eurobasket\/","title":{"rendered":"BIG PROBLEM FOR SERBIA: Pe\u0161i\u0107 Worried if One of the Best Players Will Be Ready for EuroBasket!"},"content":{"rendered":"\n<p class=\"wp-block-paragraph\">The Serbian basketball team will play in a tournament in Munich before the start of the European Championship (from August 27 to September 14). They might have to go without <strong>Vasilije Mici\u0107<\/strong>. Serbian national team coach <strong>Svetislav Pe\u0161i\u0107<\/strong> spoke about all the health issues and admitted that he is worried.<\/p>\n\n\n\n<p class=\"wp-block-paragraph\">&#8220;We are not in great shape. <strong>Smailagi\u0107<\/strong> and <strong>Trifunovi\u0107<\/strong> are still not ready to train. We are trying to get Vasa back, but it&#8217;s not going according to plan, not how we predicted. Vasa is trying, he&#8217;s making an effort, but he&#8217;s still in pain. We&#8217;ll see, in the next few days, we&#8217;ll have to slowly make some decisions, but generally, the other players are fine. This is the time to train and start playing games. We played a tournament in Cyprus and two friendly games without an audience, and now every game means a lot to us. We have trained enough for this period of preparation for the European Championship,&#8221; Pe\u0161i\u0107 began.<\/p>\n\n\n\n<h4 class=\"wp-block-heading\"><mark style=\"background-color:#FFFFFF;color:#d21414\" class=\"has-inline-color\">FIND OUT MORE: <\/mark><\/h4>\n\n\n\n<figure class=\"wp-block-embed is-type-wp-embed is-provider-serbiantimes-info wp-block-embed-serbiantimes-info\"><div class=\"wp-block-embed__wrapper\">\n<blockquote class=\"wp-embedded-content\" data-secret=\"Wo1VYVoh9R\"><a href=\"https:\/\/serbiantimes.info\/ukrajinci-protiv-trampa-velika-vecina-gradjana-ljuta-na-americkog-predsednika-i-odbacuje-njegov-plan-evo-i-zasto\/\">UKRAJINCI PROTIV TRAMPA: Velika ve\u0107ina gra\u0111ana ljuta na ameri\u010dkog predsednika i odbacuje njegov plan, evo i za\u0161to!<\/a><\/blockquote><iframe loading=\"lazy\" class=\"wp-embedded-content\" sandbox=\"allow-scripts\" security=\"restricted\" style=\"position: absolute; visibility: hidden;\" title=\"&#132;UKRAJINCI PROTIV TRAMPA: Velika ve\u0107ina gra\u0111ana ljuta na ameri\u010dkog predsednika i odbacuje njegov plan, evo i za\u0161to!&#147; &#8212; Serbiantimes.info\" src=\"https:\/\/serbiantimes.info\/ukrajinci-protiv-trampa-velika-vecina-gradjana-ljuta-na-americkog-predsednika-i-odbacuje-njegov-plan-evo-i-zasto\/embed\/#?secret=0rg2y8ysbI#?secret=Wo1VYVoh9R\" data-secret=\"Wo1VYVoh9R\" width=\"500\" height=\"282\" frameborder=\"0\" marginwidth=\"0\" marginheight=\"0\" scrolling=\"no\"><\/iframe>\n<\/div><\/figure>\n\n\n\n<p class=\"wp-block-paragraph\">&#8220;We have this tournament here now, the Supercup. An excellent tournament, good teams, and after that, Slovenia is coming to Belgrade on August 21, and that would be it for official games. We continue to train and work. Of course, these injuries worry us. I have to be completely honest, what worries me the most is whether we will be able to count on <strong>Mici\u0107<\/strong> at all. He is trying, and we are trying to get him back, but it&#8217;s a difficult process,&#8221; Pe\u0161i\u0107 added.<\/p>\n\n\n\n<h4 class=\"wp-block-heading\"><mark><mark style=\"background-color:rgba(0, 0, 0, 0);color:#be3939\" class=\"has-inline-color\">MORE TOPICS:<\/mark><\/mark><\/h4>\n\n\n\n<p class=\"wp-block-paragraph\"><a href=\"https:\/\/serbiantimes.info\/en\/spanish-authorities-show-no-mercy-djokovic-must-demolish-part-of-his-villa-and-pay-a-10000-fine-heres-what-he-did-wrong\/\" target=\"_blank\" rel=\"noopener\" title=\"\"><strong>SPANISH AUTHORITIES SHOW NO MERCY: Djokovic Must Demolish Part of His Villa and Pay a \u20ac10,000 Fine. Here\u2019s What He Did Wrong!<\/strong><\/a><\/p>\n\n\n\n<p class=\"wp-block-paragraph\"><strong><a href=\"https:\/\/serbiantimes.info\/en\/conflict-in-novi-pazar-police-intervene-at-blockade-in-front-of-court-two-students-lightly-injured-video\/\" target=\"_blank\" rel=\"noopener\" title=\"\">CONFLICT IN NOVI PAZAR: Police Intervene at Blockade in Front of Court, Two Students Lightly Injured! (VIDEO)<\/a><\/strong><\/p>\n\n\n\n<p class=\"wp-block-paragraph\"><a href=\"https:\/\/serbiantimes.info\/en\/theres-work-for-those-who-want-it-domestic-workers-wont-work-at-fiat-for-70000-dinars-so-800-workers-are-coming-from-morocco-and-nepal\/\" target=\"_blank\" rel=\"noopener\" title=\"\"><strong>THERE\u2019S WORK FOR THOSE WHO WANT IT: Domestic Workers Won\u2019t Work at Fiat for 70,000 Dinars, So 800 Workers are Coming from Morocco and Nepal!<\/strong><\/a><\/p>\n\n\n\n<p class=\"wp-block-paragraph\"><a href=\"https:\/\/serbiantimes.info\/en\/rod-blagojevich-bidens-sanctions-against-milorad-dodik-should-be-reversed\/\"><strong>ROD BLAGOJEVICH: Biden\u2019s Sanctions Against Milorad Dodik Should Be Reversed!<\/strong><\/a><\/p>\n\n\n\n<p class=\"wp-block-paragraph\"><strong>Source<\/strong>: Mondo,<strong> Foto: <\/strong>Ata images<\/p>\n","protected":false},"excerpt":{"rendered":"<p>The Serbian basketball team will play in a tournament in Munich before the start of the European Championship (from August 27 to September 14). They might have to go without Vasilije Mici\u0107. Serbian national team coach Svetislav Pe\u0161i\u0107 spoke about all the health issues and admitted that he is worried. &#8220;We are not in great [&hellip;]<\/p>\n","protected":false},"author":2169,"featured_media":184810,"comment_status":"open","ping_status":"open","sticky":false,"template":"","format":"standard","meta":{"newspack_featured_image_position":"","newspack_post_subtitle":"","newspack_article_summary_title":"Overview:","newspack_article_summary":"","newspack_hide_updated_date":false,"newspack_show_updated_date":false,"footnotes":""},"categories":[10],"tags":[249,8135,1305,1661],"class_list":["post-184809","post","type-post","status-publish","format-standard","has-post-thumbnail","hentry","category-sport","tag-kosarka-2","tag-kosarkaska-reprezenmtacija-srbije","tag-svetislav-pesic","tag-vasilije-micic","entry"],"aioseo_notices":[],"aioseo_head":"\n\t\t<!-- All in One SEO 5.0.1.1 - aioseo.com -->\n\t<meta name=\"description\" content=\"The Serbian basketball team will play in a tournament in Munich before the start of the European Championship (from August 27 to September 14). They might have to go without Vasilije Mici\u0107. Serbian national team coach Svetislav Pe\u0161i\u0107 spoke about all the health issues and admitted that he is worried. &quot;We are not in great\" \/>\n\t<meta name=\"robots\" content=\"max-image-preview:large\" \/>\n\t<meta name=\"author\" content=\"Serbian Times\"\/>\n\t<link rel=\"canonical\" href=\"https:\/\/serbiantimes.info\/en\/big-problem-for-serbia-pesic-worried-if-one-of-the-best-players-will-be-ready-for-eurobasket\/\" \/>\n\t<meta name=\"generator\" content=\"All in One SEO (AIOSEO) 5.0.1.1\" \/>\n\t\t<meta property=\"og:locale\" content=\"en_US\" \/>\n\t\t<meta property=\"og:site_name\" content=\"Serbiantimes.info EN |\" \/>\n\t\t<meta property=\"og:type\" content=\"article\" \/>\n\t\t<meta property=\"og:title\" content=\"BIG PROBLEM FOR SERBIA: Pe\u0161i\u0107 Worried if One of the Best Players Will Be Ready for EuroBasket! | Serbiantimes.info EN\" \/>\n\t\t<meta property=\"og:description\" content=\"The Serbian basketball team will play in a tournament in Munich before the start of the European Championship (from August 27 to September 14). They might have to go without Vasilije Mici\u0107. Serbian national team coach Svetislav Pe\u0161i\u0107 spoke about all the health issues and admitted that he is worried. &quot;We are not in great\" \/>\n\t\t<meta property=\"og:url\" content=\"https:\/\/serbiantimes.info\/en\/big-problem-for-serbia-pesic-worried-if-one-of-the-best-players-will-be-ready-for-eurobasket\/\" \/>\n\t\t<meta property=\"og:image\" content=\"https:\/\/serbiantimes.info\/en\/wp-content\/uploads\/sites\/2\/2025\/08\/serbia_vs_japan_21072024_0114-scaled-1.jpg\" \/>\n\t\t<meta property=\"og:image:secure_url\" content=\"https:\/\/serbiantimes.info\/en\/wp-content\/uploads\/sites\/2\/2025\/08\/serbia_vs_japan_21072024_0114-scaled-1.jpg\" \/>\n\t\t<meta property=\"og:image:width\" content=\"2560\" \/>\n\t\t<meta property=\"og:image:height\" content=\"1707\" \/>\n\t\t<meta property=\"article:published_time\" content=\"2025-08-15T13:20:50+00:00\" \/>\n\t\t<meta property=\"article:modified_time\" content=\"2025-08-15T13:20:51+00:00\" \/>\n\t\t<meta name=\"twitter:card\" content=\"summary_large_image\" \/>\n\t\t<meta name=\"twitter:title\" content=\"BIG PROBLEM FOR SERBIA: Pe\u0161i\u0107 Worried if One of the Best Players Will Be Ready for EuroBasket! | Serbiantimes.info EN\" \/>\n\t\t<meta name=\"twitter:description\" content=\"The Serbian basketball team will play in a tournament in Munich before the start of the European Championship (from August 27 to September 14). They might have to go without Vasilije Mici\u0107. Serbian national team coach Svetislav Pe\u0161i\u0107 spoke about all the health issues and admitted that he is worried. &quot;We are not in great\" \/>\n\t\t<meta name=\"twitter:image\" content=\"https:\/\/serbiantimes.info\/en\/wp-content\/uploads\/sites\/2\/2025\/08\/serbia_vs_japan_21072024_0114-scaled-1.jpg\" \/>\n\t\t<script type=\"application\/ld+json\" class=\"aioseo-schema\">\n\t\t\t{\"@context\":\"https:\\\/\\\/schema.org\",\"@graph\":[{\"@type\":\"BlogPosting\",\"@id\":\"https:\\\/\\\/serbiantimes.info\\\/en\\\/big-problem-for-serbia-pesic-worried-if-one-of-the-best-players-will-be-ready-for-eurobasket\\\/#blogposting\",\"name\":\"BIG PROBLEM FOR SERBIA: Pe\\u0161i\\u0107 Worried if One of the Best Players Will Be Ready for EuroBasket! | Serbiantimes.info EN\",\"headline\":\"BIG PROBLEM FOR SERBIA: Pe\\u0161i\\u0107 Worried if One of the Best Players Will Be Ready for EuroBasket!\",\"author\":{\"@id\":\"https:\\\/\\\/serbiantimes.info\\\/en\\\/author\\\/serbiantimes-portal\\\/#author\"},\"publisher\":{\"@id\":\"https:\\\/\\\/serbiantimes.info\\\/en\\\/#organization\"},\"image\":{\"@type\":\"ImageObject\",\"url\":\"https:\\\/\\\/serbiantimes.info\\\/en\\\/wp-content\\\/uploads\\\/sites\\\/2\\\/2025\\\/08\\\/serbia_vs_japan_21072024_0114-scaled-1.jpg\",\"width\":2560,\"height\":1707},\"datePublished\":\"2025-08-15T15:20:50+02:00\",\"dateModified\":\"2025-08-15T15:20:51+02:00\",\"inLanguage\":\"en-US\",\"mainEntityOfPage\":{\"@id\":\"https:\\\/\\\/serbiantimes.info\\\/en\\\/big-problem-for-serbia-pesic-worried-if-one-of-the-best-players-will-be-ready-for-eurobasket\\\/#webpage\"},\"isPartOf\":{\"@id\":\"https:\\\/\\\/serbiantimes.info\\\/en\\\/big-problem-for-serbia-pesic-worried-if-one-of-the-best-players-will-be-ready-for-eurobasket\\\/#webpage\"},\"articleSection\":\"SPORT, Ko\\u0161arka, ko\\u0161arka\\u0161ka reprezenmtacija Srbije, Svetislav Pe\\u0161i\\u0107, Vasilije Mici\\u0107\"},{\"@type\":\"BreadcrumbList\",\"@id\":\"https:\\\/\\\/serbiantimes.info\\\/en\\\/big-problem-for-serbia-pesic-worried-if-one-of-the-best-players-will-be-ready-for-eurobasket\\\/#breadcrumblist\",\"itemListElement\":[{\"@type\":\"ListItem\",\"@id\":\"https:\\\/\\\/serbiantimes.info\\\/en#listItem\",\"position\":1,\"name\":\"Home\",\"item\":\"https:\\\/\\\/serbiantimes.info\\\/en\",\"nextItem\":{\"@type\":\"ListItem\",\"@id\":\"https:\\\/\\\/serbiantimes.info\\\/en\\\/category\\\/sport\\\/#listItem\",\"name\":\"SPORT\"}},{\"@type\":\"ListItem\",\"@id\":\"https:\\\/\\\/serbiantimes.info\\\/en\\\/category\\\/sport\\\/#listItem\",\"position\":2,\"name\":\"SPORT\",\"item\":\"https:\\\/\\\/serbiantimes.info\\\/en\\\/category\\\/sport\\\/\",\"nextItem\":{\"@type\":\"ListItem\",\"@id\":\"https:\\\/\\\/serbiantimes.info\\\/en\\\/big-problem-for-serbia-pesic-worried-if-one-of-the-best-players-will-be-ready-for-eurobasket\\\/#listItem\",\"name\":\"BIG PROBLEM FOR SERBIA: Pe\\u0161i\\u0107 Worried if One of the Best Players Will Be Ready for EuroBasket!\"},\"previousItem\":{\"@type\":\"ListItem\",\"@id\":\"https:\\\/\\\/serbiantimes.info\\\/en#listItem\",\"name\":\"Home\"}},{\"@type\":\"ListItem\",\"@id\":\"https:\\\/\\\/serbiantimes.info\\\/en\\\/big-problem-for-serbia-pesic-worried-if-one-of-the-best-players-will-be-ready-for-eurobasket\\\/#listItem\",\"position\":3,\"name\":\"BIG PROBLEM FOR SERBIA: Pe\\u0161i\\u0107 Worried if One of the Best Players Will Be Ready for EuroBasket!\",\"previousItem\":{\"@type\":\"ListItem\",\"@id\":\"https:\\\/\\\/serbiantimes.info\\\/en\\\/category\\\/sport\\\/#listItem\",\"name\":\"SPORT\"}}]},{\"@type\":\"Organization\",\"@id\":\"https:\\\/\\\/serbiantimes.info\\\/en\\\/#organization\",\"name\":\"Serbiantimes.info EN\",\"url\":\"https:\\\/\\\/serbiantimes.info\\\/en\\\/\",\"logo\":{\"@type\":\"ImageObject\",\"url\":\"https:\\\/\\\/serbiantimes.info\\\/en\\\/wp-content\\\/uploads\\\/sites\\\/2\\\/2024\\\/10\\\/cropped-cropped-Serbian-Times-Header-Logo-1.png\",\"@id\":\"https:\\\/\\\/serbiantimes.info\\\/en\\\/big-problem-for-serbia-pesic-worried-if-one-of-the-best-players-will-be-ready-for-eurobasket\\\/#organizationLogo\",\"width\":480,\"height\":100},\"image\":{\"@id\":\"https:\\\/\\\/serbiantimes.info\\\/en\\\/big-problem-for-serbia-pesic-worried-if-one-of-the-best-players-will-be-ready-for-eurobasket\\\/#organizationLogo\"}},{\"@type\":\"Person\",\"@id\":\"https:\\\/\\\/serbiantimes.info\\\/en\\\/author\\\/serbiantimes-portal\\\/#author\",\"url\":\"https:\\\/\\\/serbiantimes.info\\\/en\\\/author\\\/serbiantimes-portal\\\/\",\"name\":\"Serbian Times\",\"image\":{\"@type\":\"ImageObject\",\"@id\":\"https:\\\/\\\/serbiantimes.info\\\/en\\\/big-problem-for-serbia-pesic-worried-if-one-of-the-best-players-will-be-ready-for-eurobasket\\\/#authorImage\",\"url\":\"https:\\\/\\\/secure.gravatar.com\\\/avatar\\\/ea76e009769270b4193e2bc7e032c096b4ae135483ec03b396fd0f520bc3dcfd?s=96&d=mm&r=g\",\"width\":96,\"height\":96,\"caption\":\"Serbian Times\"}},{\"@type\":\"WebPage\",\"@id\":\"https:\\\/\\\/serbiantimes.info\\\/en\\\/big-problem-for-serbia-pesic-worried-if-one-of-the-best-players-will-be-ready-for-eurobasket\\\/#webpage\",\"url\":\"https:\\\/\\\/serbiantimes.info\\\/en\\\/big-problem-for-serbia-pesic-worried-if-one-of-the-best-players-will-be-ready-for-eurobasket\\\/\",\"name\":\"BIG PROBLEM FOR SERBIA: Pe\\u0161i\\u0107 Worried if One of the Best Players Will Be Ready for EuroBasket! | Serbiantimes.info EN\",\"description\":\"The Serbian basketball team will play in a tournament in Munich before the start of the European Championship (from August 27 to September 14). They might have to go without Vasilije Mici\\u0107. Serbian national team coach Svetislav Pe\\u0161i\\u0107 spoke about all the health issues and admitted that he is worried. \\\"We are not in great\",\"inLanguage\":\"en-US\",\"isPartOf\":{\"@id\":\"https:\\\/\\\/serbiantimes.info\\\/en\\\/#website\"},\"breadcrumb\":{\"@id\":\"https:\\\/\\\/serbiantimes.info\\\/en\\\/big-problem-for-serbia-pesic-worried-if-one-of-the-best-players-will-be-ready-for-eurobasket\\\/#breadcrumblist\"},\"author\":{\"@id\":\"https:\\\/\\\/serbiantimes.info\\\/en\\\/author\\\/serbiantimes-portal\\\/#author\"},\"creator\":{\"@id\":\"https:\\\/\\\/serbiantimes.info\\\/en\\\/author\\\/serbiantimes-portal\\\/#author\"},\"image\":{\"@type\":\"ImageObject\",\"url\":\"https:\\\/\\\/serbiantimes.info\\\/en\\\/wp-content\\\/uploads\\\/sites\\\/2\\\/2025\\\/08\\\/serbia_vs_japan_21072024_0114-scaled-1.jpg\",\"@id\":\"https:\\\/\\\/serbiantimes.info\\\/en\\\/big-problem-for-serbia-pesic-worried-if-one-of-the-best-players-will-be-ready-for-eurobasket\\\/#mainImage\",\"width\":2560,\"height\":1707},\"primaryImageOfPage\":{\"@id\":\"https:\\\/\\\/serbiantimes.info\\\/en\\\/big-problem-for-serbia-pesic-worried-if-one-of-the-best-players-will-be-ready-for-eurobasket\\\/#mainImage\"},\"datePublished\":\"2025-08-15T15:20:50+02:00\",\"dateModified\":\"2025-08-15T15:20:51+02:00\"},{\"@type\":\"WebSite\",\"@id\":\"https:\\\/\\\/serbiantimes.info\\\/en\\\/#website\",\"url\":\"https:\\\/\\\/serbiantimes.info\\\/en\\\/\",\"name\":\"Serbiantimes.info EN\",\"inLanguage\":\"en-US\",\"publisher\":{\"@id\":\"https:\\\/\\\/serbiantimes.info\\\/en\\\/#organization\"}}]}\n\t\t<\/script>\n\t\t<!-- All in One SEO -->\n\n","aioseo_head_json":{"title":"BIG PROBLEM FOR SERBIA: Pe\u0161i\u0107 Worried if One of the Best Players Will Be Ready for EuroBasket! | Serbiantimes.info EN","description":"The Serbian basketball team will play in a tournament in Munich before the start of the European Championship (from August 27 to September 14). They might have to go without Vasilije Mici\u0107. Serbian national team coach Svetislav Pe\u0161i\u0107 spoke about all the health issues and admitted that he is worried. \"We are not in great","canonical_url":"https:\/\/serbiantimes.info\/en\/big-problem-for-serbia-pesic-worried-if-one-of-the-best-players-will-be-ready-for-eurobasket\/","robots":"max-image-preview:large","keywords":"","webmasterTools":{"miscellaneous":""},"schema":{"@context":"https:\/\/schema.org","@graph":[{"@type":"BlogPosting","@id":"https:\/\/serbiantimes.info\/en\/big-problem-for-serbia-pesic-worried-if-one-of-the-best-players-will-be-ready-for-eurobasket\/#blogposting","name":"BIG PROBLEM FOR SERBIA: Pe\u0161i\u0107 Worried if One of the Best Players Will Be Ready for EuroBasket! | Serbiantimes.info EN","headline":"BIG PROBLEM FOR SERBIA: Pe\u0161i\u0107 Worried if One of the Best Players Will Be Ready for EuroBasket!","author":{"@id":"https:\/\/serbiantimes.info\/en\/author\/serbiantimes-portal\/#author"},"publisher":{"@id":"https:\/\/serbiantimes.info\/en\/#organization"},"image":{"@type":"ImageObject","url":"https:\/\/serbiantimes.info\/en\/wp-content\/uploads\/sites\/2\/2025\/08\/serbia_vs_japan_21072024_0114-scaled-1.jpg","width":2560,"height":1707},"datePublished":"2025-08-15T15:20:50+02:00","dateModified":"2025-08-15T15:20:51+02:00","inLanguage":"en-US","mainEntityOfPage":{"@id":"https:\/\/serbiantimes.info\/en\/big-problem-for-serbia-pesic-worried-if-one-of-the-best-players-will-be-ready-for-eurobasket\/#webpage"},"isPartOf":{"@id":"https:\/\/serbiantimes.info\/en\/big-problem-for-serbia-pesic-worried-if-one-of-the-best-players-will-be-ready-for-eurobasket\/#webpage"},"articleSection":"SPORT, Ko\u0161arka, ko\u0161arka\u0161ka reprezenmtacija Srbije, Svetislav Pe\u0161i\u0107, Vasilije Mici\u0107"},{"@type":"BreadcrumbList","@id":"https:\/\/serbiantimes.info\/en\/big-problem-for-serbia-pesic-worried-if-one-of-the-best-players-will-be-ready-for-eurobasket\/#breadcrumblist","itemListElement":[{"@type":"ListItem","@id":"https:\/\/serbiantimes.info\/en#listItem","position":1,"name":"Home","item":"https:\/\/serbiantimes.info\/en","nextItem":{"@type":"ListItem","@id":"https:\/\/serbiantimes.info\/en\/category\/sport\/#listItem","name":"SPORT"}},{"@type":"ListItem","@id":"https:\/\/serbiantimes.info\/en\/category\/sport\/#listItem","position":2,"name":"SPORT","item":"https:\/\/serbiantimes.info\/en\/category\/sport\/","nextItem":{"@type":"ListItem","@id":"https:\/\/serbiantimes.info\/en\/big-problem-for-serbia-pesic-worried-if-one-of-the-best-players-will-be-ready-for-eurobasket\/#listItem","name":"BIG PROBLEM FOR SERBIA: Pe\u0161i\u0107 Worried if One of the Best Players Will Be Ready for EuroBasket!"},"previousItem":{"@type":"ListItem","@id":"https:\/\/serbiantimes.info\/en#listItem","name":"Home"}},{"@type":"ListItem","@id":"https:\/\/serbiantimes.info\/en\/big-problem-for-serbia-pesic-worried-if-one-of-the-best-players-will-be-ready-for-eurobasket\/#listItem","position":3,"name":"BIG PROBLEM FOR SERBIA: Pe\u0161i\u0107 Worried if One of the Best Players Will Be Ready for EuroBasket!","previousItem":{"@type":"ListItem","@id":"https:\/\/serbiantimes.info\/en\/category\/sport\/#listItem","name":"SPORT"}}]},{"@type":"Organization","@id":"https:\/\/serbiantimes.info\/en\/#organization","name":"Serbiantimes.info EN","url":"https:\/\/serbiantimes.info\/en\/","logo":{"@type":"ImageObject","url":"https:\/\/serbiantimes.info\/en\/wp-content\/uploads\/sites\/2\/2024\/10\/cropped-cropped-Serbian-Times-Header-Logo-1.png","@id":"https:\/\/serbiantimes.info\/en\/big-problem-for-serbia-pesic-worried-if-one-of-the-best-players-will-be-ready-for-eurobasket\/#organizationLogo","width":480,"height":100},"image":{"@id":"https:\/\/serbiantimes.info\/en\/big-problem-for-serbia-pesic-worried-if-one-of-the-best-players-will-be-ready-for-eurobasket\/#organizationLogo"}},{"@type":"Person","@id":"https:\/\/serbiantimes.info\/en\/author\/serbiantimes-portal\/#author","url":"https:\/\/serbiantimes.info\/en\/author\/serbiantimes-portal\/","name":"Serbian Times","image":{"@type":"ImageObject","@id":"https:\/\/serbiantimes.info\/en\/big-problem-for-serbia-pesic-worried-if-one-of-the-best-players-will-be-ready-for-eurobasket\/#authorImage","url":"https:\/\/secure.gravatar.com\/avatar\/ea76e009769270b4193e2bc7e032c096b4ae135483ec03b396fd0f520bc3dcfd?s=96&d=mm&r=g","width":96,"height":96,"caption":"Serbian Times"}},{"@type":"WebPage","@id":"https:\/\/serbiantimes.info\/en\/big-problem-for-serbia-pesic-worried-if-one-of-the-best-players-will-be-ready-for-eurobasket\/#webpage","url":"https:\/\/serbiantimes.info\/en\/big-problem-for-serbia-pesic-worried-if-one-of-the-best-players-will-be-ready-for-eurobasket\/","name":"BIG PROBLEM FOR SERBIA: Pe\u0161i\u0107 Worried if One of the Best Players Will Be Ready for EuroBasket! | Serbiantimes.info EN","description":"The Serbian basketball team will play in a tournament in Munich before the start of the European Championship (from August 27 to September 14). They might have to go without Vasilije Mici\u0107. Serbian national team coach Svetislav Pe\u0161i\u0107 spoke about all the health issues and admitted that he is worried. \"We are not in great","inLanguage":"en-US","isPartOf":{"@id":"https:\/\/serbiantimes.info\/en\/#website"},"breadcrumb":{"@id":"https:\/\/serbiantimes.info\/en\/big-problem-for-serbia-pesic-worried-if-one-of-the-best-players-will-be-ready-for-eurobasket\/#breadcrumblist"},"author":{"@id":"https:\/\/serbiantimes.info\/en\/author\/serbiantimes-portal\/#author"},"creator":{"@id":"https:\/\/serbiantimes.info\/en\/author\/serbiantimes-portal\/#author"},"image":{"@type":"ImageObject","url":"https:\/\/serbiantimes.info\/en\/wp-content\/uploads\/sites\/2\/2025\/08\/serbia_vs_japan_21072024_0114-scaled-1.jpg","@id":"https:\/\/serbiantimes.info\/en\/big-problem-for-serbia-pesic-worried-if-one-of-the-best-players-will-be-ready-for-eurobasket\/#mainImage","width":2560,"height":1707},"primaryImageOfPage":{"@id":"https:\/\/serbiantimes.info\/en\/big-problem-for-serbia-pesic-worried-if-one-of-the-best-players-will-be-ready-for-eurobasket\/#mainImage"},"datePublished":"2025-08-15T15:20:50+02:00","dateModified":"2025-08-15T15:20:51+02:00"},{"@type":"WebSite","@id":"https:\/\/serbiantimes.info\/en\/#website","url":"https:\/\/serbiantimes.info\/en\/","name":"Serbiantimes.info EN","inLanguage":"en-US","publisher":{"@id":"https:\/\/serbiantimes.info\/en\/#organization"}}]},"og:locale":"en_US","og:site_name":"Serbiantimes.info EN |","og:type":"article","og:title":"BIG PROBLEM FOR SERBIA: Pe\u0161i\u0107 Worried if One of the Best Players Will Be Ready for EuroBasket! | Serbiantimes.info EN","og:description":"The Serbian basketball team will play in a tournament in Munich before the start of the European Championship (from August 27 to September 14). They might have to go without Vasilije Mici\u0107. Serbian national team coach Svetislav Pe\u0161i\u0107 spoke about all the health issues and admitted that he is worried. &quot;We are not in great","og:url":"https:\/\/serbiantimes.info\/en\/big-problem-for-serbia-pesic-worried-if-one-of-the-best-players-will-be-ready-for-eurobasket\/","og:image":"https:\/\/serbiantimes.info\/en\/wp-content\/uploads\/sites\/2\/2025\/08\/serbia_vs_japan_21072024_0114-scaled-1.jpg","og:image:secure_url":"https:\/\/serbiantimes.info\/en\/wp-content\/uploads\/sites\/2\/2025\/08\/serbia_vs_japan_21072024_0114-scaled-1.jpg","og:image:width":2560,"og:image:height":1707,"article:published_time":"2025-08-15T13:20:50+00:00","article:modified_time":"2025-08-15T13:20:51+00:00","twitter:card":"summary_large_image","twitter:title":"BIG PROBLEM FOR SERBIA: Pe\u0161i\u0107 Worried if One of the Best Players Will Be Ready for EuroBasket! | Serbiantimes.info EN","twitter:description":"The Serbian basketball team will play in a tournament in Munich before the start of the European Championship (from August 27 to September 14). They might have to go without Vasilije Mici\u0107. Serbian national team coach Svetislav Pe\u0161i\u0107 spoke about all the health issues and admitted that he is worried. &quot;We are not in great","twitter:image":"https:\/\/serbiantimes.info\/en\/wp-content\/uploads\/sites\/2\/2025\/08\/serbia_vs_japan_21072024_0114-scaled-1.jpg"},"aioseo_meta_data":{"post_id":"184809","title":null,"description":null,"keywords":null,"keyphrases":{"focus":{"keyphrase":"","score":0,"analysis":{"keyphraseInTitle":{"score":0,"maxScore":9,"error":1}}},"additional":[]},"primary_term":null,"canonical_url":null,"og_title":null,"og_description":null,"og_object_type":"default","og_image_type":"default","og_image_url":null,"og_image_width":null,"og_image_height":null,"og_image_custom_url":null,"og_image_custom_fields":null,"og_video":"","og_custom_url":null,"og_article_section":null,"og_article_tags":null,"twitter_use_og":false,"twitter_card":"default","twitter_image_type":"default","twitter_image_url":null,"twitter_image_custom_url":null,"twitter_image_custom_fields":null,"twitter_title":null,"twitter_description":null,"schema":{"blockGraphs":[],"customGraphs":[],"default":{"data":{"Article":[],"Course":[],"Dataset":[],"FAQPage":[],"Movie":[],"Person":[],"Product":[],"ProductReview":[],"Car":[],"Recipe":[],"Service":[],"SoftwareApplication":[],"WebPage":[]},"graphName":"BlogPosting","isEnabled":true},"graphs":[]},"schema_type":"default","schema_type_options":null,"pillar_content":false,"robots_default":true,"robots_noindex":false,"robots_noarchive":false,"robots_nosnippet":false,"robots_nofollow":false,"robots_noimageindex":false,"robots_noodp":false,"robots_notranslate":false,"robots_max_snippet":"-1","robots_max_videopreview":"-1","robots_max_imagepreview":"large","priority":null,"frequency":"default","local_seo":null,"breadcrumb_settings":null,"limit_modified_date":false,"ai":null,"created":"2025-08-15 13:08:45","updated":"2025-08-15 13:21:47","focus_keyword":null,"additional_keywords":null,"truseo_locale":null,"seo_analyzer_scan_date":null},"aioseo_breadcrumb":"<div class=\"aioseo-breadcrumbs\"><span class=\"aioseo-breadcrumb\">\n\t\t\t<a href=\"https:\/\/serbiantimes.info\/en\" title=\"Home\">Home<\/a>\n\t\t<\/span><span class=\"aioseo-breadcrumb-separator\">&raquo;<\/span><span class=\"aioseo-breadcrumb\">\n\t\t\t<a href=\"https:\/\/serbiantimes.info\/en\/category\/sport\/\" title=\"SPORT\">SPORT<\/a>\n\t\t<\/span><span class=\"aioseo-breadcrumb-separator\">&raquo;<\/span><span class=\"aioseo-breadcrumb\">\n\t\t\tBIG PROBLEM FOR SERBIA: Pe\u0161i\u0107 Worried if One of the Best Players Will Be Ready for EuroBasket!\n\t\t<\/span><\/div>","aioseo_breadcrumb_json":[{"label":"Home","link":"https:\/\/serbiantimes.info\/en"},{"label":"SPORT","link":"https:\/\/serbiantimes.info\/en\/category\/sport\/"},{"label":"BIG PROBLEM FOR SERBIA: Pe\u0161i\u0107 Worried if One of the Best Players Will Be Ready for EuroBasket!","link":"https:\/\/serbiantimes.info\/en\/big-problem-for-serbia-pesic-worried-if-one-of-the-best-players-will-be-ready-for-eurobasket\/"}],"distributor_meta":false,"distributor_terms":false,"distributor_media":false,"distributor_original_site_name":"Serbiantimes.info EN","distributor_original_site_url":"https:\/\/serbiantimes.info\/en","push-errors":false,"_links":{"self":[{"href":"https:\/\/serbiantimes.info\/en\/wp-json\/wp\/v2\/posts\/184809","targetHints":{"allow":["GET"]}}],"collection":[{"href":"https:\/\/serbiantimes.info\/en\/wp-json\/wp\/v2\/posts"}],"about":[{"href":"https:\/\/serbiantimes.info\/en\/wp-json\/wp\/v2\/types\/post"}],"author":[{"embeddable":true,"href":"https:\/\/serbiantimes.info\/en\/wp-json\/wp\/v2\/users\/2169"}],"replies":[{"embeddable":true,"href":"https:\/\/serbiantimes.info\/en\/wp-json\/wp\/v2\/comments?post=184809"}],"version-history":[{"count":2,"href":"https:\/\/serbiantimes.info\/en\/wp-json\/wp\/v2\/posts\/184809\/revisions"}],"predecessor-version":[{"id":184838,"href":"https:\/\/serbiantimes.info\/en\/wp-json\/wp\/v2\/posts\/184809\/revisions\/184838"}],"wp:featuredmedia":[{"embeddable":true,"href":"https:\/\/serbiantimes.info\/en\/wp-json\/wp\/v2\/media\/184810"}],"wp:attachment":[{"href":"https:\/\/serbiantimes.info\/en\/wp-json\/wp\/v2\/media?parent=184809"}],"wp:term":[{"taxonomy":"category","embeddable":true,"href":"https:\/\/serbiantimes.info\/en\/wp-json\/wp\/v2\/categories?post=184809"},{"taxonomy":"post_tag","embeddable":true,"href":"https:\/\/serbiantimes.info\/en\/wp-json\/wp\/v2\/tags?post=184809"}],"curies":[{"name":"wp","href":"https:\/\/api.w.org\/{rel}","templated":true}]}}