{"id":184759,"date":"2025-08-14T15:31:51","date_gmt":"2025-08-14T13:31:51","guid":{"rendered":"https:\/\/serbiantimes.info\/en\/?p=184759"},"modified":"2025-08-14T15:32:09","modified_gmt":"2025-08-14T13:32:09","slug":"melania-threatens-hunter-biden-demands-he-retracts-statement-about-her-and-epstein-or-she-will-seek-a-billion-dollars","status":"publish","type":"post","link":"https:\/\/serbiantimes.info\/en\/melania-threatens-hunter-biden-demands-he-retracts-statement-about-her-and-epstein-or-she-will-seek-a-billion-dollars\/","title":{"rendered":"MELANIA THREATENS HUNTER BIDEN: Demands He Retracts Statement About Her and Epstein or She Will Seek a Billion Dollars!"},"content":{"rendered":"\n<p>First Lady of the United States, <strong>Melania Trump<\/strong>, has issued a legal warning to <strong>Hunter Biden<\/strong>, the son of former President <strong>Joe Biden<\/strong>, announcing a potential lawsuit for more than a billion dollars. The warning is in response to what she claims are &#8220;false&#8221; and &#8220;defamatory&#8221; statements he made publicly. The disputed claims involve linking Melania to financier <strong>Jeffrey Epstein<\/strong>, who was accused of sexual abuse of minors, &#8220;Fox News&#8221; reports.<\/p>\n\n\n\n<p>According to a letter signed by her lawyer, <strong>Alejandro Brito<\/strong>, on August 5, Biden posted a video on YouTube titled &#8220;Hunter Biden is Back,&#8221; in which he stated that &#8220;Epstein introduced Melania to Trump&#8221; and that their &#8220;ties ran wide and deep.&#8221; The letter emphasizes that these claims are untrue and damaging to the First Lady&#8217;s reputation.<\/p>\n\n\n\n<p>The lawyer demanded that Biden publicly retract his statements and apologize by <strong>5 p.m. Eastern Time on August 7<\/strong>, warning that if he fails to do so, a lawsuit seeking more than a billion dollars in damages will be filed.<\/p>\n\n\n\n<figure class=\"wp-block-embed is-type-wp-embed is-provider-serbiantimes-info wp-block-embed-serbiantimes-info\"><div class=\"wp-block-embed__wrapper\">\n<blockquote class=\"wp-embedded-content\" data-secret=\"kAQjocg9kE\"><a href=\"https:\/\/serbiantimes.info\/pucao-sam-u-vazduh-da-zastitim-svoj-zivot-ispovest-pripadnika-kobri-koji-je-izvadio-pistolj-na-protestu-u-novom-sadu\/\">&#8222;PUCAO SAM U VAZDUH DA ZA\u0160TITIM SVOJ \u017dIVOT&#8220;: Ispovest pripadnika Kobri koji je izvadio pi\u0161tolj na protestu u Novom Sadu!<\/a><\/blockquote><iframe loading=\"lazy\" class=\"wp-embedded-content\" sandbox=\"allow-scripts\" security=\"restricted\" style=\"position: absolute; visibility: hidden;\" title=\"&#132;&#8222;PUCAO SAM U VAZDUH DA ZA\u0160TITIM SVOJ \u017dIVOT&#8220;: Ispovest pripadnika Kobri koji je izvadio pi\u0161tolj na protestu u Novom Sadu!&#147; &#8212; Serbiantimes.info\" src=\"https:\/\/serbiantimes.info\/pucao-sam-u-vazduh-da-zastitim-svoj-zivot-ispovest-pripadnika-kobri-koji-je-izvadio-pistolj-na-protestu-u-novom-sadu\/embed\/#?secret=CQKAuYnwLQ#?secret=kAQjocg9kE\" data-secret=\"kAQjocg9kE\" width=\"500\" height=\"282\" frameborder=\"0\" marginwidth=\"0\" marginheight=\"0\" scrolling=\"no\"><\/iframe>\n<\/div><\/figure>\n\n\n\n<p><a href=\"https:\/\/www.politika.rs\/sr\/clanak\/692030\/tajni-pregovori-moskve-i-kijeva-u-julu-doneli-najvece-priblizavanje-stavova)\"><\/a><\/p>\n\n\n\n<p>According to the AP, Melania and <strong>Donald Trump<\/strong> have repeatedly stated that they were introduced by fashion agent <strong>Paolo Zampolli<\/strong> at a party in New York in 1998, not by Epstein.<\/p>\n\n\n\n<p>This is not the first time the First Lady&#8217;s team has reacted to similar allegations. After previous media reports that used claims from author <strong>Michael Wolff<\/strong>, the &#8220;Daily Beast&#8221; portal retracted the article, and political strategist <strong>James Carville<\/strong> publicly apologized and removed the controversial parts of his podcast.<\/p>\n\n\n\n<p>According to American media, there has been no response yet from Hunter Biden&#8217;s legal team to these accusations.<\/p>\n\n\n\n<h4 class=\"wp-block-heading\"><mark><mark style=\"background-color:rgba(0, 0, 0, 0);color:#be3939\" class=\"has-inline-color\">FIND OUT MORE:<\/mark><\/mark><\/h4>\n\n\n\n<p><a href=\"https:\/\/serbiantimes.info\/en\/spanish-authorities-show-no-mercy-djokovic-must-demolish-part-of-his-villa-and-pay-a-10000-fine-heres-what-he-did-wrong\/\" target=\"_blank\" rel=\"noopener\" title=\"\"><strong>SPANISH AUTHORITIES SHOW NO MERCY: Djokovic Must Demolish Part of His Villa and Pay a \u20ac10,000 Fine. Here\u2019s What He Did Wrong!<\/strong><\/a><\/p>\n\n\n\n<p><strong><a href=\"https:\/\/serbiantimes.info\/en\/conflict-in-novi-pazar-police-intervene-at-blockade-in-front-of-court-two-students-lightly-injured-video\/\" target=\"_blank\" rel=\"noopener\" title=\"\">CONFLICT IN NOVI PAZAR: Police Intervene at Blockade in Front of Court, Two Students Lightly Injured! (VIDEO)<\/a><\/strong><\/p>\n\n\n\n<p><a href=\"https:\/\/serbiantimes.info\/en\/theres-work-for-those-who-want-it-domestic-workers-wont-work-at-fiat-for-70000-dinars-so-800-workers-are-coming-from-morocco-and-nepal\/\" target=\"_blank\" rel=\"noopener\" title=\"\"><strong>THERE\u2019S WORK FOR THOSE WHO WANT IT: Domestic Workers Won\u2019t Work at Fiat for 70,000 Dinars, So 800 Workers are Coming from Morocco and Nepal!<\/strong><\/a><\/p>\n\n\n\n<p><a href=\"https:\/\/serbiantimes.info\/en\/rod-blagojevich-bidens-sanctions-against-milorad-dodik-should-be-reversed\/\"><strong>ROD BLAGOJEVICH: Biden\u2019s Sanctions Against Milorad Dodik Should Be Reversed!<\/strong><\/a><\/p>\n\n\n\n<p><strong>Source<\/strong>: Politika,&nbsp;<strong>Foto:<\/strong>AP<\/p>\n","protected":false},"excerpt":{"rendered":"<p>First Lady of the United States, Melania Trump, has issued a legal warning to Hunter Biden, the son of former President Joe Biden, announcing a potential lawsuit for more than a billion dollars. The warning is in response to what she claims are &#8220;false&#8221; and &#8220;defamatory&#8221; statements he made publicly. The disputed claims involve linking [&hellip;]<\/p>\n","protected":false},"author":2169,"featured_media":184760,"comment_status":"open","ping_status":"open","sticky":false,"template":"","format":"standard","meta":{"newspack_featured_image_position":"","newspack_post_subtitle":"","newspack_article_summary_title":"Overview:","newspack_article_summary":"","newspack_hide_updated_date":false,"newspack_show_updated_date":false,"footnotes":""},"categories":[6],"tags":[3288,3092,100,1370],"class_list":["post-184759","post","type-post","status-publish","format-standard","has-post-thumbnail","hentry","category-america","tag-dzefri-epstajn","tag-hanter-bajden","tag-melanija-tramp","tag-tuzba","entry"],"aioseo_notices":[],"distributor_meta":false,"distributor_terms":false,"distributor_media":false,"distributor_original_site_name":"Serbiantimes.info EN","distributor_original_site_url":"https:\/\/serbiantimes.info\/en","push-errors":false,"_links":{"self":[{"href":"https:\/\/serbiantimes.info\/en\/wp-json\/wp\/v2\/posts\/184759","targetHints":{"allow":["GET"]}}],"collection":[{"href":"https:\/\/serbiantimes.info\/en\/wp-json\/wp\/v2\/posts"}],"about":[{"href":"https:\/\/serbiantimes.info\/en\/wp-json\/wp\/v2\/types\/post"}],"author":[{"embeddable":true,"href":"https:\/\/serbiantimes.info\/en\/wp-json\/wp\/v2\/users\/2169"}],"replies":[{"embeddable":true,"href":"https:\/\/serbiantimes.info\/en\/wp-json\/wp\/v2\/comments?post=184759"}],"version-history":[{"count":2,"href":"https:\/\/serbiantimes.info\/en\/wp-json\/wp\/v2\/posts\/184759\/revisions"}],"predecessor-version":[{"id":184784,"href":"https:\/\/serbiantimes.info\/en\/wp-json\/wp\/v2\/posts\/184759\/revisions\/184784"}],"wp:featuredmedia":[{"embeddable":true,"href":"https:\/\/serbiantimes.info\/en\/wp-json\/wp\/v2\/media\/184760"}],"wp:attachment":[{"href":"https:\/\/serbiantimes.info\/en\/wp-json\/wp\/v2\/media?parent=184759"}],"wp:term":[{"taxonomy":"category","embeddable":true,"href":"https:\/\/serbiantimes.info\/en\/wp-json\/wp\/v2\/categories?post=184759"},{"taxonomy":"post_tag","embeddable":true,"href":"https:\/\/serbiantimes.info\/en\/wp-json\/wp\/v2\/tags?post=184759"}],"curies":[{"name":"wp","href":"https:\/\/api.w.org\/{rel}","templated":true}]}}