{"id":184755,"date":"2025-08-14T15:28:38","date_gmt":"2025-08-14T13:28:38","guid":{"rendered":"https:\/\/serbiantimes.info\/en\/?p=184755"},"modified":"2025-08-14T15:28:39","modified_gmt":"2025-08-14T13:28:39","slug":"caught-after-26-years-two-kla-terrorists-arrested-for-the-murder-of-a-serb-in-august-1999-in-orahovac","status":"publish","type":"post","link":"https:\/\/serbiantimes.info\/en\/caught-after-26-years-two-kla-terrorists-arrested-for-the-murder-of-a-serb-in-august-1999-in-orahovac\/","title":{"rendered":"CAUGHT AFTER 26 YEARS: Two KLA Terrorists Arrested for the Murder of a Serb in August 1999 in Orahovac!"},"content":{"rendered":"\n<p>Members of the Ministry of Internal Affairs, Criminal Police Directorate, and the War Crimes Investigation Service arrested <strong>X. E. (49)<\/strong> and <strong>B. E. (52)<\/strong> at the Horgo\u0161 border crossing upon their entry into Serbia, on suspicion of having committed the criminal offense of war crimes against the civilian population.<\/p>\n\n\n\n<figure class=\"wp-block-embed is-type-wp-embed is-provider-serbiantimes-info wp-block-embed-serbiantimes-info\"><div class=\"wp-block-embed__wrapper\">\n<blockquote class=\"wp-embedded-content\" data-secret=\"bT2Axn870x\"><a href=\"https:\/\/serbiantimes.info\/pucao-sam-u-vazduh-da-zastitim-svoj-zivot-ispovest-pripadnika-kobri-koji-je-izvadio-pistolj-na-protestu-u-novom-sadu\/\">&#8222;PUCAO SAM U VAZDUH DA ZA\u0160TITIM SVOJ \u017dIVOT&#8220;: Ispovest pripadnika Kobri koji je izvadio pi\u0161tolj na protestu u Novom Sadu!<\/a><\/blockquote><iframe loading=\"lazy\" class=\"wp-embedded-content\" sandbox=\"allow-scripts\" security=\"restricted\" style=\"position: absolute; visibility: hidden;\" title=\"&#132;&#8222;PUCAO SAM U VAZDUH DA ZA\u0160TITIM SVOJ \u017dIVOT&#8220;: Ispovest pripadnika Kobri koji je izvadio pi\u0161tolj na protestu u Novom Sadu!&#147; &#8212; Serbiantimes.info\" src=\"https:\/\/serbiantimes.info\/pucao-sam-u-vazduh-da-zastitim-svoj-zivot-ispovest-pripadnika-kobri-koji-je-izvadio-pistolj-na-protestu-u-novom-sadu\/embed\/#?secret=tu6H3ZLkb1#?secret=bT2Axn870x\" data-secret=\"bT2Axn870x\" width=\"500\" height=\"282\" frameborder=\"0\" marginwidth=\"0\" marginheight=\"0\" scrolling=\"no\"><\/iframe>\n<\/div><\/figure>\n\n\n\n<p>It is suspected that on August 9, 1999, in Orahovac, they, as accomplices with several other members of the so-called &#8220;KLA,&#8221; used physical force, firearms, and serious threats to life and limb to abduct a civilian of Serbian nationality, <strong>J. M.<\/strong> They took him in an unknown direction, and he has been missing ever since. J. M. is still considered a missing person.<\/p>\n\n\n\n<p>With the approval of the public prosecutor from the Public Prosecutor&#8217;s Office for War Crimes, the suspects have been detained for up to 48 hours, after which they will be brought before the competent prosecutor&#8217;s office with a criminal complaint.<\/p>\n\n\n\n<h4 class=\"wp-block-heading\"><mark><mark style=\"background-color:rgba(0, 0, 0, 0);color:#be3939\" class=\"has-inline-color\">FIND OUT MORE:<\/mark><\/mark><\/h4>\n\n\n\n<p><a href=\"https:\/\/serbiantimes.info\/en\/spanish-authorities-show-no-mercy-djokovic-must-demolish-part-of-his-villa-and-pay-a-10000-fine-heres-what-he-did-wrong\/\" target=\"_blank\" rel=\"noopener\" title=\"\"><strong>SPANISH AUTHORITIES SHOW NO MERCY: Djokovic Must Demolish Part of His Villa and Pay a \u20ac10,000 Fine. Here\u2019s What He Did Wrong!<\/strong><\/a><\/p>\n\n\n\n<p><strong><a href=\"https:\/\/serbiantimes.info\/en\/conflict-in-novi-pazar-police-intervene-at-blockade-in-front-of-court-two-students-lightly-injured-video\/\" target=\"_blank\" rel=\"noopener\" title=\"\">CONFLICT IN NOVI PAZAR: Police Intervene at Blockade in Front of Court, Two Students Lightly Injured! (VIDEO)<\/a><\/strong><\/p>\n\n\n\n<p><a href=\"https:\/\/serbiantimes.info\/en\/theres-work-for-those-who-want-it-domestic-workers-wont-work-at-fiat-for-70000-dinars-so-800-workers-are-coming-from-morocco-and-nepal\/\" target=\"_blank\" rel=\"noopener\" title=\"\"><strong>THERE\u2019S WORK FOR THOSE WHO WANT IT: Domestic Workers Won\u2019t Work at Fiat for 70,000 Dinars, So 800 Workers are Coming from Morocco and Nepal!<\/strong><\/a><\/p>\n\n\n\n<p><a href=\"https:\/\/serbiantimes.info\/en\/rod-blagojevich-bidens-sanctions-against-milorad-dodik-should-be-reversed\/\"><strong>ROD BLAGOJEVICH: Biden\u2019s Sanctions Against Milorad Dodik Should Be Reversed!<\/strong><\/a><\/p>\n\n\n\n<p><strong>Source<\/strong>: Nova,&nbsp;<strong>Foto:&nbsp;<\/strong>Printscreen X<\/p>\n","protected":false},"excerpt":{"rendered":"<p>Members of the Ministry of Internal Affairs, Criminal Police Directorate, and the War Crimes Investigation Service arrested X. E. (49) and B. E. (52) at the Horgo\u0161 border crossing upon their entry into Serbia, on suspicion of having committed the criminal offense of war crimes against the civilian population. It is suspected that on August [&hellip;]<\/p>\n","protected":false},"author":2169,"featured_media":184756,"comment_status":"open","ping_status":"open","sticky":false,"template":"","format":"standard","meta":{"newspack_featured_image_position":"","newspack_post_subtitle":"","newspack_article_summary_title":"Overview:","newspack_article_summary":"","newspack_hide_updated_date":false,"newspack_show_updated_date":false,"footnotes":""},"categories":[7],"tags":[1617,108,4845,112,4106,770],"class_list":["post-184755","post","type-post","status-publish","format-standard","has-post-thumbnail","hentry","category-serbia","tag-hapsenje","tag-kosovo","tag-orahovac","tag-ovk","tag-uck-3","tag-zlocin","entry"],"aioseo_notices":[],"distributor_meta":false,"distributor_terms":false,"distributor_media":false,"distributor_original_site_name":"Serbiantimes.info EN","distributor_original_site_url":"https:\/\/serbiantimes.info\/en","push-errors":false,"_links":{"self":[{"href":"https:\/\/serbiantimes.info\/en\/wp-json\/wp\/v2\/posts\/184755","targetHints":{"allow":["GET"]}}],"collection":[{"href":"https:\/\/serbiantimes.info\/en\/wp-json\/wp\/v2\/posts"}],"about":[{"href":"https:\/\/serbiantimes.info\/en\/wp-json\/wp\/v2\/types\/post"}],"author":[{"embeddable":true,"href":"https:\/\/serbiantimes.info\/en\/wp-json\/wp\/v2\/users\/2169"}],"replies":[{"embeddable":true,"href":"https:\/\/serbiantimes.info\/en\/wp-json\/wp\/v2\/comments?post=184755"}],"version-history":[{"count":2,"href":"https:\/\/serbiantimes.info\/en\/wp-json\/wp\/v2\/posts\/184755\/revisions"}],"predecessor-version":[{"id":184782,"href":"https:\/\/serbiantimes.info\/en\/wp-json\/wp\/v2\/posts\/184755\/revisions\/184782"}],"wp:featuredmedia":[{"embeddable":true,"href":"https:\/\/serbiantimes.info\/en\/wp-json\/wp\/v2\/media\/184756"}],"wp:attachment":[{"href":"https:\/\/serbiantimes.info\/en\/wp-json\/wp\/v2\/media?parent=184755"}],"wp:term":[{"taxonomy":"category","embeddable":true,"href":"https:\/\/serbiantimes.info\/en\/wp-json\/wp\/v2\/categories?post=184755"},{"taxonomy":"post_tag","embeddable":true,"href":"https:\/\/serbiantimes.info\/en\/wp-json\/wp\/v2\/tags?post=184755"}],"curies":[{"name":"wp","href":"https:\/\/api.w.org\/{rel}","templated":true}]}}