{"id":184659,"date":"2025-08-13T17:10:18","date_gmt":"2025-08-13T15:10:18","guid":{"rendered":"https:\/\/serbiantimes.info\/en\/?p=184659"},"modified":"2025-08-13T17:10:18","modified_gmt":"2025-08-13T15:10:18","slug":"vucic-elections-will-be-held-early-i-will-not-change-the-constitution-to-run-again","status":"publish","type":"post","link":"https:\/\/serbiantimes.info\/en\/vucic-elections-will-be-held-early-i-will-not-change-the-constitution-to-run-again\/","title":{"rendered":"VU\u010cI\u0106: Elections Will Be Held Early, I Will Not Change the Constitution to Run Again!"},"content":{"rendered":"\n<p>Serbian President <strong>Aleksandar Vu\u010di\u0107<\/strong> stated today that elections will be called before the legal deadline and that he cannot run for president again, adding that changing the Serbian Constitution to do so is not something he would &#8220;even consider.&#8221;<\/p>\n\n\n\n<p>&#8220;Will I help someone and fight for those whom I believe can lead Serbia into the future to succeed in the elections? I will certainly do that, but from which position is neither the topic at the moment nor could I even say it myself,&#8221; Vu\u010di\u0107 said.<\/p>\n\n\n\n<p>Vu\u010di\u0107 stated that, &#8220;fortunately,&#8221; the authority to call elections does not belong to &#8220;either Austrian journalists or blockers,&#8221; but to the institutions of Serbia, which will call elections in accordance with the Constitution and laws, likely before the legal deadline. The elections will show &#8220;what the people will say and who will win.&#8221;<\/p>\n\n\n\n<h4 class=\"wp-block-heading\"><mark style=\"background-color:#FFFFFF;color:#d21414\" class=\"has-inline-color\">FIND OUT MORE: <\/mark><\/h4>\n\n\n\n<figure class=\"wp-block-embed is-type-wp-embed is-provider-serbiantimes-info wp-block-embed-serbiantimes-info\"><div class=\"wp-block-embed__wrapper\">\n<blockquote class=\"wp-embedded-content\" data-secret=\"sMarFMUjTq\"><a href=\"https:\/\/serbiantimes.info\/nece-im-proci-svi-na-ulice-studenti-pozvali-gradjane-srbije-na-masovne-proteste-zbog-nasilja-u-vrbasu-i-backoj-palanci\/\">&#8222;NE\u0106E IM PRO\u0106I! SVI NA ULICE&#8220;: Studenti pozvali gra\u0111ane Srbije na masovne proteste zbog nasilja u Vrbasu i Ba\u010dkoj Palanci!<\/a><\/blockquote><iframe loading=\"lazy\" class=\"wp-embedded-content\" sandbox=\"allow-scripts\" security=\"restricted\" style=\"position: absolute; visibility: hidden;\" title=\"&#132;&#8222;NE\u0106E IM PRO\u0106I! SVI NA ULICE&#8220;: Studenti pozvali gra\u0111ane Srbije na masovne proteste zbog nasilja u Vrbasu i Ba\u010dkoj Palanci!&#147; &#8212; Serbiantimes.info\" src=\"https:\/\/serbiantimes.info\/nece-im-proci-svi-na-ulice-studenti-pozvali-gradjane-srbije-na-masovne-proteste-zbog-nasilja-u-vrbasu-i-backoj-palanci\/embed\/#?secret=oWLFrdWTCw#?secret=sMarFMUjTq\" data-secret=\"sMarFMUjTq\" width=\"500\" height=\"282\" frameborder=\"0\" marginwidth=\"0\" marginheight=\"0\" scrolling=\"no\"><\/iframe>\n<\/div><\/figure>\n\n\n\n<p>He said that Serbia is facing very violent protests, such as those on Tuesday evening. Stating that demonstrators go to the homes of political opponents, as was once the case in Austria and Germany, Vu\u010di\u0107 added that Serbia &#8220;has endured all of this in a very democratic way, without serious use of force.&#8221;<\/p>\n\n\n\n<p>The Serbian president also criticized Austrian media for not allowing a &#8220;different opinion to be heard&#8221; regarding the protests in Serbia.<\/p>\n\n\n\n<h4 class=\"wp-block-heading\"><mark><mark style=\"background-color:rgba(0, 0, 0, 0);color:#be3939\" class=\"has-inline-color\">MORE TOPICS:<\/mark><\/mark><\/h4>\n\n\n\n<p><a href=\"https:\/\/serbiantimes.info\/en\/spanish-authorities-show-no-mercy-djokovic-must-demolish-part-of-his-villa-and-pay-a-10000-fine-heres-what-he-did-wrong\/\" target=\"_blank\" rel=\"noopener\" title=\"\"><strong>SPANISH AUTHORITIES SHOW NO MERCY: Djokovic Must Demolish Part of His Villa and Pay a \u20ac10,000 Fine. Here\u2019s What He Did Wrong!<\/strong><\/a><\/p>\n\n\n\n<p><strong><a href=\"https:\/\/serbiantimes.info\/en\/conflict-in-novi-pazar-police-intervene-at-blockade-in-front-of-court-two-students-lightly-injured-video\/\" target=\"_blank\" rel=\"noopener\" title=\"\">CONFLICT IN NOVI PAZAR: Police Intervene at Blockade in Front of Court, Two Students Lightly Injured! (VIDEO)<\/a><\/strong><\/p>\n\n\n\n<p><a href=\"https:\/\/serbiantimes.info\/en\/theres-work-for-those-who-want-it-domestic-workers-wont-work-at-fiat-for-70000-dinars-so-800-workers-are-coming-from-morocco-and-nepal\/\" target=\"_blank\" rel=\"noopener\" title=\"\"><strong>THERE\u2019S WORK FOR THOSE WHO WANT IT: Domestic Workers Won\u2019t Work at Fiat for 70,000 Dinars, So 800 Workers are Coming from Morocco and Nepal!<\/strong><\/a><\/p>\n\n\n\n<p><a href=\"https:\/\/serbiantimes.info\/en\/rod-blagojevich-bidens-sanctions-against-milorad-dodik-should-be-reversed\/\"><strong>ROD BLAGOJEVICH: Biden\u2019s Sanctions Against Milorad Dodik Should Be Reversed!<\/strong><\/a><\/p>\n\n\n\n<p><strong>Source<\/strong>: RTS, <strong>Foto:<\/strong> \u00a0R.Z. \/ ATAImages<br><\/p>\n","protected":false},"excerpt":{"rendered":"<p>Serbian President Aleksandar Vu\u010di\u0107 stated today that elections will be called before the legal deadline and that he cannot run for president again, adding that changing the Serbian Constitution to do so is not something he would &#8220;even consider.&#8221; &#8220;Will I help someone and fight for those whom I believe can lead Serbia into the [&hellip;]<\/p>\n","protected":false},"author":2169,"featured_media":184660,"comment_status":"open","ping_status":"open","sticky":false,"template":"","format":"standard","meta":{"newspack_featured_image_position":"","newspack_post_subtitle":"","newspack_article_summary_title":"Overview:","newspack_article_summary":"","newspack_hide_updated_date":false,"newspack_show_updated_date":false,"footnotes":""},"categories":[7],"tags":[856,253,880,492,876,113],"class_list":["post-184659","post","type-post","status-publish","format-standard","has-post-thumbnail","hentry","category-serbia","tag-aleksandar-vucic","tag-beograd","tag-glasanje","tag-izbori","tag-politika","tag-srbija","entry"],"aioseo_notices":[],"distributor_meta":false,"distributor_terms":false,"distributor_media":false,"distributor_original_site_name":"Serbiantimes.info EN","distributor_original_site_url":"https:\/\/serbiantimes.info\/en","push-errors":false,"_links":{"self":[{"href":"https:\/\/serbiantimes.info\/en\/wp-json\/wp\/v2\/posts\/184659","targetHints":{"allow":["GET"]}}],"collection":[{"href":"https:\/\/serbiantimes.info\/en\/wp-json\/wp\/v2\/posts"}],"about":[{"href":"https:\/\/serbiantimes.info\/en\/wp-json\/wp\/v2\/types\/post"}],"author":[{"embeddable":true,"href":"https:\/\/serbiantimes.info\/en\/wp-json\/wp\/v2\/users\/2169"}],"replies":[{"embeddable":true,"href":"https:\/\/serbiantimes.info\/en\/wp-json\/wp\/v2\/comments?post=184659"}],"version-history":[{"count":3,"href":"https:\/\/serbiantimes.info\/en\/wp-json\/wp\/v2\/posts\/184659\/revisions"}],"predecessor-version":[{"id":184693,"href":"https:\/\/serbiantimes.info\/en\/wp-json\/wp\/v2\/posts\/184659\/revisions\/184693"}],"wp:featuredmedia":[{"embeddable":true,"href":"https:\/\/serbiantimes.info\/en\/wp-json\/wp\/v2\/media\/184660"}],"wp:attachment":[{"href":"https:\/\/serbiantimes.info\/en\/wp-json\/wp\/v2\/media?parent=184659"}],"wp:term":[{"taxonomy":"category","embeddable":true,"href":"https:\/\/serbiantimes.info\/en\/wp-json\/wp\/v2\/categories?post=184659"},{"taxonomy":"post_tag","embeddable":true,"href":"https:\/\/serbiantimes.info\/en\/wp-json\/wp\/v2\/tags?post=184659"}],"curies":[{"name":"wp","href":"https:\/\/api.w.org\/{rel}","templated":true}]}}