{"id":184651,"date":"2025-08-13T17:06:08","date_gmt":"2025-08-13T15:06:08","guid":{"rendered":"https:\/\/serbiantimes.info\/en\/?p=184651"},"modified":"2025-08-13T17:06:09","modified_gmt":"2025-08-13T15:06:09","slug":"graffiti-must-not-fall-novi-sad-police-in-full-gear-guard-wall-painted-in-tricolor-by-sns-supporters","status":"publish","type":"post","link":"https:\/\/serbiantimes.info\/en\/graffiti-must-not-fall-novi-sad-police-in-full-gear-guard-wall-painted-in-tricolor-by-sns-supporters\/","title":{"rendered":"GRAFFITI MUST NOT FALL: Novi Sad Police in Full Gear Guard Wall Painted in Tricolor by SNS Supporters!"},"content":{"rendered":"\n<p>A police cordon is stationed in front of a wall in Liman, where a wall was painted in tricolor colors over the weekend, reports the portal 021.rs.<\/p>\n\n\n\n<p>Last night, Novi Sad residents organized a rally in Liman to support a fellow citizen who was beaten by activists of the <strong>Serbian Progressive Party (SNS)<\/strong> on Sunday.<\/p>\n\n\n\n<p>The &#8220;Bo\u0161ko Buha&#8221; Local Community Assembly called for a protest in support of the beaten neighbor today, August 12, at 8 PM, at the corner of Narodnog fronta and Dr Ivana Ribara streets. &#8220;We call on all fellow citizens to come together with as much noise as possible to support our neighbor who was brutally beaten in front of his building by SNS supporters who were painting facades,&#8221; the invitation stated.<\/p>\n\n\n\n<h4 class=\"wp-block-heading\"><mark style=\"background-color:#FFFFFF;color:#d21414\" class=\"has-inline-color\">MORE TOPICS: <\/mark><\/h4>\n\n\n\n<figure class=\"wp-block-embed is-type-wp-embed is-provider-serbiantimes-info wp-block-embed-serbiantimes-info\"><div class=\"wp-block-embed__wrapper\">\n<blockquote class=\"wp-embedded-content\" data-secret=\"84Lsw7XkGk\"><a href=\"https:\/\/serbiantimes.info\/snimci-pokazuju-drugacije-direktor-policije-tvrdi-da-su-gradjani-prvi-napali-pristalice-sns-a-nije-spomenuo-koriscenje-pirotehnike-protiv-njegovih-kolega\/\">SNIMCI POKAZUJU DRUGA\u010cIJE: Direktor policije tvrdi da su gra\u0111ani prvi napali pristalice SNS-a, nije spomenuo kori\u0161\u0107enje pirotehnike protiv njegovih kolega!<\/a><\/blockquote><iframe loading=\"lazy\" class=\"wp-embedded-content\" sandbox=\"allow-scripts\" security=\"restricted\" style=\"position: absolute; visibility: hidden;\" title=\"&#132;SNIMCI POKAZUJU DRUGA\u010cIJE: Direktor policije tvrdi da su gra\u0111ani prvi napali pristalice SNS-a, nije spomenuo kori\u0161\u0107enje pirotehnike protiv njegovih kolega!&#147; &#8212; Serbiantimes.info\" src=\"https:\/\/serbiantimes.info\/snimci-pokazuju-drugacije-direktor-policije-tvrdi-da-su-gradjani-prvi-napali-pristalice-sns-a-nije-spomenuo-koriscenje-pirotehnike-protiv-njegovih-kolega\/embed\/#?secret=Naics31LHK#?secret=84Lsw7XkGk\" data-secret=\"84Lsw7XkGk\" width=\"500\" height=\"282\" frameborder=\"0\" marginwidth=\"0\" marginheight=\"0\" scrolling=\"no\"><\/iframe>\n<\/div><\/figure>\n\n\n\n<p><a href=\"https:\/\/adclick.g.doubleclick.net\/aclk?sa=l&amp;ai=CdSGp0j6caMP6I8KC7M8PxtbMGLXGupiBAeC1pZ64FL6277WOAxABIL_Z9SFgsQWgAfD-p8kDyAEJqQIXAxsom5izPuACAKgDAcgDSKoE7QJP0JsO_wB2GeRcGHKWubJbbNGRxuziM4NXcxTmxEG9deIfv1DYcjVZGqf9m9eHlo0QY2ec0gmKeRHaLlquyMc7RB-1pnnj8-hVL3SpzUTErp7wDp71uKyHN9r4gmNAr798p6_j7a6PdUmdlMyZmETfRQNku3PsSVP9A0TsXkRSuTeuPaflq_CT_QjjgcRrwU4AJN_SrucYJT3WbXAslip4Kq-xszPNDg8Uqf4ENFb0T6u8wGgkgC1pSMnAtR-kk8NDzsQGGIrdUUvYWFmni5FN5aoclkHaAQfPKItWXp4BahDSQS5dhV1XlGRIEAuNSjLUm9GAW2Jvta3E8gBtziUalh7E6-hWF3jEvkLO7CBZ-oPXKESji-opEHvLI5h3ypJ4DzAnE0gf3U4w0lFexqEquDTTE-o5i3HtUFGr7D4EratlBSZTrThTGKSFZh8BO6i_VUcMU2KWvUv5VhLTW2_JOMoUsgHYunIfQjyWbcAEuqGc_ZAF4AQBiAXkztPDVKAGLoAH-IDYNqgH4tixAqgHpr4bqAfMzrECqAfz0RuoB5bYG6gHqpuxAqgHjs4bqAeT2BuoB_DgG6gH7paxAqgH_p6xAqgHr76xAqgH1ckbqAfZtrECqAeaBqgH_56xAqgH35-xAqgH-MKxAqgH-8KxAtgHANIIKQiAYRABGJ0BMgKKAjoNgECAwICAgICogAKoA0i9_cE6WPPY4eyhh48DsQlTkozOy-tBMoAKA5gLAcgLAYAMAaIMA5ABAaoNAlJTyA0B4g0TCLSP4uyhh48DFUIB-wMdRisTA-oNEwjN6uLsoYePAxVCAfsDHUYrEwPwDQOIDv___________wHYEw3QFQGYFgHKFgIKAPgWAYAXAbIXIhgBKh4vNzUzNTE5NTkvbmVkZWxqbmlrLnJzL2lubGluZTK6FwI4AaoYFwkAAAAAyMsLQRIKMTE4MDE1NzM4NRgBshgJEgKoThguIgEA0BgBwhkCCAE&amp;ae=2&amp;gclid=EAIaIQobChMIw6vj7KGHjwMVQgH7Ax1GKxMDEAEYASAAEgJaaPD_BwE&amp;num=1&amp;cid=CAQSuwEA2abss1Bwjv5brAuviINGX1OR0u5RY5C5GotRBeTrK78m8GNe4BP_8x7hH7-hOqWnDI3ys1GENMbc-XE5RZaBPpW6OV9_XJQTTB3U47387U0TGuMnbDrbyIA1B-n0yGKb7hE1jCmBiRQNSdWewog9zwRpponEGxQ-pd-PXV0ANDmL51V9qf4xSFhd101JbP_l_zB454qMBzTNbRvbWmkRmc3Nlo3HLWjLhty37KuD0ZxxmiGQM3gx99CeGAE&amp;sig=AOD64_1bG7pU29enseSZQHX34F7d2OHVsw&amp;client=ca-pub-4161694526145512&amp;rf=1&amp;nb=25&amp;adurl=https:\/\/www.bmw.rs\/sr\/topics\/offers-and-services\/posebne-ponude\/bmw-serije-3-posebna-ponuda2.html%3Futm_source%3DGoogle%26utm_medium%3DBanner%26utm_campaign%3DPosebna%2Bponuda%2B3%252C5%2525%26gad_source%3D5%26gad_campaignid%3D22690457444\"><\/a><\/p>\n\n\n\n<h3 class=\"wp-block-heading\">MRKOVA\u010cKI ON THE EVENTS IN LIMAN<\/h3>\n\n\n\n<p><strong>Bojan Mrkova\u010dki<\/strong> from Novi Sad was brutally beaten during an SNS action of painting tricolors on facades in Liman. He stated that he expects the prosecution to launch an investigation into the event as soon as possible. He added that if this does not happen, he will do everything to get justice.<\/p>\n\n\n\n<p>Mrkova\u010dki told Autonomija that no proceedings are being conducted against him, but that this case must have a judicial epilogue because it is obvious that the same thing could happen to any citizen tomorrow, with perhaps even a worse outcome.<\/p>\n\n\n\n<p>&#8220;I know the one who hit me by name, and about twenty of them beat me\u2014I don&#8217;t know them, but there are surveillance cameras. There were also two plainclothes inspectors who did not intervene at all. Everything is known about who did what and who didn&#8217;t,&#8221; Mrkova\u010dki said.<\/p>\n\n\n\n<p>In addition to minor physical injuries he suffered all over his body, as well as injuries to his eye and cheekbone, which were confirmed by an examination at the Emergency Center, the SNS supporters also stole his mobile phone and car keys. This is an aggravated robbery that, as he added, the prosecution must pursue ex officio.<\/p>\n\n\n\n<p>He told Autonomija that he went to Liman yesterday because he heard that something was happening with the facades and wanted to go to Fru\u0161kogorska Street to see the situation with the mural that had been painted over a hate graffiti the day before.<\/p>\n\n\n\n<h4 class=\"wp-block-heading\"><mark><mark style=\"background-color:rgba(0, 0, 0, 0);color:#be3939\" class=\"has-inline-color\">FIND OUT MORE:<\/mark><\/mark><\/h4>\n\n\n\n<p><a href=\"https:\/\/serbiantimes.info\/en\/spanish-authorities-show-no-mercy-djokovic-must-demolish-part-of-his-villa-and-pay-a-10000-fine-heres-what-he-did-wrong\/\" target=\"_blank\" rel=\"noopener\" title=\"\"><strong>SPANISH AUTHORITIES SHOW NO MERCY: Djokovic Must Demolish Part of His Villa and Pay a \u20ac10,000 Fine. Here\u2019s What He Did Wrong!<\/strong><\/a><\/p>\n\n\n\n<p><strong><a href=\"https:\/\/serbiantimes.info\/en\/conflict-in-novi-pazar-police-intervene-at-blockade-in-front-of-court-two-students-lightly-injured-video\/\" target=\"_blank\" rel=\"noopener\" title=\"\">CONFLICT IN NOVI PAZAR: Police Intervene at Blockade in Front of Court, Two Students Lightly Injured! (VIDEO)<\/a><\/strong><\/p>\n\n\n\n<p><a href=\"https:\/\/serbiantimes.info\/en\/theres-work-for-those-who-want-it-domestic-workers-wont-work-at-fiat-for-70000-dinars-so-800-workers-are-coming-from-morocco-and-nepal\/\" target=\"_blank\" rel=\"noopener\" title=\"\"><strong>THERE\u2019S WORK FOR THOSE WHO WANT IT: Domestic Workers Won\u2019t Work at Fiat for 70,000 Dinars, So 800 Workers are Coming from Morocco and Nepal!<\/strong><\/a><\/p>\n\n\n\n<p><a href=\"https:\/\/serbiantimes.info\/en\/rod-blagojevich-bidens-sanctions-against-milorad-dodik-should-be-reversed\/\"><strong>ROD BLAGOJEVICH: Biden\u2019s Sanctions Against Milorad Dodik Should Be Reversed!<\/strong><\/a><\/p>\n\n\n\n<p><strong>Source<\/strong>: Nedeljnik,\u00a0<strong>Foto<\/strong>: Printscreen X <a href=\"https:\/\/x.com\/izatomezabole\">@izatomezabole<\/a><\/p>\n\n\n\n<p><\/p>\n","protected":false},"excerpt":{"rendered":"<p>A police cordon is stationed in front of a wall in Liman, where a wall was painted in tricolor colors over the weekend, reports the portal 021.rs. Last night, Novi Sad residents organized a rally in Liman to support a fellow citizen who was beaten by activists of the Serbian Progressive Party (SNS) on Sunday. [&hellip;]<\/p>\n","protected":false},"author":2169,"featured_media":184652,"comment_status":"open","ping_status":"open","sticky":false,"template":"","format":"standard","meta":{"newspack_featured_image_position":"","newspack_post_subtitle":"","newspack_article_summary_title":"Overview:","newspack_article_summary":"","newspack_hide_updated_date":false,"newspack_show_updated_date":false,"footnotes":""},"categories":[7],"tags":[4507,8060,806,2609,8061],"class_list":["post-184651","post","type-post","status-publish","format-standard","has-post-thumbnail","hentry","category-serbia","tag-grafit","tag-liman","tag-novi-sad","tag-sns","tag-trobojka","entry"],"aioseo_notices":[],"distributor_meta":false,"distributor_terms":false,"distributor_media":false,"distributor_original_site_name":"Serbiantimes.info EN","distributor_original_site_url":"https:\/\/serbiantimes.info\/en","push-errors":false,"_links":{"self":[{"href":"https:\/\/serbiantimes.info\/en\/wp-json\/wp\/v2\/posts\/184651","targetHints":{"allow":["GET"]}}],"collection":[{"href":"https:\/\/serbiantimes.info\/en\/wp-json\/wp\/v2\/posts"}],"about":[{"href":"https:\/\/serbiantimes.info\/en\/wp-json\/wp\/v2\/types\/post"}],"author":[{"embeddable":true,"href":"https:\/\/serbiantimes.info\/en\/wp-json\/wp\/v2\/users\/2169"}],"replies":[{"embeddable":true,"href":"https:\/\/serbiantimes.info\/en\/wp-json\/wp\/v2\/comments?post=184651"}],"version-history":[{"count":3,"href":"https:\/\/serbiantimes.info\/en\/wp-json\/wp\/v2\/posts\/184651\/revisions"}],"predecessor-version":[{"id":184686,"href":"https:\/\/serbiantimes.info\/en\/wp-json\/wp\/v2\/posts\/184651\/revisions\/184686"}],"wp:featuredmedia":[{"embeddable":true,"href":"https:\/\/serbiantimes.info\/en\/wp-json\/wp\/v2\/media\/184652"}],"wp:attachment":[{"href":"https:\/\/serbiantimes.info\/en\/wp-json\/wp\/v2\/media?parent=184651"}],"wp:term":[{"taxonomy":"category","embeddable":true,"href":"https:\/\/serbiantimes.info\/en\/wp-json\/wp\/v2\/categories?post=184651"},{"taxonomy":"post_tag","embeddable":true,"href":"https:\/\/serbiantimes.info\/en\/wp-json\/wp\/v2\/tags?post=184651"}],"curies":[{"name":"wp","href":"https:\/\/api.w.org\/{rel}","templated":true}]}}