{"id":184487,"date":"2025-08-11T18:59:05","date_gmt":"2025-08-11T16:59:05","guid":{"rendered":"https:\/\/serbiantimes.info\/en\/?p=184487"},"modified":"2025-08-11T18:59:06","modified_gmt":"2025-08-11T16:59:06","slug":"pumping-is-intensifying-the-protest-calendar-for-the-next-week-has-been-published-students-in-nis-are-rising-up-against-the-conversion-of-state-owned-enterprises-into-llcs","status":"publish","type":"post","link":"https:\/\/serbiantimes.info\/en\/pumping-is-intensifying-the-protest-calendar-for-the-next-week-has-been-published-students-in-nis-are-rising-up-against-the-conversion-of-state-owned-enterprises-into-llcs\/","title":{"rendered":"PUMPING IS INTENSIFYING: The protest calendar for the next week has been published, students in Ni\u0161 are rising up against the conversion of state-owned enterprises into LLCs!"},"content":{"rendered":"\n<p>In the following text, you will find a detailed guide to the protests and gatherings for the week of August 11 to 17, which have been announced on social networks.<\/p>\n\n\n\n<figure class=\"wp-block-embed is-type-wp-embed is-provider-serbiantimes-info wp-block-embed-serbiantimes-info\"><div class=\"wp-block-embed__wrapper\">\n<blockquote class=\"wp-embedded-content\" data-secret=\"iUtbqUP12s\"><a href=\"https:\/\/serbiantimes.info\/teror-nad-srpskom-decom-na-kosmetu-kurtijeva-policija-terorisala-grupu-mladica-pa-pucala-na-jednog-od-njih-kada-je-krenuo-da-bezi-u-sumu\/\">TEROR NAD SRPSKOM DECOM NA KOSMETU: Kurtijeva policija terorisala grupu mladi\u0107a, pa pucala na jednog od njih kada je krenuo da be\u017ei u \u0161umu!<\/a><\/blockquote><iframe loading=\"lazy\" class=\"wp-embedded-content\" sandbox=\"allow-scripts\" security=\"restricted\" style=\"position: absolute; visibility: hidden;\" title=\"&#132;TEROR NAD SRPSKOM DECOM NA KOSMETU: Kurtijeva policija terorisala grupu mladi\u0107a, pa pucala na jednog od njih kada je krenuo da be\u017ei u \u0161umu!&#147; &#8212; Serbiantimes.info\" src=\"https:\/\/serbiantimes.info\/teror-nad-srpskom-decom-na-kosmetu-kurtijeva-policija-terorisala-grupu-mladica-pa-pucala-na-jednog-od-njih-kada-je-krenuo-da-bezi-u-sumu\/embed\/#?secret=oOOGtB6fpp#?secret=iUtbqUP12s\" data-secret=\"iUtbqUP12s\" width=\"500\" height=\"282\" frameborder=\"0\" marginwidth=\"0\" marginheight=\"0\" scrolling=\"no\"><\/iframe>\n<\/div><\/figure>\n\n\n\n<p>BELGRADE<\/p>\n\n\n\n<p>Monday, August 11 11:52 AM \u2013 12:08 PM \u2013 &#8220;16 Minutes of Silence&#8221; gathering, at the intersection near the Faculty of Law (Initiative &#8220;Lawyers and the Boulevard want justice&#8221;). 8:00 PM \u2013 &#8220;No one is alone&#8221; gathering, at the corner of Batutova Street and Bulevar kralja Aleksandra (Zbor Zvezdara).<\/p>\n\n\n\n<p>Tuesday, August 12 8:00 PM \u2013 &#8220;Who is responsible?&#8221; gathering on Ustani\u010dka Street 189 (Zbor Konjarnik). 8:00 PM \u2013 Getting to know the Social Front, on the plateau-park behind the &#8220;Mar\u0161al&#8221; cafe, on the side of BAPUSS (Zbor Zvezdara).<\/p>\n\n\n\n<p>Saturday, August 16 5:00 PM \u2013 9:00 PM \u2013 Humanitarian bazaar on the promenade near the Military Medical Academy (Zbor Cerak).<\/p>\n\n\n\n<p>NOVI SAD<\/p>\n\n\n\n<p>Tuesday, August 12 6:00 PM \u2013 Bazaar in the Campus.<\/p>\n\n\n\n<p>NI\u0160<\/p>\n\n\n\n<p>Friday, August 15 8:00 PM \u2013 &#8220;Together we are stronger&#8221; forum in Sveti Sava Park.<\/p>\n\n\n\n<p>Sunday, August 17 Student protest called &#8220;Serbia LLC.&#8221; The exact time and location of the gathering have not been announced yet.<\/p>\n\n\n\n<h3 class=\"wp-block-heading\"><mark style=\"background-color:#FFFFFF;color:#d21414\" class=\"has-inline-color\">MORE TOPICS:<\/mark><\/h3>\n\n\n\n<p><strong><a href=\"https:\/\/serbiantimes.info\/en\/jokic-from-another-planet-serbia-defeats-greece-away-best-player-in-the-world-shines-video\/\" target=\"_blank\" rel=\"noopener\" title=\"\">JOKI\u0106 FROM ANOTHER PLANET: Serbia Defeats Greece Away, Best Player in the World Shines! (VIDEO)<\/a><\/strong><\/p>\n\n\n\n<p><strong><a href=\"https:\/\/serbiantimes.info\/en\/serbian-women-in-european-championship-final-young-basketball-players-to-fight-for-gold-after-convincing-victory-against-croatia\/\" target=\"_blank\" rel=\"noopener\" title=\"\">SERBIAN WOMEN IN EUROPEAN CHAMPIONSHIP FINAL: Young Basketball Players to Fight for Gold After Convincing Victory Against Croatia!<\/a><\/strong><\/p>\n\n\n\n<p><strong><a href=\"https:\/\/serbiantimes.info\/en\/the-great-spanoulis-admits-serbia-is-the-favorite-for-gold-at-the-european-championship-photo\/\" target=\"_blank\" rel=\"noopener\" title=\"\">THE GREAT SPANOULIS ADMITS: Serbia is the favorite for gold at the European Championship! (PHOTO)<\/a><\/strong><\/p>\n\n\n\n<p><strong><strong>Source<\/strong><\/strong>:  Nedeljnik\u00a0<strong>Foto:<\/strong>\u00a0ATAImages<\/p>\n","protected":false},"excerpt":{"rendered":"<p>In the following text, you will find a detailed guide to the protests and gatherings for the week of August 11 to 17, which have been announced on social networks. BELGRADE Monday, August 11 11:52 AM \u2013 12:08 PM \u2013 &#8220;16 Minutes of Silence&#8221; gathering, at the intersection near the Faculty of Law (Initiative &#8220;Lawyers [&hellip;]<\/p>\n","protected":false},"author":2169,"featured_media":184488,"comment_status":"open","ping_status":"open","sticky":false,"template":"","format":"standard","meta":{"newspack_featured_image_position":"","newspack_post_subtitle":"","newspack_article_summary_title":"Overview:","newspack_article_summary":"","newspack_hide_updated_date":false,"newspack_show_updated_date":false,"footnotes":""},"categories":[7],"tags":[253,8079,1060,642,4837],"class_list":["post-184487","post","type-post","status-publish","format-standard","has-post-thumbnail","hentry","category-serbia","tag-beograd","tag-drzavna-preduzeca","tag-nis","tag-protest","tag-studenti-u-blokadi","entry"],"aioseo_notices":[],"distributor_meta":false,"distributor_terms":false,"distributor_media":false,"distributor_original_site_name":"Serbiantimes.info EN","distributor_original_site_url":"https:\/\/serbiantimes.info\/en","push-errors":false,"_links":{"self":[{"href":"https:\/\/serbiantimes.info\/en\/wp-json\/wp\/v2\/posts\/184487","targetHints":{"allow":["GET"]}}],"collection":[{"href":"https:\/\/serbiantimes.info\/en\/wp-json\/wp\/v2\/posts"}],"about":[{"href":"https:\/\/serbiantimes.info\/en\/wp-json\/wp\/v2\/types\/post"}],"author":[{"embeddable":true,"href":"https:\/\/serbiantimes.info\/en\/wp-json\/wp\/v2\/users\/2169"}],"replies":[{"embeddable":true,"href":"https:\/\/serbiantimes.info\/en\/wp-json\/wp\/v2\/comments?post=184487"}],"version-history":[{"count":2,"href":"https:\/\/serbiantimes.info\/en\/wp-json\/wp\/v2\/posts\/184487\/revisions"}],"predecessor-version":[{"id":184511,"href":"https:\/\/serbiantimes.info\/en\/wp-json\/wp\/v2\/posts\/184487\/revisions\/184511"}],"wp:featuredmedia":[{"embeddable":true,"href":"https:\/\/serbiantimes.info\/en\/wp-json\/wp\/v2\/media\/184488"}],"wp:attachment":[{"href":"https:\/\/serbiantimes.info\/en\/wp-json\/wp\/v2\/media?parent=184487"}],"wp:term":[{"taxonomy":"category","embeddable":true,"href":"https:\/\/serbiantimes.info\/en\/wp-json\/wp\/v2\/categories?post=184487"},{"taxonomy":"post_tag","embeddable":true,"href":"https:\/\/serbiantimes.info\/en\/wp-json\/wp\/v2\/tags?post=184487"}],"curies":[{"name":"wp","href":"https:\/\/api.w.org\/{rel}","templated":true}]}}