{"id":184482,"date":"2025-08-11T18:49:57","date_gmt":"2025-08-11T16:49:57","guid":{"rendered":"https:\/\/serbiantimes.info\/en\/?p=184482"},"modified":"2025-08-11T18:49:58","modified_gmt":"2025-08-11T16:49:58","slug":"russians-angry-over-weapons-exports-to-ukraine-bocan-harchenko-publicly-sends-a-message-to-vucic-regarding-serbian-ammunition-that-is-killing-russian-soldiers","status":"publish","type":"post","link":"https:\/\/serbiantimes.info\/en\/russians-angry-over-weapons-exports-to-ukraine-bocan-harchenko-publicly-sends-a-message-to-vucic-regarding-serbian-ammunition-that-is-killing-russian-soldiers\/","title":{"rendered":"RUSSIANS ANGRY OVER WEAPONS EXPORTS TO UKRAINE: Bocan-Harchenko publicly sends a message to Vu\u010di\u0107 regarding Serbian ammunition that is killing Russian soldiers"},"content":{"rendered":"\n<p>Russia&#8217;s Ambassador to Serbia, Aleksandar Bocan-Harchenko, assessed relations between Serbia and Russia as &#8220;generally positive,&#8221; but also said there were worrying things, mentioning the situation around Serbian ammunition that was reaching Ukraine.<\/p>\n\n\n\n<p>&#8220;Belgrade has not joined the illegitimate measures of the European Union and has no intention of doing so. We continue our cooperation, which, however, is not proceeding at the same speed as before, because most of the countries surrounding Serbia are anti-Russian. In this sense, the sanctions create a logistical obstacle,&#8221; Harchenko said in an interview with the newspaper Politika, adding that, despite this, the two countries are working on an economic level.<\/p>\n\n\n\n<figure class=\"wp-block-embed is-type-wp-embed is-provider-serbiantimes-info wp-block-embed-serbiantimes-info\"><div class=\"wp-block-embed__wrapper\">\n<blockquote class=\"wp-embedded-content\" data-secret=\"VcwCs1Hf2f\"><a href=\"https:\/\/serbiantimes.info\/ruska-obavestajna-sluzba-demantovala-vucica-srbija-povecava-izvoz-oruzja-ukrajini-uprkos-pritisku-moskve\/\">RUSKA OBAVE\u0160TAJNA SLU\u017dBA DEMANTOVALA VU\u010cI\u0106A: \u201eSrbija pove\u0107ava izvoz oru\u017eja Ukrajini uprkos pritisku Moskve!\u201c<\/a><\/blockquote><iframe loading=\"lazy\" class=\"wp-embedded-content\" sandbox=\"allow-scripts\" security=\"restricted\" style=\"position: absolute; visibility: hidden;\" title=\"&#132;RUSKA OBAVE\u0160TAJNA SLU\u017dBA DEMANTOVALA VU\u010cI\u0106A: \u201eSrbija pove\u0107ava izvoz oru\u017eja Ukrajini uprkos pritisku Moskve!\u201c&#147; &#8212; Serbiantimes.info\" src=\"https:\/\/serbiantimes.info\/ruska-obavestajna-sluzba-demantovala-vucica-srbija-povecava-izvoz-oruzja-ukrajini-uprkos-pritisku-moskve\/embed\/#?secret=nxaSuF3oH4#?secret=VcwCs1Hf2f\" data-secret=\"VcwCs1Hf2f\" width=\"500\" height=\"282\" frameborder=\"0\" marginwidth=\"0\" marginheight=\"0\" scrolling=\"no\"><\/iframe>\n<\/div><\/figure>\n\n\n\n<p>He added that there were also worrying things and, as an example, stated that Belgrade supported several anti-Russian resolutions in international organizations. &#8220;There was also a situation around Serbian ammunition, which was reaching Ukrainian armed formations, which President Vu\u010di\u0107, we hope, immediately resolved,&#8221; said Harchenko.<\/p>\n\n\n\n<p>To the journalist&#8217;s statement that Serbia has a problem with &#8220;end users,&#8221; he retorted that &#8220;of course, it has a problem with them, but I think that President Vu\u010di\u0107 has finally come to a solution that prevents the possibility of fraud by so-called end users and the delivery of Serbian weapons to Ukraine.&#8221; &#8220;I&#8217;m not saying that Serbia was directly supplying weapons to Kyiv, nor do I have such a desire,&#8221; Harchenko emphasized.<\/p>\n\n\n\n<h4 class=\"wp-block-heading\"><mark style=\"background-color:#FFFFFF;color:#d21414\" class=\"has-inline-color\">FIND OUT MORE:<\/mark><\/h4>\n\n\n\n<figure class=\"wp-block-embed is-type-wp-embed is-provider-serbiantimes-info wp-block-embed-serbiantimes-info\"><div class=\"wp-block-embed__wrapper\">\n<blockquote class=\"wp-embedded-content\" data-secret=\"tSvnMBLNVl\"><a href=\"https:\/\/serbiantimes.info\/bozije-cudo-u-novom-sadu-kamp-prikolica-potpuno-izgorela-a-drveni-blagoslov-za-ulazak-u-dom-skoro-ostao-netaknut\/\">BO\u017dIJE \u010cUDO U NOVOM SADU: Kamp prikolica potpuno izgorela, a drveni blagoslov za ulazak u dom skoro ostao netaknut!<\/a><\/blockquote><iframe loading=\"lazy\" class=\"wp-embedded-content\" sandbox=\"allow-scripts\" security=\"restricted\" style=\"position: absolute; visibility: hidden;\" title=\"&#132;BO\u017dIJE \u010cUDO U NOVOM SADU: Kamp prikolica potpuno izgorela, a drveni blagoslov za ulazak u dom skoro ostao netaknut!&#147; &#8212; Serbiantimes.info\" src=\"https:\/\/serbiantimes.info\/bozije-cudo-u-novom-sadu-kamp-prikolica-potpuno-izgorela-a-drveni-blagoslov-za-ulazak-u-dom-skoro-ostao-netaknut\/embed\/#?secret=azJ7LboaY9#?secret=tSvnMBLNVl\" data-secret=\"tSvnMBLNVl\" width=\"500\" height=\"282\" frameborder=\"0\" marginwidth=\"0\" marginheight=\"0\" scrolling=\"no\"><\/iframe>\n<\/div><\/figure>\n\n\n\n<p>People Sincerely Joined the Protests<\/p>\n\n\n\n<p>&#8220;Regarding the colored revolution in Serbia, we use the assessments of the president and other officials, based on evidence and reliable data on current events,&#8221; said Harchenko.<\/p>\n\n\n\n<p>He added that it is also clear that people joined the protests driven by their sincere emotions after the tragedy in Novi Sad in November of last year.<\/p>\n\n\n\n<p>&#8220;All in all, I assume that a constructive approach will bear fruit and lead to a solution to this situation that has been going on for almost a year, and that represents a serious obstacle to the realization of socioeconomic development plans. President Vu\u010di\u0107 has already stated the specific damage in numbers,&#8221; said Harchenko.<\/p>\n\n\n\n<h4 class=\"wp-block-heading\"><mark style=\"background-color:#FFFFFF;color:#d21414\" class=\"has-inline-color\">MORE TOPICS:<\/mark><\/h4>\n\n\n\n<p><strong><a href=\"https:\/\/serbiantimes.info\/en\/jokic-from-another-planet-serbia-defeats-greece-away-best-player-in-the-world-shines-video\/\" target=\"_blank\" rel=\"noopener\" title=\"\">JOKI\u0106 FROM ANOTHER PLANET: Serbia Defeats Greece Away, Best Player in the World Shines! (VIDEO)<\/a><\/strong><\/p>\n\n\n\n<p><strong><a href=\"https:\/\/serbiantimes.info\/en\/serbian-women-in-european-championship-final-young-basketball-players-to-fight-for-gold-after-convincing-victory-against-croatia\/\" target=\"_blank\" rel=\"noopener\" title=\"\">SERBIAN WOMEN IN EUROPEAN CHAMPIONSHIP FINAL: Young Basketball Players to Fight for Gold After Convincing Victory Against Croatia!<\/a><\/strong><\/p>\n\n\n\n<p><strong><a href=\"https:\/\/serbiantimes.info\/en\/the-great-spanoulis-admits-serbia-is-the-favorite-for-gold-at-the-european-championship-photo\/\" target=\"_blank\" rel=\"noopener\" title=\"\">THE GREAT SPANOULIS ADMITS: Serbia is the favorite for gold at the European Championship! (PHOTO)<\/a><\/strong><\/p>\n\n\n\n<p><strong><strong>Source<\/strong><\/strong>: N1,\u00a0<strong>Foto:<\/strong>\u00a0ATA images<\/p>\n","protected":false},"excerpt":{"rendered":"<p>Russia&#8217;s Ambassador to Serbia, Aleksandar Bocan-Harchenko, assessed relations between Serbia and Russia as &#8220;generally positive,&#8221; but also said there were worrying things, mentioning the situation around Serbian ammunition that was reaching Ukraine. &#8220;Belgrade has not joined the illegitimate measures of the European Union and has no intention of doing so. We continue our cooperation, which, [&hellip;]<\/p>\n","protected":false},"author":2169,"featured_media":184483,"comment_status":"open","ping_status":"open","sticky":false,"template":"","format":"standard","meta":{"newspack_featured_image_position":"","newspack_post_subtitle":"","newspack_article_summary_title":"Overview:","newspack_article_summary":"","newspack_hide_updated_date":false,"newspack_show_updated_date":false,"footnotes":""},"categories":[7],"tags":[856,8073,6952,738,703],"class_list":["post-184482","post","type-post","status-publish","format-standard","has-post-thumbnail","hentry","category-serbia","tag-aleksandar-vucic","tag-bocan-harcenko","tag-municija","tag-rusija","tag-ukrajina","entry"],"aioseo_notices":[],"distributor_meta":false,"distributor_terms":false,"distributor_media":false,"distributor_original_site_name":"Serbiantimes.info EN","distributor_original_site_url":"https:\/\/serbiantimes.info\/en","push-errors":false,"_links":{"self":[{"href":"https:\/\/serbiantimes.info\/en\/wp-json\/wp\/v2\/posts\/184482","targetHints":{"allow":["GET"]}}],"collection":[{"href":"https:\/\/serbiantimes.info\/en\/wp-json\/wp\/v2\/posts"}],"about":[{"href":"https:\/\/serbiantimes.info\/en\/wp-json\/wp\/v2\/types\/post"}],"author":[{"embeddable":true,"href":"https:\/\/serbiantimes.info\/en\/wp-json\/wp\/v2\/users\/2169"}],"replies":[{"embeddable":true,"href":"https:\/\/serbiantimes.info\/en\/wp-json\/wp\/v2\/comments?post=184482"}],"version-history":[{"count":2,"href":"https:\/\/serbiantimes.info\/en\/wp-json\/wp\/v2\/posts\/184482\/revisions"}],"predecessor-version":[{"id":184499,"href":"https:\/\/serbiantimes.info\/en\/wp-json\/wp\/v2\/posts\/184482\/revisions\/184499"}],"wp:featuredmedia":[{"embeddable":true,"href":"https:\/\/serbiantimes.info\/en\/wp-json\/wp\/v2\/media\/184483"}],"wp:attachment":[{"href":"https:\/\/serbiantimes.info\/en\/wp-json\/wp\/v2\/media?parent=184482"}],"wp:term":[{"taxonomy":"category","embeddable":true,"href":"https:\/\/serbiantimes.info\/en\/wp-json\/wp\/v2\/categories?post=184482"},{"taxonomy":"post_tag","embeddable":true,"href":"https:\/\/serbiantimes.info\/en\/wp-json\/wp\/v2\/tags?post=184482"}],"curies":[{"name":"wp","href":"https:\/\/api.w.org\/{rel}","templated":true}]}}