{"id":184300,"date":"2025-08-08T18:44:41","date_gmt":"2025-08-08T16:44:41","guid":{"rendered":"https:\/\/serbiantimes.info\/en\/?p=184300"},"modified":"2025-08-08T18:50:50","modified_gmt":"2025-08-08T16:50:50","slug":"treba-da-se-povuce-srpska-vlast-opozicija-i-nvo-slozni-tonino-picula-posle-fotke-sa-puskom-i-slavljenja-oluje-vise-ne-nmoze-da-biude-izaslanik-eu-za-srbiju","status":"publish","type":"post","link":"https:\/\/serbiantimes.info\/en\/treba-da-se-povuce-srpska-vlast-opozicija-i-nvo-slozni-tonino-picula-posle-fotke-sa-puskom-i-slavljenja-oluje-vise-ne-nmoze-da-biude-izaslanik-eu-za-srbiju\/","title":{"rendered":"&#8220;HE SHOULD WITHDRAW!&#8221;: Serbian authorities and opposition agree: Tonino Picula can no longer be the EU envoy for Serbia after the photo with a rifle and celebrating &#8220;Storm&#8221;!"},"content":{"rendered":"\n<p><strong><em>Tonino Picula, the European Parliament&#8217;s rapporteur for Serbia, succeeded in what few have managed &#8211; he practically united the opposition, authorities and the NGO sector in our country after he published his photo in a military uniform with an automatic rifle and thus marked the 30th anniversary of &#8220;Storm&#8221;.<\/em><\/strong><\/p>\n\n\n\n<p>Because of this, after the authorities, the opposition also requested Picula&#8217;s removal from office, and analysts assess that it might be best for the European official to withdraw himself.<\/p>\n\n\n\n<p>Along with a photo from his military days, Tonino Picula congratulated all Croatian citizens on the &#8220;day of victory and homeland gratitude&#8221; with the message that &#8220;30 years have passed since Storm, the military and police operation crucial for the liberation of the occupied territories of Croatia&#8221;.<\/p>\n\n\n\n<blockquote class=\"twitter-tweet\"><p lang=\"und\" dir=\"ltr\">Pro\u0161lo je 30 godina od Oluje, vojno-redarstvene akcije klju\u010dne za osloba\u0111anje okupiranih podru\u010dja Hrvatske. <br>Zalaganje za mir, ja\u010danje demokracije i ravnomjernog gospodarskog boljitka trebaju biti trajni putokazi u razvoju na\u0161eg dru\u0161tva, pogotovo danas kada su te vrijednosti pod\u2026 <a href=\"https:\/\/t.co\/7SKC587VhQ\">pic.twitter.com\/7SKC587VhQ<\/a><\/p>&mdash; Tonino Picula (@TPicula) <a href=\"https:\/\/twitter.com\/TPicula\/status\/1952632534073815260?ref_src=twsrc%5Etfw\">August 5, 2025<\/a><\/blockquote> <script async src=\"https:\/\/platform.twitter.com\/widgets.js\" charset=\"utf-8\"><\/script>\n\n\n\n<h3 class=\"wp-block-heading\">DJILAS: &#8220;You cannot be an envoy with an automatic rifle in your hand&#8221;<\/h3>\n\n\n\n<p>This caused an avalanche of negative reactions from Serbia, which, for a change, were led by pro-Western opposition politicians such as Dragan Djilas, the president of the SSP, or Aleksandar Radovanovic from the PSG, as well as Bojan Selakovic, the coordinator of the National Convention on the EU. All three of them practically agreed that Picula had lost credibility as the EP rapporteur for Serbia.<\/p>\n\n\n\n<p>Djilas said that Picula compromised his position because &#8220;you cannot be an envoy with an automatic rifle in your hand.&#8221;<\/p>\n\n\n\n<p>In the PSG, among other things, they said that &#8220;regardless of all the positive things he has done in the previous 10 months&#8221;, Picula cannot remain the European Parliament&#8217;s rapporteur for Serbia after this post.<\/p>\n\n\n\n<blockquote class=\"twitter-tweet\"><p lang=\"und\" dir=\"ltr\">Po\u0161tovani gospodine Picula,<br>I pored optere\u0107enja srpsko-hrvatskim odnosima prihvatili smo Va\u0161e imenovanje za izvestioca Evropskog parlamenta za Srbiju kao dobru vest. Verovali smo da ste \u010dovek budu\u0107nosti, a ne pro\u0161losti. I tako je i bilo sve do danas. Danas ste se oglasili\u2026 <a href=\"https:\/\/t.co\/m6lFuqV7Lx\">https:\/\/t.co\/m6lFuqV7Lx<\/a><\/p>&mdash; Dragan Djilas (@DraganDjilas) <a href=\"https:\/\/twitter.com\/DraganDjilas\/status\/1952775078489260089?ref_src=twsrc%5Etfw\">August 5, 2025<\/a><\/blockquote> <script async src=\"https:\/\/platform.twitter.com\/widgets.js\" charset=\"utf-8\"><\/script>\n\n\n\n<p>Vucic: &#8220;I am proud of the fact that I never wanted to receive Picula&#8221;<br>If you add to that that the authorities led by President Aleksandar Vucic have almost ignored Picula since he became the EP rapporteur for Serbia, it is clear that the Croatian member of parliament is no longer very welcome in our country.<\/p>\n\n\n\n<p>Vucic said that he was &#8220;proud of the fact&#8221; that he never wanted to receive Picula here.<\/p>\n\n\n\n<p>-And now you could see from what he himself publishes how right I was. And because of that I suffered numerous pressures, and because of that the colored revolution had its special course and support that came from some European countries &#8211; Vucic stated, among other things.<\/p>\n\n\n\n<h4 class=\"wp-block-heading\"><mark style=\"background-color:#FFFFFF;color:#d21414\" class=\"has-inline-color\">MORE TOPICS:<\/mark><\/h4>\n\n\n\n<p><strong><a href=\"https:\/\/serbiantimes.info\/en\/christopher-hill-in-the-service-of-serbian-american-relations-former-u-s-ambassador-became-an-advisor-to-the-pupin-initiative\/\" target=\"_blank\" rel=\"noopener\" title=\"\">CHRISTOPHER HILL IN THE SERVICE OF SERBIAN-AMERICAN RELATIONS: Former U.S. ambassador became an advisor to the \u201cPupin Initiative\u201d!<\/a><\/strong><\/p>\n\n\n\n<p><strong><a href=\"https:\/\/serbiantimes.info\/en\/dodik-announced-a-referendum-i-am-staying-in-srpska-and-in-office-the-people-will-decide-about-me\/\" target=\"_blank\" rel=\"noopener\" title=\"\">DODIK ANNOUNCED A REFERENDUM: \u201cI am staying in Srpska and in office, the people will decide about me!\u201d<\/a><\/strong><\/p>\n\n\n\n<p><strong><a href=\"https:\/\/serbiantimes.info\/en\/public-shocked-institutions-silent-a-video-of-children-shouting-za-dom-spremni-while-holding-toy-rifles-is-spreading-video\/\" target=\"_blank\" rel=\"noopener\" title=\"\">PUBLIC SHOCKED, INSTITUTIONS SILENT: A video of children shouting \u201cZa dom spremni\u201d while holding toy rifles is spreading! (VIDEO)<\/a><\/strong><\/p>\n\n\n\n<p><strong><strong>Source<\/strong>:\u00a0<\/strong>Blic\u00a0<strong>Photo:\u00a0<\/strong>Privatna arhiva<\/p>\n\n\n\n<p><a target=\"_blank\" rel=\"noreferrer noopener\" href=\"https:\/\/track.roinattrack.com\/aec6e8f8-ba5f-4376-9b88-739c0e584916\"><\/a><\/p>\n","protected":false},"excerpt":{"rendered":"<p>Tonino Picula, the European Parliament&#8217;s rapporteur for Serbia, succeeded in what few have managed &#8211; he practically united the opposition, authorities and the NGO sector in our country after he published his photo in a military uniform with an automatic rifle and thus marked the 30th anniversary of &#8220;Storm&#8221;. Because of this, after the authorities, [&hellip;]<\/p>\n","protected":false},"author":8,"featured_media":184301,"comment_status":"open","ping_status":"open","sticky":false,"template":"","format":"standard","meta":{"newspack_featured_image_position":"","newspack_post_subtitle":"","newspack_article_summary_title":"Overview:","newspack_article_summary":"","newspack_hide_updated_date":false,"newspack_show_updated_date":false,"footnotes":""},"categories":[4],"tags":[8015,173,6430],"class_list":["post-184300","post","type-post","status-publish","format-standard","has-post-thumbnail","hentry","category-breaking","tag-izaslanik-eu-za-srbiju","tag-oluja","tag-tonino-picula","entry"],"aioseo_notices":[],"distributor_meta":false,"distributor_terms":false,"distributor_media":false,"distributor_original_site_name":"Serbiantimes.info EN","distributor_original_site_url":"https:\/\/serbiantimes.info\/en","push-errors":false,"_links":{"self":[{"href":"https:\/\/serbiantimes.info\/en\/wp-json\/wp\/v2\/posts\/184300","targetHints":{"allow":["GET"]}}],"collection":[{"href":"https:\/\/serbiantimes.info\/en\/wp-json\/wp\/v2\/posts"}],"about":[{"href":"https:\/\/serbiantimes.info\/en\/wp-json\/wp\/v2\/types\/post"}],"author":[{"embeddable":true,"href":"https:\/\/serbiantimes.info\/en\/wp-json\/wp\/v2\/users\/8"}],"replies":[{"embeddable":true,"href":"https:\/\/serbiantimes.info\/en\/wp-json\/wp\/v2\/comments?post=184300"}],"version-history":[{"count":1,"href":"https:\/\/serbiantimes.info\/en\/wp-json\/wp\/v2\/posts\/184300\/revisions"}],"predecessor-version":[{"id":184334,"href":"https:\/\/serbiantimes.info\/en\/wp-json\/wp\/v2\/posts\/184300\/revisions\/184334"}],"wp:featuredmedia":[{"embeddable":true,"href":"https:\/\/serbiantimes.info\/en\/wp-json\/wp\/v2\/media\/184301"}],"wp:attachment":[{"href":"https:\/\/serbiantimes.info\/en\/wp-json\/wp\/v2\/media?parent=184300"}],"wp:term":[{"taxonomy":"category","embeddable":true,"href":"https:\/\/serbiantimes.info\/en\/wp-json\/wp\/v2\/categories?post=184300"},{"taxonomy":"post_tag","embeddable":true,"href":"https:\/\/serbiantimes.info\/en\/wp-json\/wp\/v2\/tags?post=184300"}],"curies":[{"name":"wp","href":"https:\/\/api.w.org\/{rel}","templated":true}]}}