{"id":184242,"date":"2025-08-07T17:11:19","date_gmt":"2025-08-07T15:11:19","guid":{"rendered":"https:\/\/serbiantimes.info\/en\/?p=184242"},"modified":"2025-08-07T17:11:20","modified_gmt":"2025-08-07T15:11:20","slug":"policeman-nebojsa-savic-got-a-street-in-his-hometown-27-years-after-his-death-in-kosovo-his-name-remains-inscribed-forever-photo","status":"publish","type":"post","link":"https:\/\/serbiantimes.info\/en\/policeman-nebojsa-savic-got-a-street-in-his-hometown-27-years-after-his-death-in-kosovo-his-name-remains-inscribed-forever-photo\/","title":{"rendered":"POLICEMAN NEBOJ\u0160A SAVI\u0106 GOT A STREET IN HIS HOMETOWN: 27 years after his death in Kosovo, his name remains inscribed forever! (PHOTO)"},"content":{"rendered":"\n<p><strong><em>27 years after his death in Kosovo and Metohija in a conflict with U\u00c7K terrorists, policeman Neboj\u0161a Savi\u0107 has a street named after him in his hometown of Manjak near Vladi\u010din Han.<\/em><\/strong><\/p>\n\n\n\n<p>Neboj\u0161a was the first victim of the Vranje company of the Special Police Units (PJP), who was killed on August 6, 1998, in the village of Rakovina, halfway between \u0110akovica and Klina.<\/p>\n\n\n\n<figure class=\"wp-block-image size-full\"><img loading=\"lazy\" decoding=\"async\" width=\"850\" height=\"637\" src=\"http:\/\/serbiantimes.info\/wp-content\/uploads\/sites\/2\/2025\/08\/image-7.png\" alt=\"\" class=\"wp-image-184243\" srcset=\"https:\/\/serbiantimes.info\/en\/wp-content\/uploads\/sites\/2\/2025\/08\/image-7.png 850w, https:\/\/serbiantimes.info\/en\/wp-content\/uploads\/sites\/2\/2025\/08\/image-7-300x225.png 300w, https:\/\/serbiantimes.info\/en\/wp-content\/uploads\/sites\/2\/2025\/08\/image-7-768x576.png 768w, https:\/\/serbiantimes.info\/en\/wp-content\/uploads\/sites\/2\/2025\/08\/image-7-800x600.png 800w, https:\/\/serbiantimes.info\/en\/wp-content\/uploads\/sites\/2\/2025\/08\/image-7-600x450.png 600w, https:\/\/serbiantimes.info\/en\/wp-content\/uploads\/sites\/2\/2025\/08\/image-7-400x300.png 400w, https:\/\/serbiantimes.info\/en\/wp-content\/uploads\/sites\/2\/2025\/08\/image-7-200x150.png 200w\" sizes=\"auto, (max-width: 850px) 100vw, 850px\" \/><\/figure>\n\n\n\n<p>At an important road intersection in Rakovina, while he was on guard, a projectile from a rocket launcher was fired at Savi\u0107 and his colleagues.<\/p>\n\n\n\n<p>The street name sign was unveiled by Neboj\u0161a&#8217;s son<\/p>\n\n\n\n<p>Savi\u0107 was killed on the spot, while one of his colleagues was wounded. The sign with the new street name was unveiled by Neboj\u0161a&#8217;s son Milovan, who was still a baby when his father was killed.<\/p>\n\n\n\n<figure class=\"wp-block-image size-full\"><img loading=\"lazy\" decoding=\"async\" width=\"850\" height=\"637\" src=\"http:\/\/serbiantimes.info\/wp-content\/uploads\/sites\/2\/2025\/08\/image-8.png\" alt=\"\" class=\"wp-image-184244\" srcset=\"https:\/\/serbiantimes.info\/en\/wp-content\/uploads\/sites\/2\/2025\/08\/image-8.png 850w, https:\/\/serbiantimes.info\/en\/wp-content\/uploads\/sites\/2\/2025\/08\/image-8-300x225.png 300w, https:\/\/serbiantimes.info\/en\/wp-content\/uploads\/sites\/2\/2025\/08\/image-8-768x576.png 768w, https:\/\/serbiantimes.info\/en\/wp-content\/uploads\/sites\/2\/2025\/08\/image-8-800x600.png 800w, https:\/\/serbiantimes.info\/en\/wp-content\/uploads\/sites\/2\/2025\/08\/image-8-600x450.png 600w, https:\/\/serbiantimes.info\/en\/wp-content\/uploads\/sites\/2\/2025\/08\/image-8-400x300.png 400w, https:\/\/serbiantimes.info\/en\/wp-content\/uploads\/sites\/2\/2025\/08\/image-8-200x150.png 200w\" sizes=\"auto, (max-width: 850px) 100vw, 850px\" \/><\/figure>\n\n\n\n<p>All present then paid tribute and laid flowers and wreaths on Neboj\u0161a&#8217;s grave.<\/p>\n\n\n\n<p>The killed policemen of the Vranje company during the conflict with terrorists in Kosovo and Metohija got street names on the initiative of the Association of Veterans of Special Police Units, to which they belonged.<\/p>\n\n\n\n<h4 class=\"wp-block-heading\"><mark style=\"background-color:#FFFFFF;color:#d21414\" class=\"has-inline-color\">MORE TOPICS:<\/mark><\/h4>\n\n\n\n<p><strong><a href=\"https:\/\/serbiantimes.info\/en\/nadam-se-da-cu-uskoro-biti-sa-vama-na-slobodi-pumpaj-student-luka-se-iz-kucnog-pritvora-obratio-kragujevcanima-video\/\" target=\"_blank\" rel=\"noopener\" title=\"\">\u201cI HOPE TO BE FREE WITH YOU SOON, PUMP IT!\u201d: Student Luka addressed the people of Kragujevac from house arrest! (VIDEO)<\/a><\/strong><\/p>\n\n\n\n<p><strong><a href=\"https:\/\/serbiantimes.info\/en\/bronze-shines-like-gold-young-serbian-tennis-players-won-third-place-at-the-european-championship\/\" target=\"_blank\" rel=\"noopener\" title=\"\">BRONZE SHINES LIKE GOLD: Young Serbian tennis players won third place at the European Championship!<\/a><\/strong><\/p>\n\n\n\n<p><strong><a href=\"https:\/\/serbiantimes.info\/en\/christopher-hill-in-the-service-of-serbian-american-relations-former-u-s-ambassador-became-an-advisor-to-the-pupin-initiative\/\" target=\"_blank\" rel=\"noopener\" title=\"\">CHRISTOPHER HILL IN THE SERVICE OF SERBIAN-AMERICAN RELATIONS: Former U.S. ambassador became an advisor to the \u201cPupin Initiative\u201d!<\/a><\/strong><\/p>\n\n\n\n<p><strong><a href=\"https:\/\/serbiantimes.info\/en\/dodik-announced-a-referendum-i-am-staying-in-srpska-and-in-office-the-people-will-decide-about-me\/\" target=\"_blank\" rel=\"noopener\" title=\"\">DODIK ANNOUNCED A REFERENDUM: \u201cI am staying in Srpska and in office, the people will decide about me!\u201d<\/a><\/strong><\/p>\n\n\n\n<p><strong><a href=\"https:\/\/serbiantimes.info\/en\/public-shocked-institutions-silent-a-video-of-children-shouting-za-dom-spremni-while-holding-toy-rifles-is-spreading-video\/\" target=\"_blank\" rel=\"noopener\" title=\"\">PUBLIC SHOCKED, INSTITUTIONS SILENT: A video of children shouting \u201cZa dom spremni\u201d while holding toy rifles is spreading! (VIDEO)<\/a><\/strong><\/p>\n\n\n\n<p><strong><strong>Source<\/strong>:\u00a0<\/strong>Blic, <strong>Photo:<\/strong> Privatna arhiva<\/p>\n","protected":false},"excerpt":{"rendered":"<p>27 years after his death in Kosovo and Metohija in a conflict with U\u00c7K terrorists, policeman Neboj\u0161a Savi\u0107 has a street named after him in his hometown of Manjak near Vladi\u010din Han. Neboj\u0161a was the first victim of the Vranje company of the Special Police Units (PJP), who was killed on August 6, 1998, in [&hellip;]<\/p>\n","protected":false},"author":2169,"featured_media":184247,"comment_status":"open","ping_status":"open","sticky":false,"template":"","format":"standard","meta":{"newspack_featured_image_position":"","newspack_post_subtitle":"","newspack_article_summary_title":"Overview:","newspack_article_summary":"","newspack_hide_updated_date":false,"newspack_show_updated_date":false,"footnotes":""},"categories":[7],"tags":[107,109,7998,7999,1693,2929,113,262,4106,8000],"class_list":["post-184242","post","type-post","status-publish","format-standard","has-post-thumbnail","hentry","category-serbia","tag-kim","tag-kosovo-i-metohija","tag-naziv-ulice","tag-nebojsa-savic","tag-policajac","tag-rodno-selo","tag-srbija","tag-tragedija","tag-uck-3","tag-vladicin-han","entry"],"aioseo_notices":[],"distributor_meta":false,"distributor_terms":false,"distributor_media":false,"distributor_original_site_name":"Serbiantimes.info EN","distributor_original_site_url":"https:\/\/serbiantimes.info\/en","push-errors":false,"_links":{"self":[{"href":"https:\/\/serbiantimes.info\/en\/wp-json\/wp\/v2\/posts\/184242","targetHints":{"allow":["GET"]}}],"collection":[{"href":"https:\/\/serbiantimes.info\/en\/wp-json\/wp\/v2\/posts"}],"about":[{"href":"https:\/\/serbiantimes.info\/en\/wp-json\/wp\/v2\/types\/post"}],"author":[{"embeddable":true,"href":"https:\/\/serbiantimes.info\/en\/wp-json\/wp\/v2\/users\/2169"}],"replies":[{"embeddable":true,"href":"https:\/\/serbiantimes.info\/en\/wp-json\/wp\/v2\/comments?post=184242"}],"version-history":[{"count":2,"href":"https:\/\/serbiantimes.info\/en\/wp-json\/wp\/v2\/posts\/184242\/revisions"}],"predecessor-version":[{"id":184276,"href":"https:\/\/serbiantimes.info\/en\/wp-json\/wp\/v2\/posts\/184242\/revisions\/184276"}],"wp:featuredmedia":[{"embeddable":true,"href":"https:\/\/serbiantimes.info\/en\/wp-json\/wp\/v2\/media\/184247"}],"wp:attachment":[{"href":"https:\/\/serbiantimes.info\/en\/wp-json\/wp\/v2\/media?parent=184242"}],"wp:term":[{"taxonomy":"category","embeddable":true,"href":"https:\/\/serbiantimes.info\/en\/wp-json\/wp\/v2\/categories?post=184242"},{"taxonomy":"post_tag","embeddable":true,"href":"https:\/\/serbiantimes.info\/en\/wp-json\/wp\/v2\/tags?post=184242"}],"curies":[{"name":"wp","href":"https:\/\/api.w.org\/{rel}","templated":true}]}}