{"id":184056,"date":"2025-08-05T15:06:48","date_gmt":"2025-08-05T13:06:48","guid":{"rendered":"https:\/\/serbiantimes.info\/en\/?p=184056"},"modified":"2025-08-05T15:06:49","modified_gmt":"2025-08-05T13:06:49","slug":"its-official-now-vucic-pardoned-the-girl-who-hit-a-student-with-a-car-at-a-protest-in-belgrade","status":"publish","type":"post","link":"https:\/\/serbiantimes.info\/en\/its-official-now-vucic-pardoned-the-girl-who-hit-a-student-with-a-car-at-a-protest-in-belgrade\/","title":{"rendered":"IT&#8217;S OFFICIAL NOW: Vu\u010di\u0107 pardoned the girl who hit a student with a car at a protest in Belgrade!"},"content":{"rendered":"\n<p><strong><em>Milica Stojanovi\u0107, who hit and seriously injured a student with her car during a protest in Belgrade in January, has been pardoned by a decision of Serbian President Aleksandar Vu\u010di\u0107, KRIK was told by the Third Basic Court. Vu\u010di\u0107 announced this decision last month, and it was the last in a series of good news for Stojanovi\u0107 &#8211; as her criminal offense was first mitigated, and then she was released from custody.<\/em><\/strong><\/p>\n\n\n\n<p>&#8220;She did not deserve that (trial) in any way, and it is terrible for me that as a president who has not issued a single pardon in nine years until a few weeks ago, I now have to correct the injustice inflicted by prosecutors and courts,&#8221; said President Aleksandar Vu\u010di\u0107 in the middle of last month, commenting on the proceedings against Milica Stojanovi\u0107, who was accused of hitting a student with a car at a protest in Belgrade.<\/p>\n\n\n\n<p>Vu\u010di\u0107 kept his promise &#8211; he made a decision to pardon Stojanovi\u0107, after which the court dismissed the indictment against her on August 1st, KRIK writes.<\/p>\n\n\n\n<p>This completely acquitted Stojanovi\u0107 of the criminal offense she committed. This move is not a surprise, given that earlier decisions were made in Stojanovi\u0107&#8217;s favor.<\/p>\n\n\n\n<p>Thus, although she was initially charged with attempted murder, for which she could have received a prison sentence of 10 or more years, the chief prosecutor of the Higher Public Prosecutor&#8217;s Office in Belgrade, Nenad Stefanovi\u0107, mitigated her criminal offense to &#8211; a serious crime against public safety.<\/p>\n\n\n\n<p>This meant that she could be sentenced to a maximum of five years in prison, and the case was transferred to a lower court &#8211; the Third Basic Court in Belgrade.<\/p>\n\n\n\n<p>The change in the criminal offense was preceded by a change of prosecutor &#8211; Stefanovi\u0107 took the case from prosecutor Jelena Belopavlovi\u0107, who had initially charged Stojanovi\u0107 with attempted murder. This prosecutor was at the time under attack from tabloids who, among other things, accused her of being part of the &#8220;Serbian judiciary that has seceded from the state, laws, rights and justice,&#8221; KRIK writes.<\/p>\n\n\n\n<p>Stojanovi\u0107 was then released from custody, where she had been since January.<\/p>\n\n\n\n<p>This is not the only case in which the president pardoned attackers on students who have been protesting since November last year due to the collapse of a canopy from the railway station building in Novi Sad, when 16 people died. He recently pardoned four activists of the ruling Serbian Progressive Party who were on trial for dislocating a student&#8217;s jaw in Novi Sad at the end of January.<\/p>\n\n\n\n<p>Since November 1st last year, students have been organizing 16-minute street blockades throughout Serbia and paying silent tribute to those who died in the collapse of the canopy. They soon started blocking faculties, demanding accountability from those who were in charge of the reconstruction of the canopy, as well as the prosecution of the attackers on their colleagues during the blockades. Their demands have not been met so far.<\/p>\n\n\n\n<h4 class=\"wp-block-heading\"><mark style=\"background-color:#FFFFFF;color:#d21414\" class=\"has-inline-color\">MORE TOPICS:<\/mark><\/h4>\n\n\n\n<p><strong><a href=\"https:\/\/serbiantimes.info\/en\/day-of-remembrance-for-the-victims-of-oluja-a-memorial-service-for-the-fallen-was-held-in-the-church-of-saint-mark-in-belgrade\/\" target=\"_blank\" rel=\"noopener\" title=\"\">DAY OF REMEMBRANCE FOR THE VICTIMS OF \u201cOLUJA\u201d: A memorial service for the fallen was held in the Church of Saint Mark in Belgrade!<\/a><\/strong><\/p>\n\n\n\n<p><strong><a href=\"https:\/\/serbiantimes.info\/en\/chicago-doesnt-forget-the-victims-of-oluja-a-full-church-paid-tribute-to-the-fallen-among-them-a-large-number-of-serbs-from-the-refugee-column-photo-video\/\" target=\"_blank\" rel=\"noopener\" title=\"\">CHICAGO DOESN\u2019T FORGET THE VICTIMS OF \u201cOLUJA\u201d: A full church paid tribute to the fallen, among them a large number of Serbs from the refugee column (PHOTO, VIDEO)<\/a><\/strong><\/p>\n\n\n\n<p><strong><a href=\"https:\/\/serbiantimes.info\/en\/police-search-in-progress-a-convicted-serbian-dealer-was-mistakenly-released-from-prison-he-is-armed-and-dangerous\/\" target=\"_blank\" rel=\"noopener\" title=\"\">POLICE SEARCH IN PROGRESS: A convicted Serbian dealer was mistakenly released from prison, \u201che is \u201carmed and dangerous\u201d!<\/a><\/strong><\/p>\n\n\n\n<p><strong><strong>Source<\/strong>:\u00a0<\/strong><a href=\"https:\/\/www.krik.rs\/vucic-pomilovao-devojku-koja-je-automobilom-udarila-studentkinju-na-protestu\/\" target=\"_blank\" rel=\"noopener\" title=\"\">KRIK <\/a>\/ N1, <strong>Photo: <\/strong>Katarina Drajic \/ ATAImages<\/p>\n","protected":false},"excerpt":{"rendered":"<p>Milica Stojanovi\u0107, who hit and seriously injured a student with her car during a protest in Belgrade in January, has been pardoned by a decision of Serbian President Aleksandar Vu\u010di\u0107, KRIK was told by the Third Basic Court. Vu\u010di\u0107 announced this decision last month, and it was the last in a series of good news [&hellip;]<\/p>\n","protected":false},"author":2169,"featured_media":184057,"comment_status":"open","ping_status":"open","sticky":false,"template":"","format":"standard","meta":{"newspack_featured_image_position":"","newspack_post_subtitle":"","newspack_article_summary_title":"Overview:","newspack_article_summary":"","newspack_hide_updated_date":false,"newspack_show_updated_date":false,"footnotes":""},"categories":[7],"tags":[856,3785,253,7940,4822,3094,5389,642,113,2490],"class_list":["post-184056","post","type-post","status-publish","format-standard","has-post-thumbnail","hentry","category-serbia","tag-aleksandar-vucic","tag-automobil","tag-beograd","tag-milica-stojanovic","tag-napad-na-studente","tag-pomilovanje","tag-predsednik-srbije","tag-protest","tag-srbija","tag-studenti","entry"],"aioseo_notices":[],"distributor_meta":false,"distributor_terms":false,"distributor_media":false,"distributor_original_site_name":"Serbiantimes.info EN","distributor_original_site_url":"https:\/\/serbiantimes.info\/en","push-errors":false,"_links":{"self":[{"href":"https:\/\/serbiantimes.info\/en\/wp-json\/wp\/v2\/posts\/184056","targetHints":{"allow":["GET"]}}],"collection":[{"href":"https:\/\/serbiantimes.info\/en\/wp-json\/wp\/v2\/posts"}],"about":[{"href":"https:\/\/serbiantimes.info\/en\/wp-json\/wp\/v2\/types\/post"}],"author":[{"embeddable":true,"href":"https:\/\/serbiantimes.info\/en\/wp-json\/wp\/v2\/users\/2169"}],"replies":[{"embeddable":true,"href":"https:\/\/serbiantimes.info\/en\/wp-json\/wp\/v2\/comments?post=184056"}],"version-history":[{"count":1,"href":"https:\/\/serbiantimes.info\/en\/wp-json\/wp\/v2\/posts\/184056\/revisions"}],"predecessor-version":[{"id":184096,"href":"https:\/\/serbiantimes.info\/en\/wp-json\/wp\/v2\/posts\/184056\/revisions\/184096"}],"wp:featuredmedia":[{"embeddable":true,"href":"https:\/\/serbiantimes.info\/en\/wp-json\/wp\/v2\/media\/184057"}],"wp:attachment":[{"href":"https:\/\/serbiantimes.info\/en\/wp-json\/wp\/v2\/media?parent=184056"}],"wp:term":[{"taxonomy":"category","embeddable":true,"href":"https:\/\/serbiantimes.info\/en\/wp-json\/wp\/v2\/categories?post=184056"},{"taxonomy":"post_tag","embeddable":true,"href":"https:\/\/serbiantimes.info\/en\/wp-json\/wp\/v2\/tags?post=184056"}],"curies":[{"name":"wp","href":"https:\/\/api.w.org\/{rel}","templated":true}]}}