{"id":183514,"date":"2025-07-28T22:21:42","date_gmt":"2025-07-28T20:21:42","guid":{"rendered":"https:\/\/serbiantimes.info\/en\/?p=183514"},"modified":"2025-07-28T22:21:43","modified_gmt":"2025-07-28T20:21:43","slug":"orthodoxy-changed-my-life-dutchman-found-salvation-in-the-serbian-orthodox-church-in-spain","status":"publish","type":"post","link":"https:\/\/serbiantimes.info\/en\/orthodoxy-changed-my-life-dutchman-found-salvation-in-the-serbian-orthodox-church-in-spain\/","title":{"rendered":"&#8220;ORTHODOXY CHANGED MY LIFE&#8221;: Dutchman found salvation in the Serbian Orthodox Church, in Spain!"},"content":{"rendered":"\n<p><strong><em>On his 32nd birthday, Beau from the Netherlands was baptized in a Serbian church in Andalusia and said: &#8220;For the first time in my life, I feel like I am truly living.&#8221;<\/em><\/strong><\/p>\n\n\n\n<p>Far from his native Netherlands, in sunny Andalusia, Dutchman Beau Rulofsen (32), his mother Natalia, as well as his brother Jesse and sister-in-law Loneke, have found their new spiritual path, in the Serbian Orthodox Church!<\/p>\n\n\n\n<p>Seven Spaniards and Dutch people received Orthodoxy on the eve of St. Peter&#8217;s Day in the Church of the Holy Apostles Peter and Paul in the Spanish city of Fuengirola, Malaga province, including Beau and members of his immediate family. This confirms that the Orthodox faith under the wing of the SPC in the heart of Andalusia is slowly but surely finding its way to new believers.<\/p>\n\n\n\n<p>They were baptized by immersion in water on July 12, the very day Beau was celebrating his birthday. Incidentally, St. Peter&#8217;s Day is also celebrated as the patron saint day of the parish in Andalusia, which is part of the Diocese of Western Europe.<\/p>\n\n\n\n<p>-Bio sam veoma sre\u0107an i uzbu\u0111en &#8211; poru\u010dio je ovaj novope\u010deni pravoslavac za Kurir.<\/p>\n\n\n\n<p>&#8220;I was very happy and excited,&#8221; this newfound Orthodox convert told Kurir.<\/p>\n\n\n\n<p>His baptized name is Aleksandar. For him, Orthodoxy is a revelation that, he says, brought him inner peace and a deep connection with a tradition and community that warmly embraced him.<\/p>\n\n\n\n<p>&#8220;Growing up in the Netherlands, I knew nothing about Orthodoxy because it was hidden. It was only when I started traveling outside the country and building a business in Bulgaria and Serbia that I became acquainted with Orthodoxy. And in Orthodoxy, I found peace!&#8221; Beau tells us.<\/p>\n\n\n\n<figure class=\"wp-block-image size-large\"><img loading=\"lazy\" decoding=\"async\" width=\"1024\" height=\"640\" src=\"http:\/\/serbiantimes.info\/wp-content\/uploads\/sites\/2\/2025\/07\/ST-Montaze-47-1024x640.jpg\" alt=\"\" class=\"wp-image-183515\" srcset=\"https:\/\/serbiantimes.info\/en\/wp-content\/uploads\/sites\/2\/2025\/07\/ST-Montaze-47-1024x640.jpg 1024w, https:\/\/serbiantimes.info\/en\/wp-content\/uploads\/sites\/2\/2025\/07\/ST-Montaze-47-300x188.jpg 300w, https:\/\/serbiantimes.info\/en\/wp-content\/uploads\/sites\/2\/2025\/07\/ST-Montaze-47-768x480.jpg 768w, https:\/\/serbiantimes.info\/en\/wp-content\/uploads\/sites\/2\/2025\/07\/ST-Montaze-47-400x250.jpg 400w, https:\/\/serbiantimes.info\/en\/wp-content\/uploads\/sites\/2\/2025\/07\/ST-Montaze-47.jpg 1200w\" sizes=\"auto, (max-width: 1024px) 100vw, 1024px\" \/><\/figure>\n\n\n\n<p>He proudly bears a large cross tattoo on his chest, with religious elements, and above the cross, a symbol composed of the Greek letters Alpha and Omega, which in Christianity symbolizes God as the beginning and end of all things. On the palm of his right hand, there is a cross, a symbol of faith and protection, but it also has a personal symbolism of his spiritual journey.<\/p>\n\n\n\n<p>&#8220;In the Netherlands, as in most European countries, not much is taught about faith and religion. The only thing you sometimes see is Catholic Christianity, but I never felt any connection to it, because my whole idea of faith was the Pope talking to God, and then to you to forgive you, you give money and kiss the ring\u2026 It never made sense to me,&#8221; Beau, or Aleksandar, tells us.<\/p>\n\n\n\n<p>Before converting to Orthodoxy, he appeared in the church, attended services, and expressed a desire to be baptized in a Serbian church on Spanish soil. Many think he is Serbian. Even before his baptism, he adopted the patronage of Saint Basil of Ostrog and celebrated it. He spent a lot of time with Serbs, and his best friend is a Serb from the Netherlands, Filip Kati\u0107.<\/p>\n\n\n\n<p>&#8220;He introduced me to his community and allowed me to learn from their customs and way of life. In the end, he even became my godfather, because he organized my baptism. The baptism was an unreal experience, very emotional for me. I&#8217;m trying to find the right words to describe it, but it&#8217;s difficult. I felt immense gratitude that all these people invested their time and trust in me &#8211; that Filip became my godfather, that the priest gave me his time and blessing, that the whole community allowed me to join it. Maybe it sounds clich\u00e9, but I truly felt like a huge burden fell off me after the baptism. For me, it&#8217;s a new beginning in life. In fact, for the first time, I feel like I&#8217;m actually starting to live. For years I wandered, and now I have finally found meaning.&#8221;<\/p>\n\n\n\n<p>Recall that the existence of the Serbian Orthodox Church in the Serbian language was recorded in the Canary Islands in 2018; Father Du\u0161an served for 16 years in the territory of the Netherlands and Belgium, where he created eight communities, and then he came up with the idea for the Serbian church to establish life on the soil of Andalusia and Valencia. The parish in Andalusia was established a year ago. It is missionary in character, and 300 Serbs live on the coast itself, while Russians and Orthodox Ukrainians have joined the community. This year, they celebrated the patron saint day of the Holy Apostles Peter and Paul for the second time, and the parish was visited by Bishop Justin of Western Europe, Patriarch&#8217;s Vicar Bishop Petar of Toplica, and Abbot of Tuman Monastery Dimitrije Ple\u0107evi\u0107.<\/p>\n\n\n\n<h4 class=\"wp-block-heading\"><mark style=\"background-color:#FFFFFF;color:#d21414\" class=\"has-inline-color\">MORE TOPICS:<\/mark><\/h4>\n\n\n\n<p><strong><a href=\"https:\/\/serbiantimes.info\/en\/serbian-flight-hero-subdued-man-who-shouted-death-to-trump-and-threatened-with-a-bomb-in-the-plane-video\/\" target=\"_blank\" rel=\"noopener\" title=\"\">SERBIAN FLIGHT HERO: Subdued man who shouted \u201cDeath to Trump\u201d and threatened with a bomb in the plane! (VIDEO)<\/a><\/strong><\/p>\n\n\n\n<p><strong><a href=\"https:\/\/serbiantimes.info\/en\/trump-and-von-der-leyen-reached-the-deal-of-the-century-eu-invests-600-billion-buys-american-military-equipment-and-energy-video\/\" target=\"_blank\" rel=\"noopener\" title=\"\">TRUMP AND VON DER LEYEN REACHED THE DEAL OF THE CENTURY: EU invests 600 billion, buys American military equipment and energy! (VIDEO)<\/a><\/strong><\/p>\n\n\n\n<p><strong><a href=\"https:\/\/serbiantimes.info\/en\/surprise-guest-in-dokovics-home-billionaires-father-had-breakfast-with-srdjan-their-pictures-traveled-the-world-foto\/\" target=\"_blank\" rel=\"noopener\" title=\"\">SURPRISE GUEST IN \u0110OKOVI\u0106\u2019S HOME: Billionaire\u2019s father had breakfast with Srdjan, their pictures traveled the world! (FOTO)<\/a><\/strong><\/p>\n\n\n\n<p><strong><a href=\"https:\/\/serbiantimes.info\/en\/trump-received-new-ambassador-of-serbia-sutanovac-handed-over-credentials-in-the-white-house-and-invited-us-president-to-serbia-foto\/\" target=\"_blank\" rel=\"noopener\" title=\"\">TRUMP RECEIVED NEW AMBASSADOR OF SERBIA: \u0160utanovac handed over credentials in the White House and invited US President to Serbia! (FOTO)<\/a><\/strong><\/p>\n\n\n\n<p><strong><a href=\"https:\/\/serbiantimes.info\/en\/all-my-victories-and-defeats-i-experienced-in-this-sport-jokic-cried-after-his-horses-triumph-video\/\" target=\"_blank\" rel=\"noopener\" title=\"\">\u201cALL MY VICTORIES AND DEFEATS I EXPERIENCED IN THIS SPORT\u201d: Joki\u0107 cried after his horse\u2019s triumph! (VIDEO)<\/a><\/strong><\/p>\n\n\n\n<p><strong><a href=\"https:\/\/serbiantimes.info\/en\/angelina-topic-is-balkan-champion-serbian-athlete-won-gold-with-a-heavenly-jump-video\/\" target=\"_blank\" rel=\"noopener\" title=\"\">ANGELINA TOPI\u0106 IS BALKAN CHAMPION: Serbian athlete won gold with a heavenly jump! (VIDEO)<\/a><\/strong><\/p>\n\n\n\n<p><strong>Source<\/strong>: Kurir; <strong>Photo<\/strong>: Hand-out<\/p>\n","protected":false},"excerpt":{"rendered":"<p>On his 32nd birthday, Beau from the Netherlands was baptized in a Serbian church in Andalusia and said: &#8220;For the first time in my life, I feel like I am truly living.&#8221; Far from his native Netherlands, in sunny Andalusia, Dutchman Beau Rulofsen (32), his mother Natalia, as well as his brother Jesse and sister-in-law [&hellip;]<\/p>\n","protected":false},"author":2169,"featured_media":183516,"comment_status":"open","ping_status":"open","sticky":false,"template":"","format":"standard","meta":{"newspack_featured_image_position":"","newspack_post_subtitle":"","newspack_article_summary_title":"Overview:","newspack_article_summary":"","newspack_hide_updated_date":false,"newspack_show_updated_date":false,"footnotes":""},"categories":[5],"tags":[7827,7291,240,1057,1643,2243],"class_list":["post-183514","post","type-post","status-publish","format-standard","has-post-thumbnail","hentry","category-diaspora","tag-beau-rulofsen","tag-holandija","tag-pravoslavlje","tag-spanija-2","tag-srbi-u-spaniji","tag-srpska-pravoslavna-crkva","entry"],"aioseo_notices":[],"distributor_meta":false,"distributor_terms":false,"distributor_media":false,"distributor_original_site_name":"Serbiantimes.info EN","distributor_original_site_url":"https:\/\/serbiantimes.info\/en","push-errors":false,"_links":{"self":[{"href":"https:\/\/serbiantimes.info\/en\/wp-json\/wp\/v2\/posts\/183514","targetHints":{"allow":["GET"]}}],"collection":[{"href":"https:\/\/serbiantimes.info\/en\/wp-json\/wp\/v2\/posts"}],"about":[{"href":"https:\/\/serbiantimes.info\/en\/wp-json\/wp\/v2\/types\/post"}],"author":[{"embeddable":true,"href":"https:\/\/serbiantimes.info\/en\/wp-json\/wp\/v2\/users\/2169"}],"replies":[{"embeddable":true,"href":"https:\/\/serbiantimes.info\/en\/wp-json\/wp\/v2\/comments?post=183514"}],"version-history":[{"count":2,"href":"https:\/\/serbiantimes.info\/en\/wp-json\/wp\/v2\/posts\/183514\/revisions"}],"predecessor-version":[{"id":183521,"href":"https:\/\/serbiantimes.info\/en\/wp-json\/wp\/v2\/posts\/183514\/revisions\/183521"}],"wp:featuredmedia":[{"embeddable":true,"href":"https:\/\/serbiantimes.info\/en\/wp-json\/wp\/v2\/media\/183516"}],"wp:attachment":[{"href":"https:\/\/serbiantimes.info\/en\/wp-json\/wp\/v2\/media?parent=183514"}],"wp:term":[{"taxonomy":"category","embeddable":true,"href":"https:\/\/serbiantimes.info\/en\/wp-json\/wp\/v2\/categories?post=183514"},{"taxonomy":"post_tag","embeddable":true,"href":"https:\/\/serbiantimes.info\/en\/wp-json\/wp\/v2\/tags?post=183514"}],"curies":[{"name":"wp","href":"https:\/\/api.w.org\/{rel}","templated":true}]}}