{"id":183468,"date":"2025-07-28T20:22:04","date_gmt":"2025-07-28T18:22:04","guid":{"rendered":"https:\/\/serbiantimes.info\/en\/?p=183468"},"modified":"2025-07-28T20:22:05","modified_gmt":"2025-07-28T18:22:05","slug":"memory-of-the-young-hero-from-leskovac-rados-cerovic-died-on-kosare-at-19-years-old-instead-of-dif-he-chose-his-homeland","status":"publish","type":"post","link":"https:\/\/serbiantimes.info\/en\/memory-of-the-young-hero-from-leskovac-rados-cerovic-died-on-kosare-at-19-years-old-instead-of-dif-he-chose-his-homeland\/","title":{"rendered":"MEMORY OF THE YOUNG HERO FROM LESKOVAC: Rado\u0161 Cerovi\u0107 died on Ko\u0161are at 19 years old, instead of DIF he chose his homeland!"},"content":{"rendered":"\n<p><strong><em>Rado\u0161 Cerovi\u0107 from Leskovac had a bright future ahead of him; even as a fresh-faced youth, he was considered one of FK Dubo\u010dica&#8217;s best players, loved and adored, and had enrolled in university. But fate had other plans. He died on this day in 1998 at barely 20 years old and became a legend.<\/em><\/strong><\/p>\n\n\n\n<p>Rado\u0161 Cerovi\u0107 was born in Leskovac, where he also finished high school, but he was involved in sports from childhood. He began playing for FK Dubo\u010dica in the youth category, then with the junior team, and later the senior team. He played as a center-half, a defensive player.<\/p>\n\n\n\n<p>&#8220;Football and sports were his great love from a young age until his death,&#8221; his two-year older brother Bojan Cerovi\u0107 tells Jugmedia, a brother who was his role model in something else, as it would later turn out.<\/p>\n\n\n\n<p>Twenty-four years have passed since the tragic death of Rado\u0161 Cerovi\u0107, and few remember which league Dubo\u010dica was in during Rado\u0161 Cerovi\u0107&#8217;s career. His brother believes that the younger generation Rado\u0161 played in was very successful.<\/p>\n\n\n\n<p>When he turned 19, Rado\u0161 went for his regular military service. From the army, he passed the entrance exam for DIF (Faculty of Physical Education and Sports) in Belgrade, but he never got to be a freshman.<\/p>\n\n\n\n<p>&#8220;I was a paratrooper in the army, so he also wanted to continue the tradition. He served his military service in the legendary 63rd Parachute Brigade,&#8221; his older brother continues the story.<\/p>\n\n\n\n<p>That year, 1998, was very turbulent in Kosovo and Metohija, where this brigade was stationed. Although undeclared, a war was being waged against Albanian terrorists. There was shooting, and both the Serbian population and the regular state army were attacked.<\/p>\n\n\n\n<p>&#8220;My brother died on July 28, 1998, in the area of the Ko\u0161are outpost during the extraction of Lieutenant Colonel Goran Ostoji\u0107, commander of the 63rd Parachute Brigade, who was killed in an ambush,&#8221; he recalls.<\/p>\n\n\n\n<p>At that time, in addition to Ostoji\u0107 and Rado\u0161, First Class Sergeants Dragan Du\u0161ani\u0107 and Sr\u0111an Stan\u010deti\u0107 also died, but Rado\u0161 Cerovi\u0107 was the youngest soldier from Leskovac who laid down his life at Ko\u0161are on the altar of his Serbian homeland and inscribed his name among the heroes of his hometown.<\/p>\n\n\n\n<p>&#8220;The city of Ni\u0161, at the suggestion of veterans of the 63rd Parachute Brigade, named a street after my late brother,&#8221; says Bojan.<\/p>\n\n\n\n<p>Although as a nation we have short memories, Rado\u0161 still lives in the minds and hearts of his loved ones and his teammates from FK Dubo\u010dica, especially in the hearts of his wartime comrades.<\/p>\n\n\n\n<p>His entire 63rd Parachute Brigade attended the funeral. It was a sad event with an unprecedented number of people present at that time. There were also footballers and friends with whom he grew up. Even today, at every memorial service, when we relive painful memories, his wartime comrades are present,&#8221; says brother Bojan, whose voice trembled at times as our call and request for an interview brought him back to the days before and after the tragedy.<\/p>\n\n\n\n<p>He says everything is hazy from the moment he saw soldiers with sad faces at the door.<\/p>\n\n\n\n<p>&#8220;I was at home with my late grandmother Novka when they told me Rado\u0161 had died. The first feeling was disbelief, followed by emotions that cannot be described even today, after 24 years. I no longer remember how our parents, Divna and Dragoje, were informed. It seems to me that the army informed them at work as well,&#8221; he recalls, his voice occasionally trembling.<\/p>\n\n\n\n<p>Bojan also didn&#8217;t get to talk to his brother about the situation in Kosovo because he was studying in Belgrade at the time. Everything he knows is from the stories of Rado\u0161&#8217;s wartime comrades.<\/p>\n\n\n\n<p>&#8220;From what his friends told me, I don&#8217;t think he was afraid; in fact, he even encouraged others. In that heroic and legendary 63rd Parachute Brigade, there is no place for fear anyway.&#8221;<\/p>\n\n\n\n<h4 class=\"wp-block-heading\"><mark style=\"background-color:#FFFFFF;color:#d21414\" class=\"has-inline-color\">MORE TOPICS:<\/mark><\/h4>\n\n\n\n<p><strong><a href=\"https:\/\/serbiantimes.info\/en\/serbian-flight-hero-subdued-man-who-shouted-death-to-trump-and-threatened-with-a-bomb-in-the-plane-video\/\" target=\"_blank\" rel=\"noopener\" title=\"\">SERBIAN FLIGHT HERO: Subdued man who shouted \u201cDeath to Trump\u201d and threatened with a bomb in the plane! (VIDEO)<\/a><\/strong><\/p>\n\n\n\n<p><strong><a href=\"https:\/\/serbiantimes.info\/en\/trump-and-von-der-leyen-reached-the-deal-of-the-century-eu-invests-600-billion-buys-american-military-equipment-and-energy-video\/\" target=\"_blank\" rel=\"noopener\" title=\"\">TRUMP AND VON DER LEYEN REACHED THE DEAL OF THE CENTURY: EU invests 600 billion, buys American military equipment and energy! (VIDEO)<\/a><\/strong><\/p>\n\n\n\n<p><strong><a href=\"https:\/\/serbiantimes.info\/en\/surprise-guest-in-dokovics-home-billionaires-father-had-breakfast-with-srdjan-their-pictures-traveled-the-world-foto\/\" target=\"_blank\" rel=\"noopener\" title=\"\">SURPRISE GUEST IN \u0110OKOVI\u0106\u2019S HOME: Billionaire\u2019s father had breakfast with Srdjan, their pictures traveled the world! (FOTO)<\/a><\/strong><\/p>\n\n\n\n<p><strong><a href=\"https:\/\/serbiantimes.info\/en\/trump-received-new-ambassador-of-serbia-sutanovac-handed-over-credentials-in-the-white-house-and-invited-us-president-to-serbia-foto\/\" target=\"_blank\" rel=\"noopener\" title=\"\">TRUMP RECEIVED NEW AMBASSADOR OF SERBIA: \u0160utanovac handed over credentials in the White House and invited US President to Serbia! (FOTO)<\/a><\/strong><\/p>\n\n\n\n<p><strong><a href=\"https:\/\/serbiantimes.info\/en\/all-my-victories-and-defeats-i-experienced-in-this-sport-jokic-cried-after-his-horses-triumph-video\/\" target=\"_blank\" rel=\"noopener\" title=\"\">\u201cALL MY VICTORIES AND DEFEATS I EXPERIENCED IN THIS SPORT\u201d: Joki\u0107 cried after his horse\u2019s triumph! (VIDEO)<\/a><\/strong><\/p>\n\n\n\n<p><strong><a href=\"https:\/\/serbiantimes.info\/en\/angelina-topic-is-balkan-champion-serbian-athlete-won-gold-with-a-heavenly-jump-video\/\" target=\"_blank\" rel=\"noopener\" title=\"\">ANGELINA TOPI\u0106 IS BALKAN CHAMPION: Serbian athlete won gold with a heavenly jump! (VIDEO)<\/a><\/strong><\/p>\n\n\n\n<p><strong><strong>Source<\/strong>: <\/strong>Telegraf.rs,\u00a0<strong>Photo:<\/strong> Jugmedia<\/p>\n","protected":false},"excerpt":{"rendered":"<p>Rado\u0161 Cerovi\u0107 from Leskovac had a bright future ahead of him; even as a fresh-faced youth, he was considered one of FK Dubo\u010dica&#8217;s best players, loved and adored, and had enrolled in university. But fate had other plans. He died on this day in 1998 at barely 20 years old and became a legend. Rado\u0161 [&hellip;]<\/p>\n","protected":false},"author":2169,"featured_media":183469,"comment_status":"open","ping_status":"open","sticky":false,"template":"","format":"standard","meta":{"newspack_featured_image_position":"","newspack_post_subtitle":"","newspack_article_summary_title":"Overview:","newspack_article_summary":"","newspack_hide_updated_date":false,"newspack_show_updated_date":false,"footnotes":""},"categories":[11],"tags":[2299,107,109,820,7820,7821,113],"class_list":["post-183468","post","type-post","status-publish","format-standard","has-post-thumbnail","hentry","category-history","tag-heroj-sa-kosara","tag-kim","tag-kosovo-i-metohija","tag-leskovac","tag-otadzbina","tag-rados-cerovic","tag-srbija","entry"],"aioseo_notices":[],"distributor_meta":false,"distributor_terms":false,"distributor_media":false,"distributor_original_site_name":"Serbiantimes.info EN","distributor_original_site_url":"https:\/\/serbiantimes.info\/en","push-errors":false,"_links":{"self":[{"href":"https:\/\/serbiantimes.info\/en\/wp-json\/wp\/v2\/posts\/183468","targetHints":{"allow":["GET"]}}],"collection":[{"href":"https:\/\/serbiantimes.info\/en\/wp-json\/wp\/v2\/posts"}],"about":[{"href":"https:\/\/serbiantimes.info\/en\/wp-json\/wp\/v2\/types\/post"}],"author":[{"embeddable":true,"href":"https:\/\/serbiantimes.info\/en\/wp-json\/wp\/v2\/users\/2169"}],"replies":[{"embeddable":true,"href":"https:\/\/serbiantimes.info\/en\/wp-json\/wp\/v2\/comments?post=183468"}],"version-history":[{"count":1,"href":"https:\/\/serbiantimes.info\/en\/wp-json\/wp\/v2\/posts\/183468\/revisions"}],"predecessor-version":[{"id":183495,"href":"https:\/\/serbiantimes.info\/en\/wp-json\/wp\/v2\/posts\/183468\/revisions\/183495"}],"wp:featuredmedia":[{"embeddable":true,"href":"https:\/\/serbiantimes.info\/en\/wp-json\/wp\/v2\/media\/183469"}],"wp:attachment":[{"href":"https:\/\/serbiantimes.info\/en\/wp-json\/wp\/v2\/media?parent=183468"}],"wp:term":[{"taxonomy":"category","embeddable":true,"href":"https:\/\/serbiantimes.info\/en\/wp-json\/wp\/v2\/categories?post=183468"},{"taxonomy":"post_tag","embeddable":true,"href":"https:\/\/serbiantimes.info\/en\/wp-json\/wp\/v2\/tags?post=183468"}],"curies":[{"name":"wp","href":"https:\/\/api.w.org\/{rel}","templated":true}]}}