{"id":183461,"date":"2025-07-28T20:22:06","date_gmt":"2025-07-28T18:22:06","guid":{"rendered":"https:\/\/serbiantimes.info\/en\/?p=183461"},"modified":"2025-07-28T20:22:07","modified_gmt":"2025-07-28T18:22:07","slug":"great-success-of-serbian-students-in-paris-won-two-silver-medals-at-the-international-physical-olympiad-foto","status":"publish","type":"post","link":"https:\/\/serbiantimes.info\/en\/great-success-of-serbian-students-in-paris-won-two-silver-medals-at-the-international-physical-olympiad-foto\/","title":{"rendered":"GREAT SUCCESS OF SERBIAN STUDENTS IN PARIS: Won two silver medals at the International Physical Olympiad! (FOTO)"},"content":{"rendered":"\n<p><strong><em>At the 55th International Physics Olympiad (IPhO) in Paris, the Serbian team achieved exceptional success by winning two silver medals and two honorable mentions.<\/em><\/strong><\/p>\n\n\n\n<p>The Olympiad was held from July 18 to 24, 2025, and more than 440 competitors from over 90 countries participated.<\/p>\n\n\n\n<p>Andrej Drobnjakovi\u0107 and Janko Popovi\u0107, students of the Mathematical High School in Belgrade, won the silver medals.<\/p>\n\n\n\n<figure class=\"wp-block-image size-full is-resized\"><img loading=\"lazy\" decoding=\"async\" width=\"432\" height=\"768\" src=\"http:\/\/serbiantimes.info\/wp-content\/uploads\/sites\/2\/2025\/07\/image-8.png\" alt=\"\" class=\"wp-image-183462\" style=\"width:810px;height:auto\" srcset=\"https:\/\/serbiantimes.info\/en\/wp-content\/uploads\/sites\/2\/2025\/07\/image-8.png 432w, https:\/\/serbiantimes.info\/en\/wp-content\/uploads\/sites\/2\/2025\/07\/image-8-169x300.png 169w, https:\/\/serbiantimes.info\/en\/wp-content\/uploads\/sites\/2\/2025\/07\/image-8-400x711.png 400w\" sizes=\"auto, (max-width: 432px) 100vw, 432px\" \/><\/figure>\n\n\n\n<p>Nikola Ne\u0161ovi\u0107, a student of the First Kragujevac High School in Kragujevac, and Du\u0161an Lazi\u0107, a student of the High School in Kraljevo, received honorable mentions.<\/p>\n\n\n\n<p>Veljko Ad\u017ei\u0107, a student of the Computer Science High School in Belgrade, also participated in the competition.<\/p>\n\n\n\n<figure class=\"wp-block-image size-full is-resized\"><img loading=\"lazy\" decoding=\"async\" width=\"576\" height=\"768\" src=\"http:\/\/serbiantimes.info\/wp-content\/uploads\/sites\/2\/2025\/07\/image-9.png\" alt=\"\" class=\"wp-image-183463\" style=\"width:810px;height:auto\" srcset=\"https:\/\/serbiantimes.info\/en\/wp-content\/uploads\/sites\/2\/2025\/07\/image-9.png 576w, https:\/\/serbiantimes.info\/en\/wp-content\/uploads\/sites\/2\/2025\/07\/image-9-225x300.png 225w, https:\/\/serbiantimes.info\/en\/wp-content\/uploads\/sites\/2\/2025\/07\/image-9-450x600.png 450w, https:\/\/serbiantimes.info\/en\/wp-content\/uploads\/sites\/2\/2025\/07\/image-9-300x400.png 300w, https:\/\/serbiantimes.info\/en\/wp-content\/uploads\/sites\/2\/2025\/07\/image-9-150x200.png 150w, https:\/\/serbiantimes.info\/en\/wp-content\/uploads\/sites\/2\/2025\/07\/image-9-400x533.png 400w\" sizes=\"auto, (max-width: 576px) 100vw, 576px\" \/><\/figure>\n\n\n\n<p>The students prepared for the competition as part of intensive preparations organized by the Serbian Physical Society, which were carried out at the Institute of Physics in Belgrade.<\/p>\n\n\n\n<p>The team leaders were Dr. Imre Gut, full professor at the Faculty of Sciences, University of Novi Sad, and Dr. Vladimir Markovi\u0107, associate professor at the Faculty of Sciences, University of Kragujevac.<\/p>\n\n\n\n<h4 class=\"wp-block-heading\"><mark style=\"background-color:#FFFFFF;color:#d21414\" class=\"has-inline-color\">MORE TOPICS:<\/mark><\/h4>\n\n\n\n<p><strong><a href=\"https:\/\/serbiantimes.info\/en\/serbian-flight-hero-subdued-man-who-shouted-death-to-trump-and-threatened-with-a-bomb-in-the-plane-video\/\" target=\"_blank\" rel=\"noopener\" title=\"\">SERBIAN FLIGHT HERO: Subdued man who shouted \u201cDeath to Trump\u201d and threatened with a bomb in the plane! (VIDEO)<\/a><\/strong><\/p>\n\n\n\n<p><strong><a href=\"https:\/\/serbiantimes.info\/en\/trump-and-von-der-leyen-reached-the-deal-of-the-century-eu-invests-600-billion-buys-american-military-equipment-and-energy-video\/\" target=\"_blank\" rel=\"noopener\" title=\"\">TRUMP AND VON DER LEYEN REACHED THE DEAL OF THE CENTURY: EU invests 600 billion, buys American military equipment and energy! (VIDEO)<\/a><\/strong><\/p>\n\n\n\n<p><strong><a href=\"https:\/\/serbiantimes.info\/en\/surprise-guest-in-dokovics-home-billionaires-father-had-breakfast-with-srdjan-their-pictures-traveled-the-world-foto\/\" target=\"_blank\" rel=\"noopener\" title=\"\">SURPRISE GUEST IN \u0110OKOVI\u0106\u2019S HOME: Billionaire\u2019s father had breakfast with Srdjan, their pictures traveled the world! (FOTO)<\/a><\/strong><\/p>\n\n\n\n<p><strong><a href=\"https:\/\/serbiantimes.info\/en\/trump-received-new-ambassador-of-serbia-sutanovac-handed-over-credentials-in-the-white-house-and-invited-us-president-to-serbia-foto\/\" target=\"_blank\" rel=\"noopener\" title=\"\">TRUMP RECEIVED NEW AMBASSADOR OF SERBIA: \u0160utanovac handed over credentials in the White House and invited US President to Serbia! (FOTO)<\/a><\/strong><\/p>\n\n\n\n<p><strong><a href=\"https:\/\/serbiantimes.info\/en\/all-my-victories-and-defeats-i-experienced-in-this-sport-jokic-cried-after-his-horses-triumph-video\/\" target=\"_blank\" rel=\"noopener\" title=\"\">\u201cALL MY VICTORIES AND DEFEATS I EXPERIENCED IN THIS SPORT\u201d: Joki\u0107 cried after his horse\u2019s triumph! (VIDEO)<\/a><\/strong><\/p>\n\n\n\n<p><strong><a href=\"https:\/\/serbiantimes.info\/en\/angelina-topic-is-balkan-champion-serbian-athlete-won-gold-with-a-heavenly-jump-video\/\" target=\"_blank\" rel=\"noopener\" title=\"\">ANGELINA TOPI\u0106 IS BALKAN CHAMPION: Serbian athlete won gold with a heavenly jump! (VIDEO)<\/a><\/strong><\/p>\n\n\n\n<p><strong>Source:\u00a0<\/strong>RTS, <strong>Photo:<\/strong> mg.edu.rs<\/p>\n","protected":false},"excerpt":{"rendered":"<p>At the 55th International Physics Olympiad (IPhO) in Paris, the Serbian team achieved exceptional success by winning two silver medals and two honorable mentions. The Olympiad was held from July 18 to 24, 2025, and more than 440 competitors from over 90 countries participated. Andrej Drobnjakovi\u0107 and Janko Popovi\u0107, students of the Mathematical High School [&hellip;]<\/p>\n","protected":false},"author":2169,"featured_media":183464,"comment_status":"open","ping_status":"open","sticky":false,"template":"","format":"standard","meta":{"newspack_featured_image_position":"","newspack_post_subtitle":"","newspack_article_summary_title":"Overview:","newspack_article_summary":"","newspack_hide_updated_date":false,"newspack_show_updated_date":false,"footnotes":""},"categories":[7],"tags":[615,7817,423,394,113,5046,1064,4003],"class_list":["post-183461","post","type-post","status-publish","format-standard","has-post-thumbnail","hentry","category-serbia","tag-medalje","tag-medjunarodna-fizicka-olimpijada","tag-obrazovanje","tag-pariz","tag-srbija","tag-srpski-ucenici","tag-uspeh","tag-znanje","entry"],"aioseo_notices":[],"distributor_meta":false,"distributor_terms":false,"distributor_media":false,"distributor_original_site_name":"Serbiantimes.info EN","distributor_original_site_url":"https:\/\/serbiantimes.info\/en","push-errors":false,"_links":{"self":[{"href":"https:\/\/serbiantimes.info\/en\/wp-json\/wp\/v2\/posts\/183461","targetHints":{"allow":["GET"]}}],"collection":[{"href":"https:\/\/serbiantimes.info\/en\/wp-json\/wp\/v2\/posts"}],"about":[{"href":"https:\/\/serbiantimes.info\/en\/wp-json\/wp\/v2\/types\/post"}],"author":[{"embeddable":true,"href":"https:\/\/serbiantimes.info\/en\/wp-json\/wp\/v2\/users\/2169"}],"replies":[{"embeddable":true,"href":"https:\/\/serbiantimes.info\/en\/wp-json\/wp\/v2\/comments?post=183461"}],"version-history":[{"count":2,"href":"https:\/\/serbiantimes.info\/en\/wp-json\/wp\/v2\/posts\/183461\/revisions"}],"predecessor-version":[{"id":183496,"href":"https:\/\/serbiantimes.info\/en\/wp-json\/wp\/v2\/posts\/183461\/revisions\/183496"}],"wp:featuredmedia":[{"embeddable":true,"href":"https:\/\/serbiantimes.info\/en\/wp-json\/wp\/v2\/media\/183464"}],"wp:attachment":[{"href":"https:\/\/serbiantimes.info\/en\/wp-json\/wp\/v2\/media?parent=183461"}],"wp:term":[{"taxonomy":"category","embeddable":true,"href":"https:\/\/serbiantimes.info\/en\/wp-json\/wp\/v2\/categories?post=183461"},{"taxonomy":"post_tag","embeddable":true,"href":"https:\/\/serbiantimes.info\/en\/wp-json\/wp\/v2\/tags?post=183461"}],"curies":[{"name":"wp","href":"https:\/\/api.w.org\/{rel}","templated":true}]}}